{"id":22128,"date":"2025-05-28T14:39:53","date_gmt":"2025-05-28T14:39:53","guid":{"rendered":"http:\/\/guncelozturk.prdioweb.com\/nicht-kategorisiert\/wann-ist-der-beste-zeitpunkt-fuer-eine-nasenkorrektur\/"},"modified":"2025-09-12T12:49:30","modified_gmt":"2025-09-12T12:49:30","slug":"wann-ist-der-beste-zeitpunkt-fuer-eine-nasenkorrektur","status":"publish","type":"post","link":"https:\/\/www.guncelozturk.com\/de\/wann-ist-der-beste-zeitpunkt-fuer-eine-nasenkorrektur\/","title":{"rendered":"Wann ist der beste Zeitpunkt f\u00fcr eine Nasenkorrektur?"},"content":{"rendered":"\t\t<div data-elementor-type=\"wp-post\" data-elementor-id=\"22128\" class=\"elementor elementor-22128 elementor-14401\" data-elementor-post-type=\"post\">\n\t\t\t\t<div class=\"elementor-element elementor-element-62269e9 e-flex e-con-boxed e-con e-parent\" data-id=\"62269e9\" data-element_type=\"container\" data-e-type=\"container\">\n\t\t\t\t\t<div class=\"e-con-inner\">\n\t\t<div class=\"elementor-element elementor-element-e60f737 e-con-full bg-section v2 e-flex e-con e-child\" data-id=\"e60f737\" data-element_type=\"container\" data-e-type=\"container\" data-settings=\"{&quot;background_background&quot;:&quot;classic&quot;}\">\n\t\t<div class=\"elementor-element elementor-element-08296e3 e-con-full e-flex e-con e-child\" data-id=\"08296e3\" data-element_type=\"container\" data-e-type=\"container\">\n\t\t\t\t<div class=\"elementor-element elementor-element-2795599 elementor-invisible elementor-widget elementor-widget-text-editor\" data-id=\"2795599\" data-element_type=\"widget\" data-e-type=\"widget\" data-settings=\"{&quot;_animation&quot;:&quot;fadeInUp&quot;,&quot;ekit_we_effect_on&quot;:&quot;none&quot;}\" data-widget_type=\"text-editor.default\">\n\t\t\t\t<div class=\"elementor-widget-container\">\n\t\t\t\t\t\t\t\t\t<p class=\"\" data-start=\"141\" data-end=\"452\">Als Sch\u00f6nheitschirurg ist eine der h\u00e4ufigsten Fragen, die mir Patienten stellen, die eine Nasenkorrektur in Betracht ziehen, folgende:<br data-start=\"238\" data-end=\"241\"><strong data-start=\"241\" data-end=\"292\">\u201eWann ist der beste Zeitpunkt f\u00fcr eine <a href=\"https:\/\/www.guncelozturk.com\/de\/aesthetik-der-nase\/\">Nasenkorrektur<\/a>?\u201c<\/strong><br data-start=\"292\" data-end=\"295\">Die Wahl des richtigen Zeitpunkts ist genauso wichtig wie die Wahl des richtigen Chirurgen. Denn beide Entscheidungen haben einen gro\u00dfen Einfluss auf das Ergebnis der Operation und Ihre allgemeine Zufriedenheit mit dem Ablauf. <\/p><p class=\"\" data-start=\"454\" data-end=\"616\">Nun wollen wir uns die Faktoren, die den \u201eidealen\u201c Zeitpunkt f\u00fcr eine Nasenkorrektur bestimmen, genauer ansehen und dar\u00fcber sprechen, wie Sie diesen lebensver\u00e4ndernden Eingriff sicher planen k\u00f6nnen.<\/p>\t\t\t\t\t\t\t\t<\/div>\n\t\t\t\t<\/div>\n\t\t<div class=\"elementor-element elementor-element-a99157c e-con-full e-flex e-con e-child\" data-id=\"a99157c\" data-element_type=\"container\" data-e-type=\"container\" data-settings=\"{&quot;background_background&quot;:&quot;classic&quot;}\">\n\t\t\t\t<div class=\"elementor-element elementor-element-05276e8 at-image-animation at-animation-image-none elementor-widget elementor-widget-image\" data-id=\"05276e8\" data-element_type=\"widget\" data-e-type=\"widget\" data-settings=\"{&quot;ekit_we_effect_on&quot;:&quot;none&quot;}\" data-widget_type=\"image.default\">\n\t\t\t\t<div class=\"elementor-widget-container\">\n\t\t\t\t\t\t\t\t\t\t\t\t\t\t\t<img decoding=\"async\" src=\"https:\/\/www.guncelozturk.com\/wp-content\/uploads\/elementor\/thumbs\/SaveClip.App_491452685_18513506245009544_8605493177019708376_n-1024x1024-1-r8r9ujzg4xmzo0okalquhpkdmygcqwvgepo6zn6274.webp\" title=\"SaveClip.App_491452685_18513506245009544_8605493177019708376_n-1024&#215;1024\" alt=\"SaveClip.App_491452685_18513506245009544_8605493177019708376_n-1024x1024\" loading=\"lazy\" \/>\t\t\t\t\t\t\t\t\t\t\t\t\t\t\t<\/div>\n\t\t\t\t<\/div>\n\t\t\t\t<\/div>\n\t\t\t\t<\/div>\n\t\t\t\t<\/div>\n\t\t<div class=\"elementor-element elementor-element-9305bf6 e-con-full bg-section v2 e-flex e-con e-child\" data-id=\"9305bf6\" data-element_type=\"container\" data-e-type=\"container\" data-settings=\"{&quot;background_background&quot;:&quot;classic&quot;}\">\n\t\t<div class=\"elementor-element elementor-element-da222db e-con-full e-flex e-con e-child\" data-id=\"da222db\" data-element_type=\"container\" data-e-type=\"container\">\n\t\t\t\t<div class=\"elementor-element elementor-element-2c66c78 at-heading-animation at-animation-heading-style-3 elementor-widget elementor-widget-heading\" data-id=\"2c66c78\" data-element_type=\"widget\" data-e-type=\"widget\" data-settings=\"{&quot;ekit_we_effect_on&quot;:&quot;none&quot;}\" data-widget_type=\"heading.default\">\n\t\t\t\t<div class=\"elementor-widget-container\">\n\t\t\t\t\t<h3 class=\"elementor-heading-title elementor-size-default\">H\u00f6ren Sie nicht auf den Kalender, sondern auf Ihren Lebensrhythmus\n<\/h3>\t\t\t\t<\/div>\n\t\t\t\t<\/div>\n\t\t\t\t<div class=\"elementor-element elementor-element-ea145f4 elementor-invisible elementor-widget elementor-widget-text-editor\" data-id=\"ea145f4\" data-element_type=\"widget\" data-e-type=\"widget\" data-settings=\"{&quot;_animation&quot;:&quot;fadeInUp&quot;,&quot;ekit_we_effect_on&quot;:&quot;none&quot;}\" data-widget_type=\"text-editor.default\">\n\t\t\t\t<div class=\"elementor-widget-container\">\n\t\t\t\t\t\t\t\t\t<p class=\"\" data-start=\"666\" data-end=\"956\">Eine Nasenkorrektur kann technisch gesehen zu jeder Jahreszeit durchgef\u00fc<strong data-start=\"743\" data-end=\"759\">hrt werden.<\/strong> Der beste Zeitpunkt ist jedoch dann, wenn Sie sich k\u00f6rperlich erholen, mental vorbereiten und sozial flexibel sein k\u00f6nnen. In den ersten ein bis zwei Monaten nach der Operation sollten Sie keine wichtigen Veranstaltungen, Hochzeiten oder beruflichen Verpflichtungen haben.  <\/p><p class=\"\" data-start=\"958\" data-end=\"1234\">Nach einer Nasenkorrektur sind die k\u00f6rperlichen Beschwerden f\u00fcr die meisten Patienten minimal, es kann jedoch zu Schwellungen, Empfindlichkeit und kleinen Einschr\u00e4nkungen im Alltag kommen. Deshalb sollten Sie Ihrem K\u00f6rper und Geist die M\u00f6glichkeit geben, sich in Ruhe zu erholen, ohne Stressphasen oder Termine, die Ihnen bevorstehen. <\/p>\t\t\t\t\t\t\t\t<\/div>\n\t\t\t\t<\/div>\n\t\t\t\t<\/div>\n\t\t\t\t<\/div>\n\t\t<div class=\"elementor-element elementor-element-ea36163 e-con-full bg-section v2 e-flex e-con e-child\" data-id=\"ea36163\" data-element_type=\"container\" data-e-type=\"container\" data-settings=\"{&quot;background_background&quot;:&quot;classic&quot;}\">\n\t\t<div class=\"elementor-element elementor-element-cd27448 e-con-full e-flex e-con e-child\" data-id=\"cd27448\" data-element_type=\"container\" data-e-type=\"container\">\n\t\t\t\t<div class=\"elementor-element elementor-element-1b0b9c7 at-heading-animation at-animation-heading-style-3 elementor-widget elementor-widget-heading\" data-id=\"1b0b9c7\" data-element_type=\"widget\" data-e-type=\"widget\" data-settings=\"{&quot;ekit_we_effect_on&quot;:&quot;none&quot;}\" data-widget_type=\"heading.default\">\n\t\t\t\t<div class=\"elementor-widget-container\">\n\t\t\t\t\t<h3 class=\"elementor-heading-title elementor-size-default\">Mehr als die Jahreszeit ist die mentale Vorbereitung wichtig.\n<\/h3>\t\t\t\t<\/div>\n\t\t\t\t<\/div>\n\t\t\t\t<div class=\"elementor-element elementor-element-3cdd8dd elementor-invisible elementor-widget elementor-widget-text-editor\" data-id=\"3cdd8dd\" data-element_type=\"widget\" data-e-type=\"widget\" data-settings=\"{&quot;_animation&quot;:&quot;fadeInUp&quot;,&quot;ekit_we_effect_on&quot;:&quot;none&quot;}\" data-widget_type=\"text-editor.default\">\n\t\t\t\t<div class=\"elementor-widget-container\">\n\t\t\t\t\t\t\t\t\t<p class=\"\" data-start=\"1284\" data-end=\"1600\">Eine Nasenkorrektur ist nicht nur eine k\u00f6rperliche Ver\u00e4nderung, sondern auch eine emotionale Reise. Deshalb<strong data-start=\"1401\" data-end=\"1437\"> empfehle ich meinen Patienten,<\/strong> sich in einer ruhigen und ausgeglichenen Gem\u00fctsverfassung zu befinden, bevor sie sich einer Operation unterziehen. Vermeiden Sie es, eine Operation zu planen, wenn Sie sich in einer emotional stressigen Phase befinden, wichtige Ver\u00e4nderungen in Ihrem Leben durchlaufen oder unter dem Druck anderer stehen.  <\/p><p class=\"\" data-start=\"1602\" data-end=\"1779\">Diese Entscheidung muss ganz allein von Ihnen getroffen werden und darf nicht von \u00e4u\u00dferen Einfl\u00fcssen beeinflusst werden. Wenn Sie mental bereit sind, k\u00f6nnen Sie die Operation und den Genesungsprozess klarer, geduldiger und ausdauernder durchlaufen. <\/p>\t\t\t\t\t\t\t\t<\/div>\n\t\t\t\t<\/div>\n\t\t\t\t<\/div>\n\t\t\t\t<\/div>\n\t\t<div class=\"elementor-element elementor-element-4c24298 e-con-full bg-section v2 e-flex e-con e-child\" data-id=\"4c24298\" data-element_type=\"container\" data-e-type=\"container\" data-settings=\"{&quot;background_background&quot;:&quot;classic&quot;}\">\n\t\t<div class=\"elementor-element elementor-element-b0090c4 e-con-full e-flex e-con e-child\" data-id=\"b0090c4\" data-element_type=\"container\" data-e-type=\"container\">\n\t\t\t\t<div class=\"elementor-element elementor-element-6d4ced2 at-heading-animation at-animation-heading-style-3 elementor-widget elementor-widget-heading\" data-id=\"6d4ced2\" data-element_type=\"widget\" data-e-type=\"widget\" data-settings=\"{&quot;ekit_we_effect_on&quot;:&quot;none&quot;}\" data-widget_type=\"heading.default\">\n\t\t\t\t<div class=\"elementor-widget-container\">\n\t\t\t\t\t<h3 class=\"elementor-heading-title elementor-size-default\">Planen Sie den Genesungsprozess entsprechend Ihrem Lebensstil\n<\/h3>\t\t\t\t<\/div>\n\t\t\t\t<\/div>\n\t\t\t\t<div class=\"elementor-element elementor-element-89c5aaa elementor-invisible elementor-widget elementor-widget-text-editor\" data-id=\"89c5aaa\" data-element_type=\"widget\" data-e-type=\"widget\" data-settings=\"{&quot;_animation&quot;:&quot;fadeInUp&quot;,&quot;ekit_we_effect_on&quot;:&quot;none&quot;}\" data-widget_type=\"text-editor.default\">\n\t\t\t\t<div class=\"elementor-widget-container\">\n\t\t\t\t\t\t\t\t\t<p class=\"\" data-start=\"1830\" data-end=\"2103\">Einer der Vorteile der Nasenkorrektur ist, dass Sie nicht monatelang aus Ihrem normalen Alltag aussteigen m\u00fcssen. Die meisten Patienten kehren innerhalb von 1\u20132 Wochen zu ihrer Arbeit und ihren t\u00e4glichen Aktivit\u00e4ten zur\u00fcck. Dennoch ist es wichtig, einen Zeitraum einzuplanen, in dem Sie sich ausruhen und sich aus dem sozialen Umfeld zur\u00fcckziehen k\u00f6nnen.  <\/p><p class=\"\" data-start=\"2105\" data-end=\"2325\">Wenn Sie eine wichtige Feier, einen Fotoshooting oder eine \u00f6ffentliche Veranstaltung planen, sollten Sie Ihren Eingriff mindestens 6-8 Wochen im Voraus planen. Auch wenn Ihre Nase innerhalb weniger Wochen ein nat\u00fcrliches Aussehen annimmt, kann es Monate dauern, bis sich insbesondere die Nasenspitze vollst\u00e4ndig geformt hat. <\/p><p class=\"\" data-start=\"2327\" data-end=\"2564\">Ber\u00fccksichtigen Sie auch Faktoren wie Sonneneinstrahlung. Wenn Sie beispielsweise im Urlaub viel Zeit am Strand verbringen m\u00f6chten, empfiehlt es sich, die Operation nach der Reise oder fr\u00fch genug durchzuf\u00fchren, damit Sie vollst\u00e4ndig genesen k\u00f6nnen. <\/p>\t\t\t\t\t\t\t\t<\/div>\n\t\t\t\t<\/div>\n\t\t\t\t<\/div>\n\t\t\t\t<\/div>\n\t\t<div class=\"elementor-element elementor-element-a8a573d e-con-full bg-section v2 e-flex e-con e-child\" data-id=\"a8a573d\" data-element_type=\"container\" data-e-type=\"container\" data-settings=\"{&quot;background_background&quot;:&quot;classic&quot;}\">\n\t\t<div class=\"elementor-element elementor-element-fac6393 e-con-full e-flex e-con e-child\" data-id=\"fac6393\" data-element_type=\"container\" data-e-type=\"container\">\n\t\t\t\t<div class=\"elementor-element elementor-element-8de7ddb at-heading-animation at-animation-heading-style-3 elementor-widget elementor-widget-heading\" data-id=\"8de7ddb\" data-element_type=\"widget\" data-e-type=\"widget\" data-settings=\"{&quot;ekit_we_effect_on&quot;:&quot;none&quot;}\" data-widget_type=\"heading.default\">\n\t\t\t\t<div class=\"elementor-widget-container\">\n\t\t\t\t\t<h3 class=\"elementor-heading-title elementor-size-default\">Jede Jahreszeit hat ihre Vor- und Nachteile.\n<\/h3>\t\t\t\t<\/div>\n\t\t\t\t<\/div>\n\t\t\t\t<div class=\"elementor-element elementor-element-7308460 elementor-invisible elementor-widget elementor-widget-text-editor\" data-id=\"7308460\" data-element_type=\"widget\" data-e-type=\"widget\" data-settings=\"{&quot;_animation&quot;:&quot;fadeInUp&quot;,&quot;ekit_we_effect_on&quot;:&quot;none&quot;}\" data-widget_type=\"text-editor.default\">\n\t\t\t\t<div class=\"elementor-widget-container\">\n\t\t\t\t\t\t\t\t\t<p class=\"\" data-start=\"2609\" data-end=\"2891\">Eine Nasenkorrektur kann das ganze Jahr \u00fcber durchgef\u00fchrt werden, jedoch hat jede Jahreszeit ihre eigenen Vorteile. Der Winter und der fr\u00fche Fr\u00fchling mit ihren k\u00fchlen Temperaturen sind besonders beliebt, da es in dieser Zeit einfacher ist, sich drinnen aufzuhalten und sich vor der Sonne zu sch\u00fctzen. Wenn Sie im Sommer Zeit haben, kann auch die Urlaubszeit ein geeigneter Zeitpunkt sein.  <\/p><p class=\"\" data-start=\"2893\" data-end=\"3090\">Hier kommt es nicht auf die Lufttemperatur an, sondern darauf, dass Sie sich ununterbrochen Zeit f\u00fcr die Genesung nehmen k\u00f6nnen. Ob im Januar oder im Juli \u2013 wenn Sie sich bereit f\u00fchlen und \u00fcber ein geeignetes Unterst\u00fctzungssystem verf\u00fcgen, kann die Nasenkorrektur sicher durchgef\u00fchrt werden. <\/p>\t\t\t\t\t\t\t\t<\/div>\n\t\t\t\t<\/div>\n\t\t\t\t<\/div>\n\t\t\t\t<\/div>\n\t\t<div class=\"elementor-element elementor-element-aec7022 e-con-full bg-section v2 e-flex e-con e-child\" data-id=\"aec7022\" data-element_type=\"container\" data-e-type=\"container\" data-settings=\"{&quot;background_background&quot;:&quot;classic&quot;}\">\n\t\t<div class=\"elementor-element elementor-element-056b1cc e-con-full e-flex e-con e-child\" data-id=\"056b1cc\" data-element_type=\"container\" data-e-type=\"container\">\n\t\t\t\t<div class=\"elementor-element elementor-element-91ce127 at-heading-animation at-animation-heading-style-3 elementor-widget elementor-widget-heading\" data-id=\"91ce127\" data-element_type=\"widget\" data-e-type=\"widget\" data-settings=\"{&quot;ekit_we_effect_on&quot;:&quot;none&quot;}\" data-widget_type=\"heading.default\">\n\t\t\t\t<div class=\"elementor-widget-container\">\n\t\t\t\t\t<h3 class=\"elementor-heading-title elementor-size-default\">Die Bedeutung einer individuellen Beratung\n<\/h3>\t\t\t\t<\/div>\n\t\t\t\t<\/div>\n\t\t\t\t<div class=\"elementor-element elementor-element-3bc87f5 elementor-invisible elementor-widget elementor-widget-text-editor\" data-id=\"3bc87f5\" data-element_type=\"widget\" data-e-type=\"widget\" data-settings=\"{&quot;_animation&quot;:&quot;fadeInUp&quot;,&quot;ekit_we_effect_on&quot;:&quot;none&quot;}\" data-widget_type=\"text-editor.default\">\n\t\t\t\t<div class=\"elementor-widget-container\">\n\t\t\t\t\t\t\t\t\t<p class=\"\" data-start=\"3130\" data-end=\"3423\">Wenn Sie bereit sind, ist der n\u00e4chste Schritt die Planung einer Rhinoplastik-Beratung mit einem erfahrenen und spezialisierten Chirurgen. Bei diesem Gespr\u00e4ch werden Ihre Ziele und Ihre Krankengeschichte besprochen und ein individueller Operationsplan erstellt, der Ihrer Gesichtsanatomie und Ihren Erwartungen entspricht. Gemeinsam werden die Technik, die An\u00e4sthesie und der Zeitpunkt festgelegt.  <\/p><p class=\"\" data-start=\"3425\" data-end=\"3619\">In meiner Klinik in Istanbul lege ich gro\u00dfen Wert auf Kommunikation und realistische Erwartungen. Der Heilungsprozess und die Anatomie jedes Patienten sind unterschiedlich, daher sind auch die Operations- und Heilungszeiten individuell. <\/p>\t\t\t\t\t\t\t\t<\/div>\n\t\t\t\t<\/div>\n\t\t\t\t<\/div>\n\t\t\t\t<\/div>\n\t\t<div class=\"elementor-element elementor-element-da46bc7 e-con-full bg-section v2 e-flex e-con e-child\" data-id=\"da46bc7\" data-element_type=\"container\" data-e-type=\"container\" data-settings=\"{&quot;background_background&quot;:&quot;classic&quot;}\">\n\t\t<div class=\"elementor-element elementor-element-662fdcc e-con-full e-flex e-con e-child\" data-id=\"662fdcc\" data-element_type=\"container\" data-e-type=\"container\">\n\t\t\t\t<div class=\"elementor-element elementor-element-4c0ff3e at-heading-animation at-animation-heading-style-3 elementor-widget elementor-widget-heading\" data-id=\"4c0ff3e\" data-element_type=\"widget\" data-e-type=\"widget\" data-settings=\"{&quot;ekit_we_effect_on&quot;:&quot;none&quot;}\" data-widget_type=\"heading.default\">\n\t\t\t\t<div class=\"elementor-widget-container\">\n\t\t\t\t\t<h3 class=\"elementor-heading-title elementor-size-default\">Nasenkorrektur \/\/ Ergebnis\n<\/h3>\t\t\t\t<\/div>\n\t\t\t\t<\/div>\n\t\t\t\t<div class=\"elementor-element elementor-element-7f97bea elementor-invisible elementor-widget elementor-widget-text-editor\" data-id=\"7f97bea\" data-element_type=\"widget\" data-e-type=\"widget\" data-settings=\"{&quot;_animation&quot;:&quot;fadeInUp&quot;,&quot;ekit_we_effect_on&quot;:&quot;none&quot;}\" data-widget_type=\"text-editor.default\">\n\t\t\t\t<div class=\"elementor-widget-container\">\n\t\t\t\t\t\t\t\t\t<p class=\"\" data-start=\"3637\" data-end=\"3863\">Der beste Zeitpunkt f\u00fcr eine Nasenkorrektur ist dann, wenn Ihr K\u00f6rper, Ihr Geist und Ihr Terminkalender im Einklang sind. Das bedeutet, dass Sie emotional bereit sein sollten, sich Zeit zum Ausruhen nehmen sollten und einen vertrauensw\u00fcrdigen, erfahrenen Chirurgen w\u00e4hlen sollten, der Ihre Ziele versteht. <\/p><p class=\"\" data-start=\"3865\" data-end=\"4122\">Eine Nasenkorrektur ist eine wichtige Entscheidung, die Ihr Leben ver\u00e4ndern wird, und verdient<strong data-start=\"3959\" data-end=\"3989\"> eine sorgf\u00e4ltige Planung. Wenn<\/strong> Sie eine Nasenkorrektur in Istanbul in Betracht ziehen, w\u00fcrde ich mich freuen, Sie mit einer speziell auf Sie zugeschnittenen Beratung in jeder Phase dieses Prozesses zu begleiten. <\/p>\t\t\t\t\t\t\t\t<\/div>\n\t\t\t\t<\/div>\n\t\t\t\t<\/div>\n\t\t\t\t<\/div>\n\t\t\t\t\t<\/div>\n\t\t\t\t<\/div>\n\t\t\t\t<\/div>\n\t\t","protected":false},"excerpt":{"rendered":"<p>Als Sch\u00f6nheitschirurg ist eine der h\u00e4ufigsten Fragen, die mir Patienten stellen, die [&hellip;]<\/p>\n","protected":false},"author":1,"featured_media":26496,"comment_status":"closed","ping_status":"closed","sticky":false,"template":"","format":"standard","meta":{"footnotes":""},"categories":[67,71,69],"tags":[],"class_list":["post-22128","post","type-post","status-publish","format-standard","has-post-thumbnail","hentry","category-artikel","category-koerperaesthetik","category-nasenkorrektur"],"_links":{"self":[{"href":"https:\/\/www.guncelozturk.com\/de\/wp-json\/wp\/v2\/posts\/22128","targetHints":{"allow":["GET"]}}],"collection":[{"href":"https:\/\/www.guncelozturk.com\/de\/wp-json\/wp\/v2\/posts"}],"about":[{"href":"https:\/\/www.guncelozturk.com\/de\/wp-json\/wp\/v2\/types\/post"}],"author":[{"embeddable":true,"href":"https:\/\/www.guncelozturk.com\/de\/wp-json\/wp\/v2\/users\/1"}],"replies":[{"embeddable":true,"href":"https:\/\/www.guncelozturk.com\/de\/wp-json\/wp\/v2\/comments?post=22128"}],"version-history":[{"count":2,"href":"https:\/\/www.guncelozturk.com\/de\/wp-json\/wp\/v2\/posts\/22128\/revisions"}],"predecessor-version":[{"id":26589,"href":"https:\/\/www.guncelozturk.com\/de\/wp-json\/wp\/v2\/posts\/22128\/revisions\/26589"}],"wp:featuredmedia":[{"embeddable":true,"href":"https:\/\/www.guncelozturk.com\/de\/wp-json\/wp\/v2\/media\/26496"}],"wp:attachment":[{"href":"https:\/\/www.guncelozturk.com\/de\/wp-json\/wp\/v2\/media?parent=22128"}],"wp:term":[{"taxonomy":"category","embeddable":true,"href":"https:\/\/www.guncelozturk.com\/de\/wp-json\/wp\/v2\/categories?post=22128"},{"taxonomy":"post_tag","embeddable":true,"href":"https:\/\/www.guncelozturk.com\/de\/wp-json\/wp\/v2\/tags?post=22128"}],"curies":[{"name":"wp","href":"https:\/\/api.w.org\/{rel}","templated":true}]}}