{"id":22471,"date":"2025-05-10T19:20:12","date_gmt":"2025-05-10T19:20:12","guid":{"rendered":"http:\/\/guncelozturk.prdioweb.com\/nicht-kategorisiert\/entdecken-sie-die-recycling-aesthetik-die-mueden-gesichtern-den-kampf-ansagt\/"},"modified":"2025-09-29T11:39:21","modified_gmt":"2025-09-29T11:39:21","slug":"entdecken-sie-die-recycling-aesthetik-die-mueden-gesichtern-den-kampf-ansagt","status":"publish","type":"post","link":"https:\/\/www.guncelozturk.com\/de\/entdecken-sie-die-recycling-aesthetik-die-mueden-gesichtern-den-kampf-ansagt\/","title":{"rendered":"Entdecken Sie die Recycling-\u00c4sthetik, die m\u00fcden Gesichtern den Kampf ansagt"},"content":{"rendered":"\t\t<div data-elementor-type=\"wp-post\" data-elementor-id=\"22471\" class=\"elementor elementor-22471 elementor-15331\" data-elementor-post-type=\"post\">\n\t\t\t\t<div class=\"elementor-element elementor-element-62269e9 e-flex e-con-boxed e-con e-parent\" data-id=\"62269e9\" data-element_type=\"container\" data-e-type=\"container\">\n\t\t\t\t\t<div class=\"e-con-inner\">\n\t\t<div class=\"elementor-element elementor-element-e60f737 e-con-full bg-section v2 e-flex e-con e-child\" data-id=\"e60f737\" data-element_type=\"container\" data-e-type=\"container\" data-settings=\"{&quot;background_background&quot;:&quot;classic&quot;}\">\n\t\t<div class=\"elementor-element elementor-element-08296e3 e-con-full e-flex e-con e-child\" data-id=\"08296e3\" data-element_type=\"container\" data-e-type=\"container\">\n\t\t\t\t<div class=\"elementor-element elementor-element-2795599 elementor-invisible elementor-widget elementor-widget-text-editor\" data-id=\"2795599\" data-element_type=\"widget\" data-e-type=\"widget\" data-settings=\"{&quot;_animation&quot;:&quot;fadeInUp&quot;,&quot;ekit_we_effect_on&quot;:&quot;none&quot;}\" data-widget_type=\"text-editor.default\">\n\t\t\t\t<div class=\"elementor-widget-container\">\n\t\t\t\t\t\t\t\t\t<p>Die Augenpartie ist einer der Bereiche, an denen die Auswirkungen des Alterns am deutlichsten sichtbar werden. Die Haut um unsere Augen, die unseren Gesichtsausdruck direkt beeinflusst, und die Augenlider, die unsere Augen bedecken, sind ebenso von Falten und Hauterschlaffungen betroffen wie unsere Wangen. Im Laufe der Jahre nehmen auch die Tr\u00e4nens\u00e4cke unter den Augen zu. Die Zunahme der Tr\u00e4nens\u00e4cke unter den Augen l\u00e4sst eine Person m\u00fcder aussehen.   <\/p>\t\t\t\t\t\t\t\t<\/div>\n\t\t\t\t<\/div>\n\t\t<div class=\"elementor-element elementor-element-a99157c e-con-full e-flex e-con e-child\" data-id=\"a99157c\" data-element_type=\"container\" data-e-type=\"container\" data-settings=\"{&quot;background_background&quot;:&quot;classic&quot;}\">\n\t\t\t\t<div class=\"elementor-element elementor-element-05276e8 at-image-animation at-animation-image-none elementor-widget elementor-widget-image\" data-id=\"05276e8\" data-element_type=\"widget\" data-e-type=\"widget\" data-settings=\"{&quot;ekit_we_effect_on&quot;:&quot;none&quot;}\" data-widget_type=\"image.default\">\n\t\t\t\t<div class=\"elementor-widget-container\">\n\t\t\t\t\t\t\t\t\t\t\t\t\t\t\t<img fetchpriority=\"high\" decoding=\"async\" width=\"364\" height=\"548\" src=\"https:\/\/www.guncelozturk.com\/wp-content\/uploads\/2025\/05\/geri-donusum-1.webp\" class=\"attachment-large size-large wp-image-22472\" alt=\"\" srcset=\"https:\/\/www.guncelozturk.com\/wp-content\/uploads\/2025\/05\/geri-donusum-1.webp 364w, https:\/\/www.guncelozturk.com\/wp-content\/uploads\/2025\/05\/geri-donusum-1-199x300.webp 199w\" sizes=\"(max-width: 364px) 100vw, 364px\" title=\"\">\t\t\t\t\t\t\t\t\t\t\t\t\t\t\t<\/div>\n\t\t\t\t<\/div>\n\t\t\t\t<\/div>\n\t\t\t\t<\/div>\n\t\t\t\t<\/div>\n\t\t<div class=\"elementor-element elementor-element-9305bf6 e-con-full bg-section v2 e-flex e-con e-child\" data-id=\"9305bf6\" data-element_type=\"container\" data-e-type=\"container\" data-settings=\"{&quot;background_background&quot;:&quot;classic&quot;}\">\n\t\t<div class=\"elementor-element elementor-element-da222db e-con-full e-flex e-con e-child\" data-id=\"da222db\" data-element_type=\"container\" data-e-type=\"container\">\n\t\t\t\t<div class=\"elementor-element elementor-element-ea145f4 elementor-invisible elementor-widget elementor-widget-text-editor\" data-id=\"ea145f4\" data-element_type=\"widget\" data-e-type=\"widget\" data-settings=\"{&quot;_animation&quot;:&quot;fadeInUp&quot;,&quot;ekit_we_effect_on&quot;:&quot;none&quot;}\" data-widget_type=\"text-editor.default\">\n\t\t\t\t<div class=\"elementor-widget-container\">\n\t\t\t\t\t\t\t\t\t<p>Die Tatsache, dass die Augenpartie im Alter eine so gro\u00dfe Rolle spielt, hat nat\u00fcrlich auch die \u00e4sthetischen Chirurgen auf den Plan gerufen. Mittlerweile gibt es zahlreiche \u00e4sthetische Eingriffe, die sowohl an den Augenlidern als auch an den Tr\u00e4nens\u00e4cken und den Kr\u00e4henf\u00fc\u00dfen vorgenommen werden k\u00f6nnen. <\/p><p>F\u00fcr Frauen, die sowohl ihre Tr\u00e4nens\u00e4cke loswerden als auch ausgepr\u00e4gtere Wangenknochen haben m<a title=\"Gesichts\u00e4sthetik\" href=\"\/yuz-estetik-sanati\/\" target=\"_blank\" rel=\"noopener\">\u00f6cht<strong>en, wurde <\/strong>die Recycling<\/a>-\u00c4sthetik entwickelt!<\/p>\t\t\t\t\t\t\t\t<\/div>\n\t\t\t\t<\/div>\n\t\t\t\t<\/div>\n\t\t\t\t<\/div>\n\t\t<div class=\"elementor-element elementor-element-ea36163 e-con-full bg-section v2 e-flex e-con e-child\" data-id=\"ea36163\" data-element_type=\"container\" data-e-type=\"container\" data-settings=\"{&quot;background_background&quot;:&quot;classic&quot;}\">\n\t\t<div class=\"elementor-element elementor-element-cd27448 e-con-full e-flex e-con e-child\" data-id=\"cd27448\" data-element_type=\"container\" data-e-type=\"container\">\n\t\t\t\t<div class=\"elementor-element elementor-element-1b0b9c7 at-heading-animation at-animation-heading-style-3 elementor-widget elementor-widget-heading\" data-id=\"1b0b9c7\" data-element_type=\"widget\" data-e-type=\"widget\" data-settings=\"{&quot;ekit_we_effect_on&quot;:&quot;none&quot;}\" data-widget_type=\"heading.default\">\n\t\t\t\t<div class=\"elementor-widget-container\">\n\t\t\t\t\t<h6 class=\"elementor-heading-title elementor-size-default\">Was ist Recycling-\u00c4sthetik?\n<\/h6>\t\t\t\t<\/div>\n\t\t\t\t<\/div>\n\t\t\t\t<div class=\"elementor-element elementor-element-3cdd8dd elementor-invisible elementor-widget elementor-widget-text-editor\" data-id=\"3cdd8dd\" data-element_type=\"widget\" data-e-type=\"widget\" data-settings=\"{&quot;_animation&quot;:&quot;fadeInUp&quot;,&quot;ekit_we_effect_on&quot;:&quot;none&quot;}\" data-widget_type=\"text-editor.default\">\n\t\t\t\t<div class=\"elementor-widget-container\">\n\t\t\t\t\t\t\t\t\t<p>Die Recycling-\u00c4sthetik ist ein Eingriff, bei dem zwei Verfahren in einer Operation durchgef\u00fchrt werden, was sowohl f\u00fcr den Patienten als auch f\u00fcr den Arzt eine Erleichterung darstellt. Bei diesem Eingriff wird das Fett aus den Tr\u00e4nens\u00e4cken verteilt und in die Wangenknochen sowie in die faltigen, eingefallenen Bereiche gebracht. Dadurch werden sowohl die Wangenknochen deutlicher hervorgehoben als auch die eingefallenen, faltigen Bereiche um die Augen herum mit den eigenen Geweben des Patienten behandelt und die Tr\u00e4nens\u00e4cke unter den Augen beseitigt. Die Haut, die nach der Entnahme des Fettes aus dem Bereich der Tr\u00e4nens\u00e4cke zur\u00fcckbleibt, wird w\u00e4hrend desselben Eingriffs gestrafft.   <\/p><p>Durch diesen Eingriff erh\u00e4lt die Person ein frischeres Aussehen, wird von einem Gro\u00dfteil der Falten um die Augenpartie befreit und erh\u00e4lt gleichzeitig markante Wangenknochen, die der Schl\u00fcssel zu einem attraktiven Gesicht sind.<\/p>\t\t\t\t\t\t\t\t<\/div>\n\t\t\t\t<\/div>\n\t\t\t\t<\/div>\n\t\t\t\t<\/div>\n\t\t<div class=\"elementor-element elementor-element-cc4d911 e-con-full bg-section v2 e-flex e-con e-child\" data-id=\"cc4d911\" data-element_type=\"container\" data-e-type=\"container\" data-settings=\"{&quot;background_background&quot;:&quot;classic&quot;}\">\n\t\t<div class=\"elementor-element elementor-element-4c60a64 e-con-full e-flex e-con e-child\" data-id=\"4c60a64\" data-element_type=\"container\" data-e-type=\"container\">\n\t\t\t\t<div class=\"elementor-element elementor-element-52c4a9a at-heading-animation at-animation-heading-style-3 elementor-widget elementor-widget-heading\" data-id=\"52c4a9a\" data-element_type=\"widget\" data-e-type=\"widget\" data-settings=\"{&quot;ekit_we_effect_on&quot;:&quot;none&quot;}\" data-widget_type=\"heading.default\">\n\t\t\t\t<div class=\"elementor-widget-container\">\n\t\t\t\t\t<h6 class=\"elementor-heading-title elementor-size-default\">Wie funktioniert die Recycling-\u00c4sthetik?\n<\/h6>\t\t\t\t<\/div>\n\t\t\t\t<\/div>\n\t\t\t\t<div class=\"elementor-element elementor-element-f3c9cdd elementor-invisible elementor-widget elementor-widget-text-editor\" data-id=\"f3c9cdd\" data-element_type=\"widget\" data-e-type=\"widget\" data-settings=\"{&quot;_animation&quot;:&quot;fadeInUp&quot;,&quot;ekit_we_effect_on&quot;:&quot;none&quot;}\" data-widget_type=\"text-editor.default\">\n\t\t\t\t<div class=\"elementor-widget-container\">\n\t\t\t\t\t\t\t\t\t<section class=\"l-section height_auto\"><div class=\"l-section-h i-cf\"><p>Bei der \u00e4sthetischen Behandlung, die keinen Krankenhausaufenthalt erfordert, wird je nach Zustand des Patienten eine Vollnarkose oder eine Lokalan\u00e4sthesie durchgef\u00fchrt. Anschlie\u00dfend wird mit Laserstrahlen vom unteren Augenlid oder vom Wimpernrand aus das Fettgewebe erreicht. Dieses Fettgewebe, das die Tr\u00e4nens\u00e4cke unter den Augen bildet, wird freigelegt, wodurch sowohl die Wangenknochen deutlicher hervortreten als auch Falten deutlich reduziert werden.  <\/p><\/div><\/section><section class=\"l-section height_auto for_comments\"><div class=\"l-section-h i-cf\"><div class=\"wpdiscuz_top_clearing\"> <\/div><div id=\"comments\" class=\"comments-area\"><div id=\"respond\"> <\/div><div id=\"wpd-post-rating\" class=\"wpd-not-rated\"><div class=\"wpd-rating-wrap\"> <\/div><\/div><\/div><\/div><\/section>\t\t\t\t\t\t\t\t<\/div>\n\t\t\t\t<\/div>\n\t\t\t\t<\/div>\n\t\t\t\t<\/div>\n\t\t\t\t\t<\/div>\n\t\t\t\t<\/div>\n\t\t\t\t<\/div>\n\t\t","protected":false},"excerpt":{"rendered":"<p>Die Augenpartie ist einer der Bereiche, an denen die Auswirkungen des Alterns [&hellip;]<\/p>\n","protected":false},"author":1,"featured_media":27904,"comment_status":"open","ping_status":"closed","sticky":false,"template":"","format":"standard","meta":{"footnotes":""},"categories":[67,72],"tags":[],"class_list":["post-22471","post","type-post","status-publish","format-standard","has-post-thumbnail","hentry","category-artikel","category-gesichtsaesthetik"],"_links":{"self":[{"href":"https:\/\/www.guncelozturk.com\/de\/wp-json\/wp\/v2\/posts\/22471","targetHints":{"allow":["GET"]}}],"collection":[{"href":"https:\/\/www.guncelozturk.com\/de\/wp-json\/wp\/v2\/posts"}],"about":[{"href":"https:\/\/www.guncelozturk.com\/de\/wp-json\/wp\/v2\/types\/post"}],"author":[{"embeddable":true,"href":"https:\/\/www.guncelozturk.com\/de\/wp-json\/wp\/v2\/users\/1"}],"replies":[{"embeddable":true,"href":"https:\/\/www.guncelozturk.com\/de\/wp-json\/wp\/v2\/comments?post=22471"}],"version-history":[{"count":1,"href":"https:\/\/www.guncelozturk.com\/de\/wp-json\/wp\/v2\/posts\/22471\/revisions"}],"predecessor-version":[{"id":22473,"href":"https:\/\/www.guncelozturk.com\/de\/wp-json\/wp\/v2\/posts\/22471\/revisions\/22473"}],"wp:featuredmedia":[{"embeddable":true,"href":"https:\/\/www.guncelozturk.com\/de\/wp-json\/wp\/v2\/media\/27904"}],"wp:attachment":[{"href":"https:\/\/www.guncelozturk.com\/de\/wp-json\/wp\/v2\/media?parent=22471"}],"wp:term":[{"taxonomy":"category","embeddable":true,"href":"https:\/\/www.guncelozturk.com\/de\/wp-json\/wp\/v2\/categories?post=22471"},{"taxonomy":"post_tag","embeddable":true,"href":"https:\/\/www.guncelozturk.com\/de\/wp-json\/wp\/v2\/tags?post=22471"}],"curies":[{"name":"wp","href":"https:\/\/api.w.org\/{rel}","templated":true}]}}