{"id":22618,"date":"2025-05-07T19:27:17","date_gmt":"2025-05-07T19:27:17","guid":{"rendered":"http:\/\/guncelozturk.prdioweb.com\/nicht-kategorisiert\/gesichtsprofil-mit-prothese-neu-formen\/"},"modified":"2025-09-29T11:41:11","modified_gmt":"2025-09-29T11:41:11","slug":"gesichtsprofil-mit-prothese-neu-formen","status":"publish","type":"post","link":"https:\/\/www.guncelozturk.com\/de\/gesichtsprofil-mit-prothese-neu-formen\/","title":{"rendered":"Gesichtsprofil mit Prothese neu formen"},"content":{"rendered":"\t\t<div data-elementor-type=\"wp-post\" data-elementor-id=\"22618\" class=\"elementor elementor-22618 elementor-15357\" data-elementor-post-type=\"post\">\n\t\t\t\t<div class=\"elementor-element elementor-element-62269e9 e-flex e-con-boxed e-con e-parent\" data-id=\"62269e9\" data-element_type=\"container\" data-e-type=\"container\">\n\t\t\t\t\t<div class=\"e-con-inner\">\n\t\t<div class=\"elementor-element elementor-element-e60f737 e-con-full bg-section v2 e-flex e-con e-child\" data-id=\"e60f737\" data-element_type=\"container\" data-e-type=\"container\" data-settings=\"{&quot;background_background&quot;:&quot;classic&quot;}\">\n\t\t<div class=\"elementor-element elementor-element-08296e3 e-con-full e-flex e-con e-child\" data-id=\"08296e3\" data-element_type=\"container\" data-e-type=\"container\">\n\t\t\t\t<div class=\"elementor-element elementor-element-2795599 elementor-invisible elementor-widget elementor-widget-text-editor\" data-id=\"2795599\" data-element_type=\"widget\" data-e-type=\"widget\" data-settings=\"{&quot;_animation&quot;:&quot;fadeInUp&quot;,&quot;ekit_we_effect_on&quot;:&quot;none&quot;}\" data-widget_type=\"text-editor.default\">\n\t\t\t\t<div class=\"elementor-widget-container\">\n\t\t\t\t\t\t\t\t\t<p>Das einfache Fotografieren mit Smartphones, d. h. Selfies und Bilder, die in sozialen Medien geteilt werden, f\u00fchren dazu, dass Menschen ihre Profilfehler bemerken und die Nachfrage nach Gesichtsprothesen und Profilkorrekturen steigt.<\/p><p>Viele Menschen sind mit ihrem Profilbild unzufrieden. Die h\u00e4ufigsten Beschwerden betreffen die Bereiche Nase, Kinn, Wangen und Stirn. Formfehler der Nase, ein unklares Kinn, eingefallene Wangen und eine vorstehende Stirn sind die h\u00e4ufigsten \u00e4sthetischen Probleme, die das \u00e4sthetische Erscheinungsbild im Profil beeintr\u00e4chtigen.  <\/p><p>Die anatomische Struktur des Gesichts besteht aus Haut, Gewebe und Skelett. Die Knochenstruktur des Gesichts kann angeboren, also erblich bedingt, oder durch ein sp\u00e4ter erlittenes Trauma oder Zahnprobleme beeintr\u00e4chtigt sein. Bei solchen \u00e4sthetischen Problemen kann die bestehende \u00e4sthetische Beeintr\u00e4chtigung je nach Fall durch eine Operation der eigenen Knochenstruktur oder durch den Einsatz von Prothesen korrigiert werden.  <\/p>\t\t\t\t\t\t\t\t<\/div>\n\t\t\t\t<\/div>\n\t\t\t\t<\/div>\n\t\t\t\t<\/div>\n\t\t<div class=\"elementor-element elementor-element-1696d6a e-con-full bg-section v2 e-flex e-con e-child\" data-id=\"1696d6a\" data-element_type=\"container\" data-e-type=\"container\" data-settings=\"{&quot;background_background&quot;:&quot;classic&quot;}\">\n\t\t<div class=\"elementor-element elementor-element-1c800aa e-con-full e-flex e-con e-child\" data-id=\"1c800aa\" data-element_type=\"container\" data-e-type=\"container\">\n\t\t\t\t<div class=\"elementor-element elementor-element-d1b154f at-heading-animation at-animation-heading-style-3 elementor-widget elementor-widget-heading\" data-id=\"d1b154f\" data-element_type=\"widget\" data-e-type=\"widget\" data-settings=\"{&quot;ekit_we_effect_on&quot;:&quot;none&quot;}\" data-widget_type=\"heading.default\">\n\t\t\t\t<div class=\"elementor-widget-container\">\n\t\t\t\t\t<h6 class=\"elementor-heading-title elementor-size-default\">An welchen Stellen des Gesichts kann eine Prothese eingesetzt werden?\n<\/h6>\t\t\t\t<\/div>\n\t\t\t\t<\/div>\n\t\t\t\t<div class=\"elementor-element elementor-element-503cb6b elementor-invisible elementor-widget elementor-widget-text-editor\" data-id=\"503cb6b\" data-element_type=\"widget\" data-e-type=\"widget\" data-settings=\"{&quot;_animation&quot;:&quot;fadeInUp&quot;,&quot;ekit_we_effect_on&quot;:&quot;none&quot;}\" data-widget_type=\"text-editor.default\">\n\t\t\t\t<div class=\"elementor-widget-container\">\n\t\t\t\t\t\t\t\t\t<p>Prothesen werden vor allem im Kiefer- und Wangenbereich eingesetzt. Bei Problemen mit dem Nasenbein kann der eigene Knochen und Knorpel des Patienten verwendet werden. Auch bei der \u00c4sthetik der Wangenknochen kann eine<a href=\"https:\/\/www.guncelozturk.com\/de\/kinnspitzen-aesthetik\/cene-ucu-estetigi-2\/\"> Prothese eingesetzt werd<\/a>en. Bei der \u00c4sthetik des Kieferknochens kann eine Prothese an den Enden und Seiten des Kiefers eingesetzt werden.  <\/p>\t\t\t\t\t\t\t\t<\/div>\n\t\t\t\t<\/div>\n\t\t\t\t<\/div>\n\t\t\t\t<\/div>\n\t\t<div class=\"elementor-element elementor-element-9305bf6 e-con-full bg-section v2 e-flex e-con e-child\" data-id=\"9305bf6\" data-element_type=\"container\" data-e-type=\"container\" data-settings=\"{&quot;background_background&quot;:&quot;classic&quot;}\">\n\t\t<div class=\"elementor-element elementor-element-da222db e-con-full e-flex e-con e-child\" data-id=\"da222db\" data-element_type=\"container\" data-e-type=\"container\">\n\t\t\t\t<div class=\"elementor-element elementor-element-2c66c78 at-heading-animation at-animation-heading-style-3 elementor-widget elementor-widget-heading\" data-id=\"2c66c78\" data-element_type=\"widget\" data-e-type=\"widget\" data-settings=\"{&quot;ekit_we_effect_on&quot;:&quot;none&quot;}\" data-widget_type=\"heading.default\">\n\t\t\t\t<div class=\"elementor-widget-container\">\n\t\t\t\t\t<h6 class=\"elementor-heading-title elementor-size-default\">Was sind Gesichtsprothesen?\n<\/h6>\t\t\t\t<\/div>\n\t\t\t\t<\/div>\n\t\t\t\t<div class=\"elementor-element elementor-element-ea145f4 elementor-invisible elementor-widget elementor-widget-text-editor\" data-id=\"ea145f4\" data-element_type=\"widget\" data-e-type=\"widget\" data-settings=\"{&quot;_animation&quot;:&quot;fadeInUp&quot;,&quot;ekit_we_effect_on&quot;:&quot;none&quot;}\" data-widget_type=\"text-editor.default\">\n\t\t\t\t<div class=\"elementor-widget-container\">\n\t\t\t\t\t\t\t\t\t<p>Gesichtsprothesen werden in der Regel aus Silikon od<a href=\"https:\/\/guncelozturk.ru\/contact-us\/\" target=\"_blank\" rel=\"noopener\">er Polyethylen hergest<\/a>ellt und in der \u00e4sthetischen Chirurgie verwendet. Diese Materialien haben keine Nebenwirkungen auf den K\u00f6rper. Prothesenmaterialien werden speziell f\u00fcr Produkte verwendet, die bequem durch kleine Schnitte eingesetzt werden k\u00f6nnen. Silikonprothesen lassen sich leichter einsetzen, w\u00e4hrend Prothesen aus Polyethylen schwieriger einzusetzen sind.  <\/p><h6> <\/h6>\t\t\t\t\t\t\t\t<\/div>\n\t\t\t\t<\/div>\n\t\t<div class=\"elementor-element elementor-element-a99157c e-con-full e-flex e-con e-child\" data-id=\"a99157c\" data-element_type=\"container\" data-e-type=\"container\" data-settings=\"{&quot;background_background&quot;:&quot;classic&quot;}\">\n\t\t\t\t<div class=\"elementor-element elementor-element-05276e8 at-image-animation at-animation-image-none elementor-widget elementor-widget-image\" data-id=\"05276e8\" data-element_type=\"widget\" data-e-type=\"widget\" data-settings=\"{&quot;ekit_we_effect_on&quot;:&quot;none&quot;}\" data-widget_type=\"image.default\">\n\t\t\t\t<div class=\"elementor-widget-container\">\n\t\t\t\t\t\t\t\t\t\t\t\t\t\t\t<img fetchpriority=\"high\" decoding=\"async\" width=\"300\" height=\"200\" src=\"https:\/\/www.guncelozturk.com\/wp-content\/uploads\/2025\/05\/protezileyuzprofili-300x200-1.webp\" class=\"attachment-large size-large wp-image-22620\" alt=\"\" title=\"\">\t\t\t\t\t\t\t\t\t\t\t\t\t\t\t<\/div>\n\t\t\t\t<\/div>\n\t\t\t\t<\/div>\n\t\t\t\t<\/div>\n\t\t\t\t<\/div>\n\t\t<div class=\"elementor-element elementor-element-ea36163 e-con-full bg-section v2 e-flex e-con e-child\" data-id=\"ea36163\" data-element_type=\"container\" data-e-type=\"container\" data-settings=\"{&quot;background_background&quot;:&quot;classic&quot;}\">\n\t\t<div class=\"elementor-element elementor-element-cd27448 e-con-full e-flex e-con e-child\" data-id=\"cd27448\" data-element_type=\"container\" data-e-type=\"container\">\n\t\t\t\t<div class=\"elementor-element elementor-element-1b0b9c7 at-heading-animation at-animation-heading-style-3 elementor-widget elementor-widget-heading\" data-id=\"1b0b9c7\" data-element_type=\"widget\" data-e-type=\"widget\" data-settings=\"{&quot;ekit_we_effect_on&quot;:&quot;none&quot;}\" data-widget_type=\"heading.default\">\n\t\t\t\t<div class=\"elementor-widget-container\">\n\t\t\t\t\t<h6 class=\"elementor-heading-title elementor-size-default\">F\u00fcr welche \u00e4sthetischen Probleme werden Gesichtsprothesen verwendet?\n<\/h6>\t\t\t\t<\/div>\n\t\t\t\t<\/div>\n\t\t\t\t<div class=\"elementor-element elementor-element-3cdd8dd elementor-invisible elementor-widget elementor-widget-text-editor\" data-id=\"3cdd8dd\" data-element_type=\"widget\" data-e-type=\"widget\" data-settings=\"{&quot;_animation&quot;:&quot;fadeInUp&quot;,&quot;ekit_we_effect_on&quot;:&quot;none&quot;}\" data-widget_type=\"text-editor.default\">\n\t\t\t\t<div class=\"elementor-widget-container\">\n\t\t\t\t\t\t\t\t\t<p>Die Knochenstruktur des Gesichts spielt eine ebenso wichtige Rolle f\u00fcr die Sch\u00f6nheit des Gesichts wie das Aussehen der Haut. Durch die Betonung der Wangenknochen und des Kieferknochens kann das Aussehen des Gesichts \u00e4sthetischer gestaltet werden. Im Profil verleiht ein markanter Kiefer und bei M\u00e4nnern eine kantige Kieferstruktur dem Gesicht ein attraktives und sch\u00f6nes Aussehen, solange sie mit der Gesamtform des Gesichts harmonieren.  <\/p>\t\t\t\t\t\t\t\t<\/div>\n\t\t\t\t<\/div>\n\t\t\t\t<\/div>\n\t\t\t\t<\/div>\n\t\t<div class=\"elementor-element elementor-element-5c7fb55 e-con-full bg-section v2 e-flex e-con e-child\" data-id=\"5c7fb55\" data-element_type=\"container\" data-e-type=\"container\" data-settings=\"{&quot;background_background&quot;:&quot;classic&quot;}\">\n\t\t<div class=\"elementor-element elementor-element-0619301 e-con-full e-flex e-con e-child\" data-id=\"0619301\" data-element_type=\"container\" data-e-type=\"container\">\n\t\t\t\t<div class=\"elementor-element elementor-element-a1de9ff at-heading-animation at-animation-heading-style-3 elementor-widget elementor-widget-heading\" data-id=\"a1de9ff\" data-element_type=\"widget\" data-e-type=\"widget\" data-settings=\"{&quot;ekit_we_effect_on&quot;:&quot;none&quot;}\" data-widget_type=\"heading.default\">\n\t\t\t\t<div class=\"elementor-widget-container\">\n\t\t\t\t\t<h6 class=\"elementor-heading-title elementor-size-default\">Wie wird eine Gesichtsprothese eingesetzt?\n<\/h6>\t\t\t\t<\/div>\n\t\t\t\t<\/div>\n\t\t\t\t<div class=\"elementor-element elementor-element-45908dc elementor-invisible elementor-widget elementor-widget-text-editor\" data-id=\"45908dc\" data-element_type=\"widget\" data-e-type=\"widget\" data-settings=\"{&quot;_animation&quot;:&quot;fadeInUp&quot;,&quot;ekit_we_effect_on&quot;:&quot;none&quot;}\" data-widget_type=\"text-editor.default\">\n\t\t\t\t<div class=\"elementor-widget-container\">\n\t\t\t\t\t\t\t\t\t<p>Die chirurgische Implantation von Gesichtsprothesen variiert je nach Region. Sie k\u00f6nnen durch kleine Schnitte im Mund oder unterhalb des Kinns eingesetzt werden. Silikonprothesen werden direkt eingesetzt, Polyethylenprothesen hingegen werden in der Regel mit Schrauben am Knochen befestigt. Je nach Umfang des Eingriffs und nach Wahl des Patienten und des Chirurgen kann die Operation unter \u00f6rtlicher Bet\u00e4ubung oder Vollnarkose durchgef\u00fchrt werden. So sp\u00fcrt der Patient w\u00e4hrend der Operation nichts. Der Eingriff dauert durchschnittlich 1 Stunde.     <\/p>\t\t\t\t\t\t\t\t<\/div>\n\t\t\t\t<\/div>\n\t\t\t\t<\/div>\n\t\t\t\t<\/div>\n\t\t<div class=\"elementor-element elementor-element-fbf5803 e-con-full bg-section v2 e-flex e-con e-child\" data-id=\"fbf5803\" data-element_type=\"container\" data-e-type=\"container\" data-settings=\"{&quot;background_background&quot;:&quot;classic&quot;}\">\n\t\t<div class=\"elementor-element elementor-element-218de01 e-con-full e-flex e-con e-child\" data-id=\"218de01\" data-element_type=\"container\" data-e-type=\"container\">\n\t\t\t\t<div class=\"elementor-element elementor-element-8828d4a at-heading-animation at-animation-heading-style-3 elementor-widget elementor-widget-heading\" data-id=\"8828d4a\" data-element_type=\"widget\" data-e-type=\"widget\" data-settings=\"{&quot;ekit_we_effect_on&quot;:&quot;none&quot;}\" data-widget_type=\"heading.default\">\n\t\t\t\t<div class=\"elementor-widget-container\">\n\t\t\t\t\t<h6 class=\"elementor-heading-title elementor-size-default\">Wie bereitet man sich auf Gesichtsprothesenoperationen vor?\n<\/h6>\t\t\t\t<\/div>\n\t\t\t\t<\/div>\n\t\t\t\t<div class=\"elementor-element elementor-element-a13b001 elementor-invisible elementor-widget elementor-widget-text-editor\" data-id=\"a13b001\" data-element_type=\"widget\" data-e-type=\"widget\" data-settings=\"{&quot;_animation&quot;:&quot;fadeInUp&quot;,&quot;ekit_we_effect_on&quot;:&quot;none&quot;}\" data-widget_type=\"text-editor.default\">\n\t\t\t\t<div class=\"elementor-widget-container\">\n\t\t\t\t\t\t\t\t\t<p>Bei <a href=\"http:\/\/guncelozturk.prdioweb.com\/de\/gesichtslifting\/\" target=\"_blank\" rel=\"noopener\">Gesichtsprothesenoperationen <\/a>wird empfohlen, drei Wochen vor dem Eingriff mit dem Rauchen aufzuh\u00f6ren. In der letzten Woche vor der Operation sollten keine blutverd\u00fcnnenden Medikamente eingenommen werden. Am Tag der Operation sollten Sie nach 24 Uhr nichts mehr essen oder trinken. Wenn Sie regelm\u00e4\u00dfig Medikamente einnehmen, sollten Sie dies Ihrem Arzt mitteilen. Au\u00dferdem sollten Sie Ihren Arzt informieren, wenn Sie unter anderen Gesundheitsproblemen wie Diabetes leiden.    <\/p>\t\t\t\t\t\t\t\t<\/div>\n\t\t\t\t<\/div>\n\t\t\t\t<\/div>\n\t\t\t\t<\/div>\n\t\t<div class=\"elementor-element elementor-element-4180f37 e-con-full bg-section v2 e-flex e-con e-child\" data-id=\"4180f37\" data-element_type=\"container\" data-e-type=\"container\" data-settings=\"{&quot;background_background&quot;:&quot;classic&quot;}\">\n\t\t<div class=\"elementor-element elementor-element-a1df82b e-con-full e-flex e-con e-child\" data-id=\"a1df82b\" data-element_type=\"container\" data-e-type=\"container\">\n\t\t\t\t<div class=\"elementor-element elementor-element-64e90f0 at-heading-animation at-animation-heading-style-3 elementor-widget elementor-widget-heading\" data-id=\"64e90f0\" data-element_type=\"widget\" data-e-type=\"widget\" data-settings=\"{&quot;ekit_we_effect_on&quot;:&quot;none&quot;}\" data-widget_type=\"heading.default\">\n\t\t\t\t<div class=\"elementor-widget-container\">\n\t\t\t\t\t<h6 class=\"elementor-heading-title elementor-size-default\">Was ist nach einer Gesichtsprothese zu beachten?\n<\/h6>\t\t\t\t<\/div>\n\t\t\t\t<\/div>\n\t\t\t\t<div class=\"elementor-element elementor-element-6884755 elementor-invisible elementor-widget elementor-widget-text-editor\" data-id=\"6884755\" data-element_type=\"widget\" data-e-type=\"widget\" data-settings=\"{&quot;_animation&quot;:&quot;fadeInUp&quot;,&quot;ekit_we_effect_on&quot;:&quot;none&quot;}\" data-widget_type=\"text-editor.default\">\n\t\t\t\t<div class=\"elementor-widget-container\">\n\t\t\t\t\t\t\t\t\t<section class=\"l-section height_auto\"><div class=\"l-section-h i-cf\"><p>Nach dem Eingriff kann es zu einer leichten Schwellung im Bereich der Prothese kommen. Am n\u00e4chsten Tag k\u00f6nnen leichte Schmerzen auftreten. Diese Schmerzen k\u00f6nnen mit leichten Schmerzmitteln behandelt werden. Nach einigen Tagen Ruhe kann der Patient sein normales Leben wieder aufnehmen. Es kann ein bis zwei Wochen dauern, bis die Prothese ihre endg\u00fcltige Form angenommen hat.    <\/p><\/div><\/section><section class=\"l-section height_auto for_comments\"><div class=\"l-section-h i-cf\"><div id=\"comments\" class=\"comments-area\"><div id=\"wpd-post-rating\" class=\"wpd-not-rated\"><div class=\"wpd-rating-wrap\"> <\/div><\/div><\/div><\/div><\/section>\t\t\t\t\t\t\t\t<\/div>\n\t\t\t\t<\/div>\n\t\t\t\t<\/div>\n\t\t\t\t<\/div>\n\t\t\t\t\t<\/div>\n\t\t\t\t<\/div>\n\t\t\t\t<\/div>\n\t\t","protected":false},"excerpt":{"rendered":"<p>Das einfache Fotografieren mit Smartphones, d. h. Selfies und Bilder, die in [&hellip;]<\/p>\n","protected":false},"author":1,"featured_media":27918,"comment_status":"open","ping_status":"closed","sticky":false,"template":"","format":"standard","meta":{"footnotes":""},"categories":[67,72],"tags":[],"class_list":["post-22618","post","type-post","status-publish","format-standard","has-post-thumbnail","hentry","category-artikel","category-gesichtsaesthetik"],"_links":{"self":[{"href":"https:\/\/www.guncelozturk.com\/de\/wp-json\/wp\/v2\/posts\/22618","targetHints":{"allow":["GET"]}}],"collection":[{"href":"https:\/\/www.guncelozturk.com\/de\/wp-json\/wp\/v2\/posts"}],"about":[{"href":"https:\/\/www.guncelozturk.com\/de\/wp-json\/wp\/v2\/types\/post"}],"author":[{"embeddable":true,"href":"https:\/\/www.guncelozturk.com\/de\/wp-json\/wp\/v2\/users\/1"}],"replies":[{"embeddable":true,"href":"https:\/\/www.guncelozturk.com\/de\/wp-json\/wp\/v2\/comments?post=22618"}],"version-history":[{"count":2,"href":"https:\/\/www.guncelozturk.com\/de\/wp-json\/wp\/v2\/posts\/22618\/revisions"}],"predecessor-version":[{"id":27997,"href":"https:\/\/www.guncelozturk.com\/de\/wp-json\/wp\/v2\/posts\/22618\/revisions\/27997"}],"wp:featuredmedia":[{"embeddable":true,"href":"https:\/\/www.guncelozturk.com\/de\/wp-json\/wp\/v2\/media\/27918"}],"wp:attachment":[{"href":"https:\/\/www.guncelozturk.com\/de\/wp-json\/wp\/v2\/media?parent=22618"}],"wp:term":[{"taxonomy":"category","embeddable":true,"href":"https:\/\/www.guncelozturk.com\/de\/wp-json\/wp\/v2\/categories?post=22618"},{"taxonomy":"post_tag","embeddable":true,"href":"https:\/\/www.guncelozturk.com\/de\/wp-json\/wp\/v2\/tags?post=22618"}],"curies":[{"name":"wp","href":"https:\/\/api.w.org\/{rel}","templated":true}]}}