{"id":22780,"date":"2025-05-03T19:38:44","date_gmt":"2025-05-03T19:38:44","guid":{"rendered":"http:\/\/guncelozturk.prdioweb.com\/nicht-kategorisiert\/alles-ueber-die-aesthetik-der-unteren-augenlider\/"},"modified":"2025-09-29T11:42:04","modified_gmt":"2025-09-29T11:42:04","slug":"alles-ueber-die-aesthetik-der-unteren-augenlider","status":"publish","type":"post","link":"https:\/\/www.guncelozturk.com\/de\/alles-ueber-die-aesthetik-der-unteren-augenlider\/","title":{"rendered":"Alles \u00fcber die \u00c4sthetik der unteren Augenlider"},"content":{"rendered":"\t\t<div data-elementor-type=\"wp-post\" data-elementor-id=\"22780\" class=\"elementor elementor-22780 elementor-15395\" data-elementor-post-type=\"post\">\n\t\t\t\t<div class=\"elementor-element elementor-element-62269e9 e-flex e-con-boxed e-con e-parent\" data-id=\"62269e9\" data-element_type=\"container\" data-e-type=\"container\">\n\t\t\t\t\t<div class=\"e-con-inner\">\n\t\t<div class=\"elementor-element elementor-element-e60f737 e-con-full bg-section v2 e-flex e-con e-child\" data-id=\"e60f737\" data-element_type=\"container\" data-e-type=\"container\" data-settings=\"{&quot;background_background&quot;:&quot;classic&quot;}\">\n\t\t<div class=\"elementor-element elementor-element-08296e3 e-con-full e-flex e-con e-child\" data-id=\"08296e3\" data-element_type=\"container\" data-e-type=\"container\">\n\t\t\t\t<div class=\"elementor-element elementor-element-2795599 elementor-invisible elementor-widget elementor-widget-text-editor\" data-id=\"2795599\" data-element_type=\"widget\" data-e-type=\"widget\" data-settings=\"{&quot;_animation&quot;:&quot;fadeInUp&quot;,&quot;ekit_we_effect_on&quot;:&quot;none&quot;}\" data-widget_type=\"text-editor.default\">\n\t\t\t\t<div class=\"elementor-widget-container\">\n\t\t\t\t\t\t\t\t\t<p><strong>Bei der Augenlid\u00e4stheti<\/strong>k werden die oberen und unteren Augenlider in der Regel gemeinsam beurteilt. Was einem Augenlid widerf\u00e4hrt, bleibt auch dem anderen nicht erspart. In manchen F\u00e4llen kann jedoch das untere oder obere Augenlid deutlich \u00e4lter und schlaffer aussehen als das andere. In einem solchen Fall ist es sinnvoller, nur das betroffene Augenlid zu behandeln.   <\/p><p>Im Allgemeinen treten die Zeichen des Alterns am oberen Augenlid auf. Die \u00fcbersch\u00fcssige Haut am Augenlid kann manchmal sogar das Sehverm\u00f6gen beeintr\u00e4chtigen. In seltenen F\u00e4llen ist jedoch das untere Augenlid der eigentliche Ort, an dem sich die Zeichen des Alterns zeigen.  <\/p>\t\t\t\t\t\t\t\t<\/div>\n\t\t\t\t<\/div>\n\t\t\t\t<\/div>\n\t\t\t\t<\/div>\n\t\t<div class=\"elementor-element elementor-element-9305bf6 e-con-full bg-section v2 e-flex e-con e-child\" data-id=\"9305bf6\" data-element_type=\"container\" data-e-type=\"container\" data-settings=\"{&quot;background_background&quot;:&quot;classic&quot;}\">\n\t\t<div class=\"elementor-element elementor-element-da222db e-con-full e-flex e-con e-child\" data-id=\"da222db\" data-element_type=\"container\" data-e-type=\"container\">\n\t\t\t\t<div class=\"elementor-element elementor-element-ea145f4 elementor-invisible elementor-widget elementor-widget-text-editor\" data-id=\"ea145f4\" data-element_type=\"widget\" data-e-type=\"widget\" data-settings=\"{&quot;_animation&quot;:&quot;fadeInUp&quot;,&quot;ekit_we_effect_on&quot;:&quot;none&quot;}\" data-widget_type=\"text-editor.default\">\n\t\t\t\t<div class=\"elementor-widget-container\">\n\t\t\t\t\t\t\t\t\t<p>Falten und Hauterschlaffungen am unteren<strong> Augenlid lassen in K<\/strong>ombination mit Tr\u00e4nens\u00e4cken unter den Augen m\u00fcde und ersch\u00f6pft aussehen. Selbst in jungen Jahren k\u00f6nnen dunkle Augenringe, die uns nicht loslassen, die Situation noch verschlimmern. <\/p><p>Die Unterlidstraffung ist im Allgemeinen ein Eingriff, der unter \u00f6rtlicher Bet\u00e4ubung durchgef\u00fchrt wird, w\u00e4hrend der Patient wach ist, und etwa 1 bis 1,5 Stunden dauert. Dabei werden Muskeln und Bindegewebe gestrafft, ohne dass der Patient Schmerzen oder Beschwerden versp\u00fcrt. Eventuell vorhandene Haut\u00fcbersch\u00fcsse werden mit kleinen Schnitten entfernt.  <\/p><p>Nach dem Eingriff, der nur minimale, nur f\u00fcr Sie sichtbare kleine N\u00e4hte hinterl\u00e4sst, wird empfohlen, zur Vorbeugung von Bluterg\u00fcssen eine Eiskompresse aufzulegen. Die nach der Operation auftretenden Schwellungen k\u00f6nnen durch die Verwendung eines h\u00f6heren Kissens als gew\u00f6hnlich verhindert werden. Bluterg\u00fcsse und Schwellungen klingen innerhalb von maximal 6 Tagen ab, sofern Sie die Anweisungen Ihres Arztes befolgen.  <\/p><p><strong>Die Unterlidstraffung ist ein Eingrif<\/strong>f, der Ihnen ein jugendlicheres Aussehen verleiht und bei sorgf\u00e4ltiger Pflege bis zu 10 Jahre lang halten kann.<\/p><p><strong>Dr. med. G\u00fcncel \u00d6zt\u00fcrk <\/strong><br><strong>\u00c4sthetische, plastische und rekonstruktive Chirurgie<\/strong><\/p>\t\t\t\t\t\t\t\t<\/div>\n\t\t\t\t<\/div>\n\t\t<div class=\"elementor-element elementor-element-a99157c e-con-full e-flex e-con e-child\" data-id=\"a99157c\" data-element_type=\"container\" data-e-type=\"container\" data-settings=\"{&quot;background_background&quot;:&quot;classic&quot;}\">\n\t\t\t\t<div class=\"elementor-element elementor-element-05276e8 at-image-animation at-animation-image-none elementor-widget elementor-widget-image\" data-id=\"05276e8\" data-element_type=\"widget\" data-e-type=\"widget\" data-settings=\"{&quot;ekit_we_effect_on&quot;:&quot;none&quot;}\" data-widget_type=\"image.default\">\n\t\t\t\t<div class=\"elementor-widget-container\">\n\t\t\t\t\t\t\t\t\t\t\t\t\t\t\t<img fetchpriority=\"high\" decoding=\"async\" width=\"547\" height=\"365\" src=\"https:\/\/www.guncelozturk.com\/wp-content\/uploads\/2025\/05\/gozestetigi.webp\" class=\"attachment-large size-large wp-image-22782\" alt=\"\" srcset=\"https:\/\/www.guncelozturk.com\/wp-content\/uploads\/2025\/05\/gozestetigi.webp 547w, https:\/\/www.guncelozturk.com\/wp-content\/uploads\/2025\/05\/gozestetigi-300x200.webp 300w\" sizes=\"(max-width: 547px) 100vw, 547px\" title=\"\">\t\t\t\t\t\t\t\t\t\t\t\t\t\t\t<\/div>\n\t\t\t\t<\/div>\n\t\t\t\t<\/div>\n\t\t\t\t<\/div>\n\t\t\t\t<\/div>\n\t\t\t\t\t<\/div>\n\t\t\t\t<\/div>\n\t\t\t\t<\/div>\n\t\t","protected":false},"excerpt":{"rendered":"<p>Bei der Augenlid\u00e4sthetik werden die oberen und unteren Augenlider in der Regel [&hellip;]<\/p>\n","protected":false},"author":1,"featured_media":27925,"comment_status":"open","ping_status":"closed","sticky":false,"template":"","format":"standard","meta":{"footnotes":""},"categories":[67,72],"tags":[],"class_list":["post-22780","post","type-post","status-publish","format-standard","has-post-thumbnail","hentry","category-artikel","category-gesichtsaesthetik"],"_links":{"self":[{"href":"https:\/\/www.guncelozturk.com\/de\/wp-json\/wp\/v2\/posts\/22780","targetHints":{"allow":["GET"]}}],"collection":[{"href":"https:\/\/www.guncelozturk.com\/de\/wp-json\/wp\/v2\/posts"}],"about":[{"href":"https:\/\/www.guncelozturk.com\/de\/wp-json\/wp\/v2\/types\/post"}],"author":[{"embeddable":true,"href":"https:\/\/www.guncelozturk.com\/de\/wp-json\/wp\/v2\/users\/1"}],"replies":[{"embeddable":true,"href":"https:\/\/www.guncelozturk.com\/de\/wp-json\/wp\/v2\/comments?post=22780"}],"version-history":[{"count":1,"href":"https:\/\/www.guncelozturk.com\/de\/wp-json\/wp\/v2\/posts\/22780\/revisions"}],"predecessor-version":[{"id":22783,"href":"https:\/\/www.guncelozturk.com\/de\/wp-json\/wp\/v2\/posts\/22780\/revisions\/22783"}],"wp:featuredmedia":[{"embeddable":true,"href":"https:\/\/www.guncelozturk.com\/de\/wp-json\/wp\/v2\/media\/27925"}],"wp:attachment":[{"href":"https:\/\/www.guncelozturk.com\/de\/wp-json\/wp\/v2\/media?parent=22780"}],"wp:term":[{"taxonomy":"category","embeddable":true,"href":"https:\/\/www.guncelozturk.com\/de\/wp-json\/wp\/v2\/categories?post=22780"},{"taxonomy":"post_tag","embeddable":true,"href":"https:\/\/www.guncelozturk.com\/de\/wp-json\/wp\/v2\/tags?post=22780"}],"curies":[{"name":"wp","href":"https:\/\/api.w.org\/{rel}","templated":true}]}}