{"id":23597,"date":"2025-03-31T15:56:47","date_gmt":"2025-03-31T15:56:47","guid":{"rendered":"http:\/\/guncelozturk.prdioweb.com\/nicht-kategorisiert\/die-feinheiten-der-nasenkorrektur-bei-frauen-das-ideale-nasendesign-fuer-ein-natuerliches-und-makelloses-aussehen\/"},"modified":"2025-09-12T13:00:12","modified_gmt":"2025-09-12T13:00:12","slug":"die-feinheiten-der-nasenkorrektur-bei-frauen-das-ideale-nasendesign-fuer-ein-natuerliches-und-makelloses-aussehen","status":"publish","type":"post","link":"https:\/\/www.guncelozturk.com\/de\/die-feinheiten-der-nasenkorrektur-bei-frauen-das-ideale-nasendesign-fuer-ein-natuerliches-und-makelloses-aussehen\/","title":{"rendered":"Die Feinheiten der Nasenkorrektur bei Frauen: Das ideale Nasendesign f\u00fcr ein nat\u00fcrliches und makelloses Aussehen"},"content":{"rendered":"\t\t<div data-elementor-type=\"wp-post\" data-elementor-id=\"23597\" class=\"elementor elementor-23597 elementor-14514\" data-elementor-post-type=\"post\">\n\t\t\t\t<div class=\"elementor-element elementor-element-62269e9 e-flex e-con-boxed e-con e-parent\" data-id=\"62269e9\" data-element_type=\"container\" data-e-type=\"container\">\n\t\t\t\t\t<div class=\"e-con-inner\">\n\t\t<div class=\"elementor-element elementor-element-9305bf6 e-con-full bg-section v2 e-flex e-con e-child\" data-id=\"9305bf6\" data-element_type=\"container\" data-e-type=\"container\" data-settings=\"{&quot;background_background&quot;:&quot;classic&quot;}\">\n\t\t<div class=\"elementor-element elementor-element-da222db e-con-full e-flex e-con e-child\" data-id=\"da222db\" data-element_type=\"container\" data-e-type=\"container\">\n\t\t\t\t<div class=\"elementor-element elementor-element-2c66c78 at-heading-animation at-animation-heading-style-3 elementor-widget elementor-widget-heading\" data-id=\"2c66c78\" data-element_type=\"widget\" data-e-type=\"widget\" data-settings=\"{&quot;ekit_we_effect_on&quot;:&quot;none&quot;}\" data-widget_type=\"heading.default\">\n\t\t\t\t<div class=\"elementor-widget-container\">\n\t\t\t\t\t<h3 class=\"elementor-heading-title elementor-size-default\">3D-Nasenkorrektur mit individueller Nasengestaltung\n<\/h3>\t\t\t\t<\/div>\n\t\t\t\t<\/div>\n\t\t\t\t<div class=\"elementor-element elementor-element-ea145f4 elementor-invisible elementor-widget elementor-widget-text-editor\" data-id=\"ea145f4\" data-element_type=\"widget\" data-e-type=\"widget\" data-settings=\"{&quot;_animation&quot;:&quot;fadeInUp&quot;,&quot;ekit_we_effect_on&quot;:&quot;none&quot;}\" data-widget_type=\"text-editor.default\">\n\t\t\t\t<div class=\"elementor-widget-container\">\n\t\t\t\t\t\t\t\t\t<p class=\"\" data-start=\"265\" data-end=\"718\">Die Rhinoplastik wird nach unterschiedlichen Kriterien f\u00fcr M\u00e4nner und Frauen gestaltet. <strong data-start=\"347\" data-end=\"376\">Eine Nasenkorrektur bei Frauen<\/strong> sollte so gestaltet sein, dass die Gesichtsz\u00fcge weicher und eleganter wirken. F\u00fcr ein <strong data-start=\"450\" data-end=\"478\">korrektes Nasendesign<\/strong> ist es ideal, wenn der Nasenr\u00fccken <strong data-start=\"499\" data-end=\"525\">leicht gebogen oder gerade<\/strong> ist und die Nasenspitze <strong data-start=\"540\" data-end=\"575\">1-2 mm h\u00f6her liegt als der Nasenr\u00fccken<\/strong>. Au\u00dferdem sollte <strong data-start=\"601\" data-end=\"638\">der Winkel zwischen der Nase und den Lippen<\/strong> etwa <strong data-start=\"648\" data-end=\"662\">100 Grad<\/strong> betragen, damit die Nase eine \u00e4sthetische und nat\u00fcrliche Haltung einnimmt. <\/p><p class=\"\" data-start=\"720\" data-end=\"915\"><strong data-start=\"759\" data-end=\"796\">Die symmetrische und elliptische Form der<\/strong> Nasenl\u00f6cher, wenn man sie von der Seite betrachtet, und das leichte Aussehen der Nasenl\u00f6cher, wenn man sie von vorne betrachtet, sind die grundlegenden Merkmale <strong data-start=\"858\" data-end=\"887\">einer nat\u00fcrlichen Nasenstruktur<\/strong>.<\/p>\t\t\t\t\t\t\t\t<\/div>\n\t\t\t\t<\/div>\n\t\t<div class=\"elementor-element elementor-element-a99157c e-con-full e-flex e-con e-child\" data-id=\"a99157c\" data-element_type=\"container\" data-e-type=\"container\" data-settings=\"{&quot;background_background&quot;:&quot;classic&quot;}\">\n\t\t\t\t<div class=\"elementor-element elementor-element-05276e8 at-image-animation at-animation-image-none elementor-widget elementor-widget-image\" data-id=\"05276e8\" data-element_type=\"widget\" data-e-type=\"widget\" data-settings=\"{&quot;ekit_we_effect_on&quot;:&quot;none&quot;}\" data-widget_type=\"image.default\">\n\t\t\t\t<div class=\"elementor-widget-container\">\n\t\t\t\t\t\t\t\t\t\t\t\t\t\t\t<img fetchpriority=\"high\" decoding=\"async\" width=\"300\" height=\"168\" src=\"https:\/\/www.guncelozturk.com\/wp-content\/uploads\/2025\/03\/mask3d-300x168-1-1-1.webp\" class=\"attachment-large size-large wp-image-23598\" alt=\"\" title=\"\">\t\t\t\t\t\t\t\t\t\t\t\t\t\t\t<\/div>\n\t\t\t\t<\/div>\n\t\t\t\t<\/div>\n\t\t\t\t<\/div>\n\t\t\t\t<\/div>\n\t\t<div class=\"elementor-element elementor-element-ea36163 e-con-full bg-section v2 e-flex e-con e-child\" data-id=\"ea36163\" data-element_type=\"container\" data-e-type=\"container\" data-settings=\"{&quot;background_background&quot;:&quot;classic&quot;}\">\n\t\t<div class=\"elementor-element elementor-element-cd27448 e-con-full e-flex e-con e-child\" data-id=\"cd27448\" data-element_type=\"container\" data-e-type=\"container\">\n\t\t\t\t<div class=\"elementor-element elementor-element-1b0b9c7 at-heading-animation at-animation-heading-style-3 elementor-widget elementor-widget-heading\" data-id=\"1b0b9c7\" data-element_type=\"widget\" data-e-type=\"widget\" data-settings=\"{&quot;ekit_we_effect_on&quot;:&quot;none&quot;}\" data-widget_type=\"heading.default\">\n\t\t\t\t<div class=\"elementor-widget-container\">\n\t\t\t\t\t<h3 class=\"elementor-heading-title elementor-size-default\">Goldener Schnitt und harmonische Nasenformung\n<\/h3>\t\t\t\t<\/div>\n\t\t\t\t<\/div>\n\t\t\t\t<div class=\"elementor-element elementor-element-3cdd8dd elementor-invisible elementor-widget elementor-widget-text-editor\" data-id=\"3cdd8dd\" data-element_type=\"widget\" data-e-type=\"widget\" data-settings=\"{&quot;_animation&quot;:&quot;fadeInUp&quot;,&quot;ekit_we_effect_on&quot;:&quot;none&quot;}\" data-widget_type=\"text-editor.default\">\n\t\t\t\t<div class=\"elementor-widget-container\">\n\t\t\t\t\t\t\t\t\t<p class=\"\" data-start=\"974\" data-end=\"1255\">Eine erfolgreiche Nasenkorrektur sollte daran gemessen werden, dass die Nase <strong data-start=\"1043\" data-end=\"1090\">mit der allgemeinen Struktur des Gesichts harmoniert<\/strong> und nicht allein sch\u00f6n ist. Eine nach den Regeln des <strong data-start=\"1113\" data-end=\"1127\">Goldenen Schnitts<\/strong> gestaltete Nase sollte in v\u00f6lliger Harmonie mit den <strong data-start=\"1175\" data-end=\"1218\">Wangenknochen, den Augenbrauen, der Stirn und dem Kinn<\/strong> sein.<\/p><p class=\"\" data-start=\"1257\" data-end=\"1540\">Die Faktoren, die die Gr\u00f6\u00dfe der Nase bestimmen, sind nicht nur die Nasenstruktur selbst, sondern auch die umgebenden Gesichtsz\u00fcge. <strong data-start=\"1360\" data-end=\"1405\">Die L\u00e4nge, Breite oder D\u00fcnnheit der Nase<\/strong> sollte mit den allgemeinen Konturen des Gesichts in Einklang stehen. Eine ideale Nase <strong data-start=\"1494\" data-end=\"1537\">sollte ein nat\u00fcrliches und \u00e4sthetisches Aussehen bieten<\/strong>, ohne die Integrit\u00e4t des Gesichts zu beeintr\u00e4chtigen. <\/p>\t\t\t\t\t\t\t\t<\/div>\n\t\t\t\t<\/div>\n\t\t\t\t<\/div>\n\t\t\t\t<\/div>\n\t\t<div class=\"elementor-element elementor-element-54aa7df e-con-full bg-section v2 e-flex e-con e-child\" data-id=\"54aa7df\" data-element_type=\"container\" data-e-type=\"container\" data-settings=\"{&quot;background_background&quot;:&quot;classic&quot;}\">\n\t\t<div class=\"elementor-element elementor-element-a4dd9c9 e-con-full e-flex e-con e-child\" data-id=\"a4dd9c9\" data-element_type=\"container\" data-e-type=\"container\">\n\t\t\t\t<div class=\"elementor-element elementor-element-7b1a6b1 at-heading-animation at-animation-heading-style-3 elementor-widget elementor-widget-heading\" data-id=\"7b1a6b1\" data-element_type=\"widget\" data-e-type=\"widget\" data-settings=\"{&quot;ekit_we_effect_on&quot;:&quot;none&quot;}\" data-widget_type=\"heading.default\">\n\t\t\t\t<div class=\"elementor-widget-container\">\n\t\t\t\t\t<h3 class=\"elementor-heading-title elementor-size-default\">3D-Nasenkorrektur: Individuelles digitales Nasendesign\n<\/h3>\t\t\t\t<\/div>\n\t\t\t\t<\/div>\n\t\t\t\t<div class=\"elementor-element elementor-element-771cdd5 elementor-invisible elementor-widget elementor-widget-text-editor\" data-id=\"771cdd5\" data-element_type=\"widget\" data-e-type=\"widget\" data-settings=\"{&quot;_animation&quot;:&quot;fadeInUp&quot;,&quot;ekit_we_effect_on&quot;:&quot;none&quot;}\" data-widget_type=\"text-editor.default\">\n\t\t\t\t<div class=\"elementor-widget-container\">\n\t\t\t\t\t\t\t\t\t<p class=\"\" data-start=\"1605\" data-end=\"1884\">Bei der Planung einer Nasenkorrektur sollte <strong data-start=\"1643\" data-end=\"1678\">nicht nur das Profil oder die Frontalansicht<\/strong> ber\u00fccksichtigt werden, sondern auch, wie die Nase aus verschiedenen Blickwinkeln aussehen wird. <strong data-start=\"1755\" data-end=\"1842\">Wie die Nase von oben, von unten, aus diagonalen Winkeln, beim Sprechen und Lachen geformt wird<\/strong>, sollte im Detail analysiert werden.<\/p><p class=\"\" data-start=\"1886\" data-end=\"2247\">Dank der sich weiterentwickelnden Technologie k\u00f6nnen Patienten bei der <strong data-start=\"1915\" data-end=\"1936\">3D-Rhinoplastik<\/strong> ihr postoperatives Nasenaussehen jetzt mit <strong data-start=\"2001\" data-end=\"2046\">hochaufl\u00f6senden digitalen Simulationen<\/strong> im Voraus sehen. <strong data-start=\"2068\" data-end=\"2117\">Hologrammtechnologie und 3D-Maskenanwendungen<\/strong> erleichtern den Entscheidungsprozess, indem sie den Patienten die M\u00f6glichkeit bieten, <strong data-start=\"2129\" data-end=\"2187\">ihre postoperativen Nasen auf die realistischste Weise zu sehen<\/strong>.<\/p><p class=\"\" data-start=\"2249\" data-end=\"2493\">Dank dieser fortschrittlichen Techniken kann vor der Entscheidung f\u00fcr eine Nasenkorrektur <strong data-start=\"2329\" data-end=\"2390\">ein individuelles, ideales Nasendesi<\/strong>gn erstellt werden. Dies erh\u00f6ht die Patientenzufriedenheit und verhindert \u00fcberraschende Ergebnisse nach der Operation. <\/p>\t\t\t\t\t\t\t\t<\/div>\n\t\t\t\t<\/div>\n\t\t\t\t<\/div>\n\t\t\t\t<\/div>\n\t\t<div class=\"elementor-element elementor-element-7cf815e e-con-full bg-section v2 e-flex e-con e-child\" data-id=\"7cf815e\" data-element_type=\"container\" data-e-type=\"container\" data-settings=\"{&quot;background_background&quot;:&quot;classic&quot;}\">\n\t\t<div class=\"elementor-element elementor-element-b2a3f5c e-con-full e-flex e-con e-child\" data-id=\"b2a3f5c\" data-element_type=\"container\" data-e-type=\"container\">\n\t\t\t\t<div class=\"elementor-element elementor-element-4d3f570 at-heading-animation at-animation-heading-style-3 elementor-widget elementor-widget-heading\" data-id=\"4d3f570\" data-element_type=\"widget\" data-e-type=\"widget\" data-settings=\"{&quot;ekit_we_effect_on&quot;:&quot;none&quot;}\" data-widget_type=\"heading.default\">\n\t\t\t\t<div class=\"elementor-widget-container\">\n\t\t\t\t\t<h3 class=\"elementor-heading-title elementor-size-default\">Das Geheimnis der idealen Nasen\u00e4sthetik: Ein nat\u00fcrliches und elegantes Aussehen\n<\/h3>\t\t\t\t<\/div>\n\t\t\t\t<\/div>\n\t\t\t\t<div class=\"elementor-element elementor-element-14dc61d elementor-invisible elementor-widget elementor-widget-text-editor\" data-id=\"14dc61d\" data-element_type=\"widget\" data-e-type=\"widget\" data-settings=\"{&quot;_animation&quot;:&quot;fadeInUp&quot;,&quot;ekit_we_effect_on&quot;:&quot;none&quot;}\" data-widget_type=\"text-editor.default\">\n\t\t\t\t<div class=\"elementor-widget-container\">\n\t\t\t\t\t\t\t\t\t<p class=\"\" data-start=\"2558\" data-end=\"2784\">Das wichtigste Kriterium f\u00fcr eine erfolgreiche Nasenkorrektur ist, <strong data-start=\"2617\" data-end=\"2647\">dass sich die Nase nicht in den Vordergrund stellt<\/strong>. <strong data-start=\"2652\" data-end=\"2681\">Eine gut gestaltete Nase<\/strong> sollte die allgemeinen Konturen des Gesichts erg\u00e4nzen und einen Effekt erzeugen <strong data-start=\"2718\" data-end=\"2759\">, der die Augen und Lippen betont<\/strong>.<\/p><p class=\"\" data-start=\"2786\" data-end=\"3085\">Die Rhinoplastik korrigiert nicht nur die Form der Nase, sondern <strong data-start=\"2858\" data-end=\"2921\">sorgt auch f\u00fcr ein aussagekr\u00e4ftigeres, ausgewogeneres und attraktiveres Aussehen des Gesichts<\/strong>. Daher ist es von gro\u00dfer Bedeutung <strong data-start=\"2994\" data-end=\"3065\">, einen Chirurgen zu w\u00e4hlen, der nicht nur die Form der Nase, sondern auch die gesamte \u00e4sthetische Harmonie des Gesichts ber\u00fccksichtigt<\/strong>. <\/p>\t\t\t\t\t\t\t\t<\/div>\n\t\t\t\t<\/div>\n\t\t\t\t<\/div>\n\t\t\t\t<\/div>\n\t\t<div class=\"elementor-element elementor-element-62c4b64 e-con-full bg-section v2 e-flex e-con e-child\" data-id=\"62c4b64\" data-element_type=\"container\" data-e-type=\"container\" data-settings=\"{&quot;background_background&quot;:&quot;classic&quot;}\">\n\t\t<div class=\"elementor-element elementor-element-fdcc034 e-con-full e-flex e-con e-child\" data-id=\"fdcc034\" data-element_type=\"container\" data-e-type=\"container\">\n\t\t\t\t<div class=\"elementor-element elementor-element-40e99fb at-heading-animation at-animation-heading-style-3 elementor-widget elementor-widget-heading\" data-id=\"40e99fb\" data-element_type=\"widget\" data-e-type=\"widget\" data-settings=\"{&quot;ekit_we_effect_on&quot;:&quot;none&quot;}\" data-widget_type=\"heading.default\">\n\t\t\t\t<div class=\"elementor-widget-container\">\n\t\t\t\t\t<h3 class=\"elementor-heading-title elementor-size-default\">Ergebnis: \u00c4sthetisches Nasendesign, das die Integrit\u00e4t des Gesichts nicht beeintr\u00e4chtigt\n<\/h3>\t\t\t\t<\/div>\n\t\t\t\t<\/div>\n\t\t\t\t<div class=\"elementor-element elementor-element-a1c67c3 elementor-invisible elementor-widget elementor-widget-text-editor\" data-id=\"a1c67c3\" data-element_type=\"widget\" data-e-type=\"widget\" data-settings=\"{&quot;_animation&quot;:&quot;fadeInUp&quot;,&quot;ekit_we_effect_on&quot;:&quot;none&quot;}\" data-widget_type=\"text-editor.default\">\n\t\t\t\t<div class=\"elementor-widget-container\">\n\t\t\t\t\t\t\t\t\t<p class=\"\" data-start=\"3153\" data-end=\"3411\">Das Ziel der Rhinoplastik bei Frauen ist es, <strong data-start=\"3187\" data-end=\"3229\">eine nat\u00fcrliche und elegante Nase zu schaffen , die mit dem Gesicht kompatibel ist<\/strong>. <strong data-start=\"3245\" data-end=\"3303\">Heute bietet die Rhinoplastik, unterst\u00fctzt durch 3D-Technologien<\/strong>, den Patienten die M\u00f6glichkeit, die genaueste Nasenform zu bestimmen, was zu erfolgreicheren Ergebnissen f\u00fchrt.<\/p><p class=\"\" data-start=\"3413\" data-end=\"3642\">Eine ideale Nase <strong data-start=\"3452\" data-end=\"3511\">sollte dem Gesicht eines Menschen Bedeutung und \u00e4sthetische Integrit\u00e4t verleihen<\/strong> und gleichzeitig seine Nat\u00fcrlichkeit bewahren. Eine erfolgreiche Nasenkorrektur versch\u00f6nert nicht nur die Nase, sondern l\u00e4sst auch <strong data-start=\"3582\" data-end=\"3639\">den gesamten Gesichtsausdruck eindrucksvoller<\/strong> erscheinen. <\/p>\t\t\t\t\t\t\t\t<\/div>\n\t\t\t\t<\/div>\n\t\t\t\t<\/div>\n\t\t\t\t<\/div>\n\t\t\t\t\t<\/div>\n\t\t\t\t<\/div>\n\t\t\t\t<\/div>\n\t\t","protected":false},"excerpt":{"rendered":"<p>3D-Nasenkorrektur mit individueller Nasengestaltung Die Rhinoplastik wird nach unterschiedlichen Kriterien f\u00fcr M\u00e4nner [&hellip;]<\/p>\n","protected":false},"author":1,"featured_media":26510,"comment_status":"closed","ping_status":"closed","sticky":false,"template":"","format":"standard","meta":{"footnotes":""},"categories":[67,71,69],"tags":[],"class_list":["post-23597","post","type-post","status-publish","format-standard","has-post-thumbnail","hentry","category-artikel","category-koerperaesthetik","category-nasenkorrektur"],"_links":{"self":[{"href":"https:\/\/www.guncelozturk.com\/de\/wp-json\/wp\/v2\/posts\/23597","targetHints":{"allow":["GET"]}}],"collection":[{"href":"https:\/\/www.guncelozturk.com\/de\/wp-json\/wp\/v2\/posts"}],"about":[{"href":"https:\/\/www.guncelozturk.com\/de\/wp-json\/wp\/v2\/types\/post"}],"author":[{"embeddable":true,"href":"https:\/\/www.guncelozturk.com\/de\/wp-json\/wp\/v2\/users\/1"}],"replies":[{"embeddable":true,"href":"https:\/\/www.guncelozturk.com\/de\/wp-json\/wp\/v2\/comments?post=23597"}],"version-history":[{"count":1,"href":"https:\/\/www.guncelozturk.com\/de\/wp-json\/wp\/v2\/posts\/23597\/revisions"}],"predecessor-version":[{"id":23599,"href":"https:\/\/www.guncelozturk.com\/de\/wp-json\/wp\/v2\/posts\/23597\/revisions\/23599"}],"wp:featuredmedia":[{"embeddable":true,"href":"https:\/\/www.guncelozturk.com\/de\/wp-json\/wp\/v2\/media\/26510"}],"wp:attachment":[{"href":"https:\/\/www.guncelozturk.com\/de\/wp-json\/wp\/v2\/media?parent=23597"}],"wp:term":[{"taxonomy":"category","embeddable":true,"href":"https:\/\/www.guncelozturk.com\/de\/wp-json\/wp\/v2\/categories?post=23597"},{"taxonomy":"post_tag","embeddable":true,"href":"https:\/\/www.guncelozturk.com\/de\/wp-json\/wp\/v2\/tags?post=23597"}],"curies":[{"name":"wp","href":"https:\/\/api.w.org\/{rel}","templated":true}]}}