{"id":26741,"date":"2025-09-15T11:19:50","date_gmt":"2025-09-15T11:19:50","guid":{"rendered":"https:\/\/www.guncelozturk.com\/?p=26741"},"modified":"2026-01-06T08:42:34","modified_gmt":"2026-01-06T08:42:34","slug":"was-sie-ueber-das-entfernen-von-muttermalen-wissen-sollten","status":"publish","type":"post","link":"https:\/\/www.guncelozturk.com\/de\/was-sie-ueber-das-entfernen-von-muttermalen-wissen-sollten\/","title":{"rendered":"Was Sie \u00fcber das Entfernen von Muttermalen wissen sollten"},"content":{"rendered":"\t\t<div data-elementor-type=\"wp-post\" data-elementor-id=\"26741\" class=\"elementor elementor-26741 elementor-26733\" data-elementor-post-type=\"post\">\n\t\t\t\t<div class=\"elementor-element elementor-element-5ffa1b5 e-flex e-con-boxed e-con e-parent\" data-id=\"5ffa1b5\" data-element_type=\"container\" data-e-type=\"container\">\n\t\t\t\t\t<div class=\"e-con-inner\">\n\t\t\t\t<div class=\"elementor-element elementor-element-2894c029 elementor-widget elementor-widget-text-editor\" data-id=\"2894c029\" data-element_type=\"widget\" data-e-type=\"widget\" data-settings=\"{&quot;ekit_we_effect_on&quot;:&quot;none&quot;}\" data-widget_type=\"text-editor.default\">\n\t\t\t\t<div class=\"elementor-widget-container\">\n\t\t\t\t\t\t\t\t\t<p data-start=\"137\" data-end=\"484\">Herkesin cildinde ben bulunur. Baz\u0131lar\u0131 do\u011fu\u015ftand\u0131r, baz\u0131lar\u0131 ileriki y\u0131llarda ortaya \u00e7\u0131kar. \u00c7o\u011fu zaman, onlar\u0131 g\u00f6rmezden geliriz, \u00e7\u00fcnk\u00fc sorun \u00e7\u0131karmazlar. Y\u00fcz b\u00f6lgesinde oldu\u011fu zaman s\u0131k\u0131nt\u0131 verirler, \u00f6zellikle de benlerin b\u00fcy\u00fck veya \u00e7\u0131k\u0131nt\u0131l\u0131 olduklar\u0131nda, \u00e7\u00fcnk\u00fc k\u00f6t\u00fc bir g\u00f6r\u00fcn\u00fcme neden olurlar. Sonu\u00e7ta, insanlar\u0131n ilk bakt\u0131\u011f\u0131 yer y\u00fcz\u00fcm\u00fczd\u00fcr.<\/p><h2 data-start=\"486\" data-end=\"858\"><strong data-start=\"486\" data-end=\"518\">Ben olu\u015fumunun nedeni nedir?<\/strong><\/h2><p data-start=\"486\" data-end=\"858\">Bir ki\u015finin sahip oldu\u011fu ben say\u0131s\u0131n\u0131 genetik yap\u0131s\u0131 belirler. 100\u2019den fazla ben i\u00e7eren ciltlerde \u201ccilt kanseri\u201d geli\u015fme riski artar. G\u00fcne\u015f maruziyeti benlerin geli\u015fiminde \u00f6nemli bir rol oynamaktad\u0131r. Ancak bu benlerin ileriki d\u00f6nemlerde g\u00f6r\u00fcnme e\u011filimi vard\u0131r. Bu nedenle g\u00fcne\u015fe maruz kalmadan \u00f6nce g\u00fcne\u015f koruyucu uygulamak \u00f6nemlidir.<\/p><h2 data-start=\"860\" data-end=\"1451\"><strong data-start=\"860\" data-end=\"885\">Ben ald\u0131r\u0131labilir mi?<\/strong><\/h2><p data-start=\"860\" data-end=\"1451\">Y\u00fcz\u00fcn\u00fczde ya da v\u00fccudunuzun g\u00f6r\u00fcn\u00fcr bir yerinde sizi rahats\u0131z eden bir beniniz varsa, bunu ald\u0131rabilirsiniz. Benler, karakteristik \u00f6zelli\u011fine ba\u011fl\u0131 olarak radyofrekans ablasyonla ya da cerrahi kesi ile \u00e7\u0131kar\u0131labilir. Baz\u0131 benler lazerle de \u00e7\u0131kar\u0131labilir, ancak genellikle bir seanstan daha fazla i\u015flem yapmak gerekebilir. Ben alma i\u015flemi 5 ila 10 dakika aras\u0131nda s\u00fcrer ve tek ziyarette yap\u0131labilir. Do\u011fru te\u015fhis konulmas\u0131 i\u00e7in bir doktor taraf\u0131ndan de\u011ferlendirilmesi gerekir. Bu kontrol\u00fcn ard\u0131ndan cerrah benin hangi teknik ile al\u0131nmas\u0131 gerekti\u011fine karar verir.<\/p><p data-start=\"1453\" data-end=\"1608\">Genel olarak, benler \u015fu sebeplerden dolay\u0131 al\u0131nabilir:<br data-start=\"1507\" data-end=\"1510\" \/>\u25cf Ki\u015fiyi rahats\u0131z ediyorsa<br data-start=\"1536\" data-end=\"1539\" \/>\u25cf Estetik olmayan bir g\u00f6r\u00fcn\u00fcme sahipse<br data-start=\"1577\" data-end=\"1580\" \/>\u25cf Cilt kanseri riski varsa<\/p><h2 data-start=\"1610\" data-end=\"2063\"><strong data-start=\"1610\" data-end=\"1654\">Benler hangi durumda tehlikeli olabilir?<\/strong><\/h2><p data-start=\"1610\" data-end=\"2063\">Cilt kanseri riski ta\u015f\u0131yan benler genellikle boyut ve renk a\u00e7\u0131s\u0131ndan de\u011fi\u015fir. Sahip oldu\u011funuz t\u00fcm benleri izlemek i\u00e7in a\u015fa\u011f\u0131daki maddeleri takip etmeniz \u00e7ok \u00f6nemlidir.<br data-start=\"1824\" data-end=\"1827\" \/><strong>Asimetri:<\/strong> Simetrik olmayan ben<br data-start=\"1857\" data-end=\"1860\" \/><strong>S\u0131n\u0131r:<\/strong> S\u0131n\u0131rlar\u0131 tam olarak belirgin olamayan benler<br data-start=\"1912\" data-end=\"1915\" \/><strong>Renk:<\/strong> K\u0131sa s\u00fcre \u00f6nce koyula\u015fan benler<br data-start=\"1952\" data-end=\"1955\" \/><strong>\u00c7ap:<\/strong> \u00c7ap\u0131 0,5 cm\u2019den b\u00fcy\u00fck veya h\u0131zla b\u00fcy\u00fcyen benler<br data-start=\"2007\" data-end=\"2010\" \/><strong>Kabart\u0131:<\/strong> \u00dcst y\u00fczeyi kabararak y\u00fckselmi\u015f olan benler<\/p><p data-start=\"2065\" data-end=\"2190\">Benlerinizden birinde ya da birka\u00e7\u0131nda bu t\u00fcr belirtileri fark ederseniz, derhal bir cilt doktoruna ba\u015fvurman\u0131z gereklidir.<\/p><h2 data-start=\"2192\" data-end=\"2451\"><strong data-start=\"2192\" data-end=\"2229\">Ben ald\u0131r\u0131rken ac\u0131 hissedilir mi?<\/strong><\/h2><p data-start=\"2192\" data-end=\"2451\">Operasyondan \u00f6nce lokal anestezi uyguland\u0131\u011f\u0131 i\u00e7in herhangi bir \u015fekilde a\u011fr\u0131 hissedilmez. Lazer destekli uygulamalar ile benin al\u0131nmas\u0131 durumunda ise tedavi \u00f6ncesi benin bulundu\u011fu b\u00f6lgeye uyu\u015fturucu bir krem uygulan\u0131r.<\/p><h2 data-start=\"2453\" data-end=\"2836\"><strong data-start=\"2453\" data-end=\"2502\">Ben ald\u0131rma operasyonundan sonra iz kal\u0131r m\u0131?<\/strong><\/h2><p data-start=\"2453\" data-end=\"2836\">Ben ald\u0131rma esteti\u011finde, benin derinli\u011fine ve kullan\u0131lan tekni\u011fin t\u00fcr\u00fcne ba\u011fl\u0131 olarak, hafif bir yara izi olu\u015fabilir. Benin derinli\u011fi \u00e7ok fazla ise iz b\u0131rakmamak i\u00e7in tedavi 6 ya da 8 hafta aral\u0131klar ile 2 ya da 3 seans \u015feklinde uygulanabilir. Cerrahi operasyonla ise bir defada al\u0131n\u0131r. \u0130z kalmamas\u0131 i\u00e7in estetik diki\u015f uygulan\u0131r.<\/p><h2 data-start=\"2838\" data-end=\"3227\"><strong data-start=\"2838\" data-end=\"2868\">Prosed\u00fcrden sonra ne olur?<\/strong><\/h2><p data-start=\"2838\" data-end=\"3227\">Benin al\u0131nd\u0131\u011f\u0131 alan\u0131n \u00fczerinde hafif bir kabuk olu\u015fabilir. Endi\u015felenmenize hi\u00e7 gerek yok. 1 ya da 2 hafta i\u00e7inde bu kabuk d\u00fc\u015fer ve alt\u0131ndan yeni cildiniz ortaya \u00e7\u0131kar. Kabu\u011fun kendili\u011finden d\u00fc\u015fmesini beklemeniz \u00e7ok \u00f6nemlidir. Beniniz \u00e7ok b\u00fcy\u00fck ve diki\u015f at\u0131lmas\u0131 zorunluysa, 2 hafta i\u00e7inde diki\u015flerin \u00e7\u0131kart\u0131lmas\u0131 i\u00e7in tekrar ziyaret etmeniz istenecektir.<\/p><h2 data-start=\"3229\" data-end=\"3543\"><strong data-start=\"3229\" data-end=\"3267\">Herhangi bir komplikasyonu var m\u0131?<\/strong><\/h2><p data-start=\"3229\" data-end=\"3543\">Ben ald\u0131rma olduk\u00e7a g\u00fcvenli bir i\u015flemdir. Bazen, i\u015flem s\u0131ras\u0131nda hafif kanama olabilir, ancak kolayca durdurulabilir. Benin al\u0131nd\u0131\u011f\u0131 b\u00f6lgede birka\u00e7 g\u00fcn i\u00e7inde kaybolacak hafif bir k\u0131zar\u0131kl\u0131k ya da ka\u015f\u0131nt\u0131 hissi ya\u015fayabilirsiniz. Enfeksiyon g\u00f6r\u00fcnme riski olduk\u00e7a d\u00fc\u015f\u00fckt\u00fcr.<\/p>\t\t\t\t\t\t\t\t<\/div>\n\t\t\t\t<\/div>\n\t\t\t\t\t<\/div>\n\t\t\t\t<\/div>\n\t\t\t\t<\/div>\n\t\t","protected":false},"excerpt":{"rendered":"<p>Was Sie \u00fcber das Entfernen von Muttermalen wissen sollten Jeder hat sie. [&hellip;]<\/p>\n","protected":false},"author":1,"featured_media":0,"comment_status":"closed","ping_status":"closed","sticky":false,"template":"","format":"standard","meta":{"footnotes":""},"categories":[67],"tags":[],"class_list":["post-26741","post","type-post","status-publish","format-standard","hentry","category-artikel"],"_links":{"self":[{"href":"https:\/\/www.guncelozturk.com\/de\/wp-json\/wp\/v2\/posts\/26741","targetHints":{"allow":["GET"]}}],"collection":[{"href":"https:\/\/www.guncelozturk.com\/de\/wp-json\/wp\/v2\/posts"}],"about":[{"href":"https:\/\/www.guncelozturk.com\/de\/wp-json\/wp\/v2\/types\/post"}],"author":[{"embeddable":true,"href":"https:\/\/www.guncelozturk.com\/de\/wp-json\/wp\/v2\/users\/1"}],"replies":[{"embeddable":true,"href":"https:\/\/www.guncelozturk.com\/de\/wp-json\/wp\/v2\/comments?post=26741"}],"version-history":[{"count":2,"href":"https:\/\/www.guncelozturk.com\/de\/wp-json\/wp\/v2\/posts\/26741\/revisions"}],"predecessor-version":[{"id":26743,"href":"https:\/\/www.guncelozturk.com\/de\/wp-json\/wp\/v2\/posts\/26741\/revisions\/26743"}],"wp:attachment":[{"href":"https:\/\/www.guncelozturk.com\/de\/wp-json\/wp\/v2\/media?parent=26741"}],"wp:term":[{"taxonomy":"category","embeddable":true,"href":"https:\/\/www.guncelozturk.com\/de\/wp-json\/wp\/v2\/categories?post=26741"},{"taxonomy":"post_tag","embeddable":true,"href":"https:\/\/www.guncelozturk.com\/de\/wp-json\/wp\/v2\/tags?post=26741"}],"curies":[{"name":"wp","href":"https:\/\/api.w.org\/{rel}","templated":true}]}}