{"id":21915,"date":"2025-06-10T18:01:54","date_gmt":"2025-06-10T18:01:54","guid":{"rendered":"http:\/\/guncelozturk.prdioweb.com\/sin-categoria\/cirugia-estetica-de-menton-y-mejillas-rejuvenezca-sin-cirugia\/"},"modified":"2025-09-29T10:48:54","modified_gmt":"2025-09-29T10:48:54","slug":"cirugia-estetica-de-menton-y-mejillas-rejuvenezca-sin-cirugia","status":"publish","type":"post","link":"https:\/\/www.guncelozturk.com\/es\/cirugia-estetica-de-menton-y-mejillas-rejuvenezca-sin-cirugia\/","title":{"rendered":"Cirug\u00eda est\u00e9tica de ment\u00f3n y mejillas: rejuvenezca sin cirug\u00eda"},"content":{"rendered":"\t\t<div data-elementor-type=\"wp-post\" data-elementor-id=\"21915\" class=\"elementor elementor-21915 elementor-15138\" data-elementor-post-type=\"post\">\n\t\t\t\t<div class=\"elementor-element elementor-element-62269e9 e-flex e-con-boxed e-con e-parent\" data-id=\"62269e9\" data-element_type=\"container\" data-e-type=\"container\">\n\t\t\t\t\t<div class=\"e-con-inner\">\n\t\t<div class=\"elementor-element elementor-element-e60f737 e-con-full bg-section v2 e-flex e-con e-child\" data-id=\"e60f737\" data-element_type=\"container\" data-e-type=\"container\" data-settings=\"{&quot;background_background&quot;:&quot;classic&quot;}\">\n\t\t<div class=\"elementor-element elementor-element-08296e3 e-con-full e-flex e-con e-child\" data-id=\"08296e3\" data-element_type=\"container\" data-e-type=\"container\">\n\t\t\t\t<div class=\"elementor-element elementor-element-2795599 elementor-invisible elementor-widget elementor-widget-text-editor\" data-id=\"2795599\" data-element_type=\"widget\" data-e-type=\"widget\" data-settings=\"{&quot;_animation&quot;:&quot;fadeInUp&quot;,&quot;ekit_we_effect_on&quot;:&quot;none&quot;}\" data-widget_type=\"text-editor.default\">\n\t\t\t\t<div class=\"elementor-widget-container\">\n\t\t\t\t\t\t\t\t\t<p>La est\u00e9tica de la mand\u00edbula y las mejillas son procedimientos est\u00e9ticos importantes que dan forma a algunas de las caracter\u00edsticas m\u00e1s destacadas y llamativas del rostro. Las mejillas finas y los contornos marcados de la mand\u00edbula contribuyen de manera significativa al aspecto general del rostro, aport\u00e1ndole un aspecto joven y din\u00e1mico. Un contorno de mand\u00edbula firme y p\u00f3mulos prominentes no solo proporcionan un aspecto m\u00e1s joven, sino que tambi\u00e9n ayudan a resaltar otras caracter\u00edsticas faciales.  <\/p>\t\t\t\t\t\t\t\t<\/div>\n\t\t\t\t<\/div>\n\t\t\t\t<\/div>\n\t\t\t\t<\/div>\n\t\t<div class=\"elementor-element elementor-element-2949bea e-con-full bg-section v2 e-flex e-con e-child\" data-id=\"2949bea\" data-element_type=\"container\" data-e-type=\"container\" data-settings=\"{&quot;background_background&quot;:&quot;classic&quot;}\">\n\t\t<div class=\"elementor-element elementor-element-4e08ef8 e-con-full e-flex e-con e-child\" data-id=\"4e08ef8\" data-element_type=\"container\" data-e-type=\"container\">\n\t\t\t\t<div class=\"elementor-element elementor-element-8907ff9 at-heading-animation at-animation-heading-style-3 elementor-widget elementor-widget-heading\" data-id=\"8907ff9\" data-element_type=\"widget\" data-e-type=\"widget\" data-settings=\"{&quot;ekit_we_effect_on&quot;:&quot;none&quot;}\" data-widget_type=\"heading.default\">\n\t\t\t\t<div class=\"elementor-widget-container\">\n\t\t\t\t\t<h5 class=\"elementor-heading-title elementor-size-default\">Contorno de mejillas y mand\u00edbula: la proporci\u00f3n \u00e1urea del rostro\n<\/h5>\t\t\t\t<\/div>\n\t\t\t\t<\/div>\n\t\t\t\t<div class=\"elementor-element elementor-element-014a4cc elementor-invisible elementor-widget elementor-widget-text-editor\" data-id=\"014a4cc\" data-element_type=\"widget\" data-e-type=\"widget\" data-settings=\"{&quot;_animation&quot;:&quot;fadeInUp&quot;,&quot;ekit_we_effect_on&quot;:&quot;none&quot;}\" data-widget_type=\"text-editor.default\">\n\t\t\t\t<div class=\"elementor-widget-container\">\n\t\t\t\t\t\t\t\t\t<p>Las l\u00edneas faciales ideales deben ser compatibles con la proporci\u00f3n \u00e1urea, conservando la nitidez y la posici\u00f3n de cada elemento. Sin embargo, con el paso del tiempo, el envejecimiento o los factores gen\u00e9ticos pueden debilitar el contorno de las mejillas y la mand\u00edbula. Esto puede hacer que el rostro parezca cansado y envejecido. La p\u00e9rdida de los contornos faciales puede provocar que otros rasgos faciales, como los ojos y los labios, tambi\u00e9n pierdan su definici\u00f3n.   <\/p>\t\t\t\t\t\t\t\t<\/div>\n\t\t\t\t<\/div>\n\t\t\t\t<\/div>\n\t\t\t\t<\/div>\n\t\t<div class=\"elementor-element elementor-element-7608d29 e-con-full bg-section v2 e-flex e-con e-child\" data-id=\"7608d29\" data-element_type=\"container\" data-e-type=\"container\" data-settings=\"{&quot;background_background&quot;:&quot;classic&quot;}\">\n\t\t<div class=\"elementor-element elementor-element-caa1a03 e-con-full e-flex e-con e-child\" data-id=\"caa1a03\" data-element_type=\"container\" data-e-type=\"container\">\n\t\t\t\t<div class=\"elementor-element elementor-element-c96bcee at-heading-animation at-animation-heading-style-3 elementor-widget elementor-widget-heading\" data-id=\"c96bcee\" data-element_type=\"widget\" data-e-type=\"widget\" data-settings=\"{&quot;ekit_we_effect_on&quot;:&quot;none&quot;}\" data-widget_type=\"heading.default\">\n\t\t\t\t<div class=\"elementor-widget-container\">\n\t\t\t\t\t<h5 class=\"elementor-heading-title elementor-size-default\">Modelado de la mand\u00edbula y las mejillas sin cirug\u00eda\n<\/h5>\t\t\t\t<\/div>\n\t\t\t\t<\/div>\n\t\t\t\t<div class=\"elementor-element elementor-element-cfcf7d9 elementor-invisible elementor-widget elementor-widget-text-editor\" data-id=\"cfcf7d9\" data-element_type=\"widget\" data-e-type=\"widget\" data-settings=\"{&quot;_animation&quot;:&quot;fadeInUp&quot;,&quot;ekit_we_effect_on&quot;:&quot;none&quot;}\" data-widget_type=\"text-editor.default\">\n\t\t\t\t<div class=\"elementor-widget-container\">\n\t\t\t\t\t\t\t\t\t<p>En los \u00faltimos a\u00f1os, la est\u00e9tica de la mand\u00edbula y las mejillas permite obtener resultados efectivos en mucho menos tiempo gracias a m\u00e9todos sin cirug\u00eda. Estas aplicaciones, conocidas como \u00abest\u00e9tica de Hollywood\u00bb, se encuentran entre los secretos de juventud de famosos de todo el mundo. Los procedimientos de remodelaci\u00f3n de la mand\u00edbula y las mejillas sin cirug\u00eda pueden renovar los rasgos faciales en solo unos minutos y proporcionar un aspecto vivo y en\u00e9rgico.  <\/p>\t\t\t\t\t\t\t\t<\/div>\n\t\t\t\t<\/div>\n\t\t\t\t<\/div>\n\t\t\t\t<\/div>\n\t\t<div class=\"elementor-element elementor-element-9305bf6 e-con-full bg-section v2 e-flex e-con e-child\" data-id=\"9305bf6\" data-element_type=\"container\" data-e-type=\"container\" data-settings=\"{&quot;background_background&quot;:&quot;classic&quot;}\">\n\t\t<div class=\"elementor-element elementor-element-da222db e-con-full e-flex e-con e-child\" data-id=\"da222db\" data-element_type=\"container\" data-e-type=\"container\">\n\t\t\t\t<div class=\"elementor-element elementor-element-2c66c78 at-heading-animation at-animation-heading-style-3 elementor-widget elementor-widget-heading\" data-id=\"2c66c78\" data-element_type=\"widget\" data-e-type=\"widget\" data-settings=\"{&quot;ekit_we_effect_on&quot;:&quot;none&quot;}\" data-widget_type=\"heading.default\">\n\t\t\t\t<div class=\"elementor-widget-container\">\n\t\t\t\t\t<h5 class=\"elementor-heading-title elementor-size-default\">Botox Nefertiti: Tratamiento rejuvenecedor que define el contorno de la mand\u00edbula.\n<\/h5>\t\t\t\t<\/div>\n\t\t\t\t<\/div>\n\t\t\t\t<div class=\"elementor-element elementor-element-ea145f4 elementor-invisible elementor-widget elementor-widget-text-editor\" data-id=\"ea145f4\" data-element_type=\"widget\" data-e-type=\"widget\" data-settings=\"{&quot;_animation&quot;:&quot;fadeInUp&quot;,&quot;ekit_we_effect_on&quot;:&quot;none&quot;}\" data-widget_type=\"text-editor.default\">\n\t\t\t\t<div class=\"elementor-widget-container\">\n\t\t\t\t\t\t\t\t\t<p>El b\u00f3tox Nefertiti es un m\u00e9todo sin cirug\u00eda que, adem\u00e1s de definir el contorno de la mand\u00edbula, hace que la zona del cuello parezca m\u00e1s larga y tensa. Este procedimiento, que lleva el nombre de la reina egipcia Nefertiti, moldea los rasgos faciales y ofrece una soluci\u00f3n a los signos de envejecimiento del cuello. La flacidez de la l\u00ednea de la mand\u00edbula y la zona del cuello se corrige con inyecciones de b\u00f3tox que solo duran unos minutos.  <\/p>\t\t\t\t\t\t\t\t<\/div>\n\t\t\t\t<\/div>\n\t\t<div class=\"elementor-element elementor-element-a99157c e-con-full e-flex e-con e-child\" data-id=\"a99157c\" data-element_type=\"container\" data-e-type=\"container\" data-settings=\"{&quot;background_background&quot;:&quot;classic&quot;}\">\n\t\t\t\t<div class=\"elementor-element elementor-element-05276e8 at-image-animation at-animation-image-none elementor-widget elementor-widget-image\" data-id=\"05276e8\" data-element_type=\"widget\" data-e-type=\"widget\" data-settings=\"{&quot;ekit_we_effect_on&quot;:&quot;none&quot;}\" data-widget_type=\"image.default\">\n\t\t\t\t<div class=\"elementor-widget-container\">\n\t\t\t\t\t\t\t\t\t\t\t\t\t\t\t<img fetchpriority=\"high\" decoding=\"async\" width=\"800\" height=\"448\" src=\"https:\/\/www.guncelozturk.com\/wp-content\/uploads\/2025\/06\/Screenshot-2024-12-23-at-17.36.34-1024x574-1.webp\" class=\"attachment-large size-large wp-image-21916\" alt=\"\" srcset=\"https:\/\/www.guncelozturk.com\/wp-content\/uploads\/2025\/06\/Screenshot-2024-12-23-at-17.36.34-1024x574-1.webp 1024w, https:\/\/www.guncelozturk.com\/wp-content\/uploads\/2025\/06\/Screenshot-2024-12-23-at-17.36.34-1024x574-1-300x168.webp 300w, https:\/\/www.guncelozturk.com\/wp-content\/uploads\/2025\/06\/Screenshot-2024-12-23-at-17.36.34-1024x574-1-768x431.webp 768w\" sizes=\"(max-width: 800px) 100vw, 800px\" title=\"\">\t\t\t\t\t\t\t\t\t\t\t\t\t\t\t<\/div>\n\t\t\t\t<\/div>\n\t\t\t\t<\/div>\n\t\t\t\t<\/div>\n\t\t\t\t<\/div>\n\t\t<div class=\"elementor-element elementor-element-ea36163 e-con-full bg-section v2 e-flex e-con e-child\" data-id=\"ea36163\" data-element_type=\"container\" data-e-type=\"container\" data-settings=\"{&quot;background_background&quot;:&quot;classic&quot;}\">\n\t\t<div class=\"elementor-element elementor-element-cd27448 e-con-full e-flex e-con e-child\" data-id=\"cd27448\" data-element_type=\"container\" data-e-type=\"container\">\n\t\t\t\t<div class=\"elementor-element elementor-element-1b0b9c7 at-heading-animation at-animation-heading-style-3 elementor-widget elementor-widget-heading\" data-id=\"1b0b9c7\" data-element_type=\"widget\" data-e-type=\"widget\" data-settings=\"{&quot;ekit_we_effect_on&quot;:&quot;none&quot;}\" data-widget_type=\"heading.default\">\n\t\t\t\t<div class=\"elementor-widget-container\">\n\t\t\t\t\t<h5 class=\"elementor-heading-title elementor-size-default\">Relleno de p\u00f3mulos e inyecciones est\u00e9ticas\n<\/h5>\t\t\t\t<\/div>\n\t\t\t\t<\/div>\n\t\t\t\t<div class=\"elementor-element elementor-element-3cdd8dd elementor-invisible elementor-widget elementor-widget-text-editor\" data-id=\"3cdd8dd\" data-element_type=\"widget\" data-e-type=\"widget\" data-settings=\"{&quot;_animation&quot;:&quot;fadeInUp&quot;,&quot;ekit_we_effect_on&quot;:&quot;none&quot;}\" data-widget_type=\"text-editor.default\">\n\t\t\t\t<div class=\"elementor-widget-container\">\n\t\t\t\t\t\t\t\t\t<p>Las inyecciones de relleno aplicadas en las mejillas aumentan el volumen de estas, lo que permite obtener un aspecto m\u00e1s joven y fresco. Dependiendo del tipo de material de relleno utilizado, el efecto puede durar entre 4 meses y 2 a\u00f1os. En este procedimiento, tambi\u00e9n es posible revertir el efecto del material de relleno utilizado. Es decir, los pacientes que no est\u00e9n satisfechos con los resultados obtenidos pueden revertir el procedimiento con productos que disuelven el relleno despu\u00e9s de la aplicaci\u00f3n.   <\/p>\t\t\t\t\t\t\t\t<\/div>\n\t\t\t\t<\/div>\n\t\t\t\t<\/div>\n\t\t\t\t<\/div>\n\t\t<div class=\"elementor-element elementor-element-ff1403a e-con-full bg-section v2 e-flex e-con e-child\" data-id=\"ff1403a\" data-element_type=\"container\" data-e-type=\"container\" data-settings=\"{&quot;background_background&quot;:&quot;classic&quot;}\">\n\t\t<div class=\"elementor-element elementor-element-2b48a3c e-con-full e-flex e-con e-child\" data-id=\"2b48a3c\" data-element_type=\"container\" data-e-type=\"container\">\n\t\t\t\t<div class=\"elementor-element elementor-element-d35ef80 at-heading-animation at-animation-heading-style-3 elementor-widget elementor-widget-heading\" data-id=\"d35ef80\" data-element_type=\"widget\" data-e-type=\"widget\" data-settings=\"{&quot;ekit_we_effect_on&quot;:&quot;none&quot;}\" data-widget_type=\"heading.default\">\n\t\t\t\t<div class=\"elementor-widget-container\">\n\t\t\t\t\t<h5 class=\"elementor-heading-title elementor-size-default\">Adelgazamiento de mejillas y realce de p\u00f3mulos\n<\/h5>\t\t\t\t<\/div>\n\t\t\t\t<\/div>\n\t\t\t\t<div class=\"elementor-element elementor-element-3da7b18 elementor-invisible elementor-widget elementor-widget-text-editor\" data-id=\"3da7b18\" data-element_type=\"widget\" data-e-type=\"widget\" data-settings=\"{&quot;_animation&quot;:&quot;fadeInUp&quot;,&quot;ekit_we_effect_on&quot;:&quot;none&quot;}\" data-widget_type=\"text-editor.default\">\n\t\t\t\t<div class=\"elementor-widget-container\">\n\t\t\t\t\t\t\t\t\t<p>El exceso de grasa en el rostro puede deberse al envejecimiento o al aumento de peso. Mediante una intervenci\u00f3n denominada \u00abbichectom\u00eda\u00bb, se puede remodelar el contorno facial eliminando el exceso de grasa de las mejillas. En esta intervenci\u00f3n, se accede al interior de la boca para extraer el exceso de grasa sin dejar cicatrices y definir los rasgos faciales. Los resultados de esta intervenci\u00f3n son permanentes y se aprecian claramente al cabo de unas semanas.   <\/p><p>Adem\u00e1s, junto con el procedimiento de adelgazamiento de las mejillas, las arrugas y la p\u00e9rdida de volumen en la parte central del rostro tambi\u00e9n pueden eliminarse mediante t\u00e9cnicas de relleno y b\u00f3tox. Este tipo de procedimientos mejoran considerablemente el aspecto general del rostro, proporcionando un aspecto m\u00e1s joven y din\u00e1mico. Al a\u00f1adir relleno a la l\u00ednea de la mand\u00edbula, se pueden acentuar los contornos de la parte inferior del rostro.  <\/p>\t\t\t\t\t\t\t\t<\/div>\n\t\t\t\t<\/div>\n\t\t\t\t<\/div>\n\t\t\t\t<\/div>\n\t\t<div class=\"elementor-element elementor-element-659fb4d e-con-full bg-section v2 e-flex e-con e-child\" data-id=\"659fb4d\" data-element_type=\"container\" data-e-type=\"container\" data-settings=\"{&quot;background_background&quot;:&quot;classic&quot;}\">\n\t\t<div class=\"elementor-element elementor-element-0a1ca75 e-con-full e-flex e-con e-child\" data-id=\"0a1ca75\" data-element_type=\"container\" data-e-type=\"container\">\n\t\t\t\t<div class=\"elementor-element elementor-element-74721c3 at-heading-animation at-animation-heading-style-3 elementor-widget elementor-widget-heading\" data-id=\"74721c3\" data-element_type=\"widget\" data-e-type=\"widget\" data-settings=\"{&quot;ekit_we_effect_on&quot;:&quot;none&quot;}\" data-widget_type=\"heading.default\">\n\t\t\t\t<div class=\"elementor-widget-container\">\n\t\t\t\t\t<h5 class=\"elementor-heading-title elementor-size-default\">Alta satisfacci\u00f3n de los pacientes en la est\u00e9tica de la mand\u00edbula y las mejillas\n<\/h5>\t\t\t\t<\/div>\n\t\t\t\t<\/div>\n\t\t\t\t<div class=\"elementor-element elementor-element-1d0826c elementor-invisible elementor-widget elementor-widget-text-editor\" data-id=\"1d0826c\" data-element_type=\"widget\" data-e-type=\"widget\" data-settings=\"{&quot;_animation&quot;:&quot;fadeInUp&quot;,&quot;ekit_we_effect_on&quot;:&quot;none&quot;}\" data-widget_type=\"text-editor.default\">\n\t\t\t\t<div class=\"elementor-widget-container\">\n\t\t\t\t\t\t\t\t\t<section class=\"l-section height_auto\"><div class=\"l-section-h i-cf\"><p>Las aplicaciones de est\u00e9tica facial sin cirug\u00eda para el ment\u00f3n y las mejillas marcan una gran diferencia en los rasgos faciales de los pacientes. Estos procedimientos son planificados y aplicados de forma personalizada por cirujanos est\u00e9ticos especializados en la materia. Por lo tanto, se obtienen los mejores resultados utilizando diferentes t\u00e9cnicas seg\u00fan las necesidades de cada individuo.  <\/p><p>La est\u00e9tica de mejillas y ment\u00f3n no solo mejora los rasgos faciales, sino que tambi\u00e9n aumenta la confianza en uno mismo y proporciona un aspecto m\u00e1s joven. Consultando con cirujanos est\u00e9ticos expertos, podr\u00e1 conocer el m\u00e9todo de tratamiento m\u00e1s adecuado para sus necesidades. <\/p><\/div><\/section><section class=\"l-section height_auto for_comments\"><div class=\"l-section-h i-cf\"><div class=\"wpdiscuz_top_clearing\"> <\/div><div id=\"comments\" class=\"comments-area\"><div id=\"respond\"> <\/div><div id=\"wpd-post-rating\" class=\"wpd-not-rated\"><div class=\"wpd-rating-wrap\"> <\/div><\/div><\/div><\/div><\/section>\t\t\t\t\t\t\t\t<\/div>\n\t\t\t\t<\/div>\n\t\t\t\t<\/div>\n\t\t\t\t<\/div>\n\t\t\t\t\t<\/div>\n\t\t\t\t<\/div>\n\t\t\t\t<\/div>\n\t\t","protected":false},"excerpt":{"rendered":"<p>La est\u00e9tica de la mand\u00edbula y las mejillas son procedimientos est\u00e9ticos importantes [&hellip;]<\/p>\n","protected":false},"author":1,"featured_media":27673,"comment_status":"open","ping_status":"closed","sticky":false,"template":"","format":"standard","meta":{"footnotes":""},"categories":[80,83,84],"tags":[],"class_list":["post-21915","post","type-post","status-publish","format-standard","has-post-thumbnail","hentry","category-articulos","category-estetica-corporal","category-estetica-facial"],"_links":{"self":[{"href":"https:\/\/www.guncelozturk.com\/es\/wp-json\/wp\/v2\/posts\/21915","targetHints":{"allow":["GET"]}}],"collection":[{"href":"https:\/\/www.guncelozturk.com\/es\/wp-json\/wp\/v2\/posts"}],"about":[{"href":"https:\/\/www.guncelozturk.com\/es\/wp-json\/wp\/v2\/types\/post"}],"author":[{"embeddable":true,"href":"https:\/\/www.guncelozturk.com\/es\/wp-json\/wp\/v2\/users\/1"}],"replies":[{"embeddable":true,"href":"https:\/\/www.guncelozturk.com\/es\/wp-json\/wp\/v2\/comments?post=21915"}],"version-history":[{"count":1,"href":"https:\/\/www.guncelozturk.com\/es\/wp-json\/wp\/v2\/posts\/21915\/revisions"}],"predecessor-version":[{"id":21917,"href":"https:\/\/www.guncelozturk.com\/es\/wp-json\/wp\/v2\/posts\/21915\/revisions\/21917"}],"wp:featuredmedia":[{"embeddable":true,"href":"https:\/\/www.guncelozturk.com\/es\/wp-json\/wp\/v2\/media\/27673"}],"wp:attachment":[{"href":"https:\/\/www.guncelozturk.com\/es\/wp-json\/wp\/v2\/media?parent=21915"}],"wp:term":[{"taxonomy":"category","embeddable":true,"href":"https:\/\/www.guncelozturk.com\/es\/wp-json\/wp\/v2\/categories?post=21915"},{"taxonomy":"post_tag","embeddable":true,"href":"https:\/\/www.guncelozturk.com\/es\/wp-json\/wp\/v2\/tags?post=21915"}],"curies":[{"name":"wp","href":"https:\/\/api.w.org\/{rel}","templated":true}]}}