{"id":21982,"date":"2025-06-07T18:10:01","date_gmt":"2025-06-07T18:10:01","guid":{"rendered":"http:\/\/guncelozturk.prdioweb.com\/sin-categoria\/estetica-de-parpados-para-una-mirada-mas-viva-y-joven\/"},"modified":"2025-09-29T10:51:17","modified_gmt":"2025-09-29T10:51:17","slug":"estetica-de-parpados-para-una-mirada-mas-viva-y-joven","status":"publish","type":"post","link":"https:\/\/www.guncelozturk.com\/es\/estetica-de-parpados-para-una-mirada-mas-viva-y-joven\/","title":{"rendered":"Est\u00e9tica de p\u00e1rpados: para una mirada m\u00e1s viva y joven."},"content":{"rendered":"\t\t<div data-elementor-type=\"wp-post\" data-elementor-id=\"21982\" class=\"elementor elementor-21982 elementor-15163\" data-elementor-post-type=\"post\">\n\t\t\t\t<div class=\"elementor-element elementor-element-62269e9 e-flex e-con-boxed e-con e-parent\" data-id=\"62269e9\" data-element_type=\"container\" data-e-type=\"container\">\n\t\t\t\t\t<div class=\"e-con-inner\">\n\t\t<div class=\"elementor-element elementor-element-e60f737 e-con-full bg-section v2 e-flex e-con e-child\" data-id=\"e60f737\" data-element_type=\"container\" data-e-type=\"container\" data-settings=\"{&quot;background_background&quot;:&quot;classic&quot;}\">\n\t\t<div class=\"elementor-element elementor-element-08296e3 e-con-full e-flex e-con e-child\" data-id=\"08296e3\" data-element_type=\"container\" data-e-type=\"container\">\n\t\t\t\t<div class=\"elementor-element elementor-element-2795599 elementor-invisible elementor-widget elementor-widget-text-editor\" data-id=\"2795599\" data-element_type=\"widget\" data-e-type=\"widget\" data-settings=\"{&quot;_animation&quot;:&quot;fadeInUp&quot;,&quot;ekit_we_effect_on&quot;:&quot;none&quot;}\" data-widget_type=\"text-editor.default\">\n\t\t\t\t<div class=\"elementor-widget-container\">\n\t\t\t\t\t\t\t\t\t<p>Nuestros p\u00e1rpados desempe\u00f1an un papel importante en la expresi\u00f3n de nuestro rostro. Con el paso del tiempo, el exceso de piel, la acumulaci\u00f3n de grasa y la debilidad muscular pueden hacer que nuestra mirada parezca cansada y envejecida. Sin embargo, con las soluciones de la cirug\u00eda est\u00e9tica moderna, esta situaci\u00f3n se puede corregir f\u00e1cilmente. La cirug\u00eda est\u00e9tica d<a href=\"http:\/\/guncelozturk.prdioweb.com\/es\/estetica-palpebral\/\" target=\"_blank\" rel=\"noopener\">e p\u00e1rpados (<strong>blefaroplastia<\/strong>) <\/a>es un procedimiento que ofrece grandes beneficios no solo desde el punto de vista est\u00e9tico, sino tambi\u00e9n funcional.  <\/p><p>Gracias a esta operaci\u00f3n, puede conseguir un aspecto m\u00e1s joven, en\u00e9rgico y din\u00e1mico. Adem\u00e1s, la blefaroplastia aumenta la confianza en uno mismo, lo que supone una ventaja en la vida laboral y social. <\/p>\t\t\t\t\t\t\t\t<\/div>\n\t\t\t\t<\/div>\n\t\t\t\t<\/div>\n\t\t\t\t<\/div>\n\t\t<div class=\"elementor-element elementor-element-9305bf6 e-con-full bg-section v2 e-flex e-con e-child\" data-id=\"9305bf6\" data-element_type=\"container\" data-e-type=\"container\" data-settings=\"{&quot;background_background&quot;:&quot;classic&quot;}\">\n\t\t<div class=\"elementor-element elementor-element-da222db e-con-full e-flex e-con e-child\" data-id=\"da222db\" data-element_type=\"container\" data-e-type=\"container\">\n\t\t\t\t<div class=\"elementor-element elementor-element-2c66c78 at-heading-animation at-animation-heading-style-3 elementor-widget elementor-widget-heading\" data-id=\"2c66c78\" data-element_type=\"widget\" data-e-type=\"widget\" data-settings=\"{&quot;ekit_we_effect_on&quot;:&quot;none&quot;}\" data-widget_type=\"heading.default\">\n\t\t\t\t<div class=\"elementor-widget-container\">\n\t\t\t\t\t<h5 class=\"elementor-heading-title elementor-size-default\">\u00bfEn qu\u00e9 casos se realiza la cirug\u00eda est\u00e9tica de p\u00e1rpados?\n<\/h5>\t\t\t\t<\/div>\n\t\t\t\t<\/div>\n\t\t\t\t<div class=\"elementor-element elementor-element-ea145f4 elementor-invisible elementor-widget elementor-widget-text-editor\" data-id=\"ea145f4\" data-element_type=\"widget\" data-e-type=\"widget\" data-settings=\"{&quot;_animation&quot;:&quot;fadeInUp&quot;,&quot;ekit_we_effect_on&quot;:&quot;none&quot;}\" data-widget_type=\"text-editor.default\">\n\t\t\t\t<div class=\"elementor-widget-container\">\n\t\t\t\t\t\t\t\t\t<p>La cirug\u00eda est\u00e9tica de p\u00e1rpados se suele recomendar para tratar los siguientes casos:<\/p><ul><li>Piel fl\u00e1cida en el p\u00e1rpado superior<\/li><li>Bolsas en el p\u00e1rpado inferior<\/li><li>Acumulaciones de grasa alrededor de los ojos<\/li><li>Oculidaci\u00f3n del p\u00e1rpado que afecta al campo visual<\/li><\/ul><p>En algunos pacientes, tambi\u00e9n se pueden recom<strong>endar procedimientos adic<\/strong>ionales, como la cirug\u00eda de <strong>levantamiento <\/strong>de cejas o el estiramiento facial, para lograr un resultado m\u00e1s equilibrado y est\u00e9tico.<\/p>\t\t\t\t\t\t\t\t<\/div>\n\t\t\t\t<\/div>\n\t\t<div class=\"elementor-element elementor-element-a99157c e-con-full e-flex e-con e-child\" data-id=\"a99157c\" data-element_type=\"container\" data-e-type=\"container\" data-settings=\"{&quot;background_background&quot;:&quot;classic&quot;}\">\n\t\t\t\t<div class=\"elementor-element elementor-element-05276e8 at-image-animation at-animation-image-none elementor-widget elementor-widget-image\" data-id=\"05276e8\" data-element_type=\"widget\" data-e-type=\"widget\" data-settings=\"{&quot;ekit_we_effect_on&quot;:&quot;none&quot;}\" data-widget_type=\"image.default\">\n\t\t\t\t<div class=\"elementor-widget-container\">\n\t\t\t\t\t\t\t\t\t\t\t\t\t\t\t<img fetchpriority=\"high\" decoding=\"async\" width=\"800\" height=\"495\" src=\"https:\/\/www.guncelozturk.com\/wp-content\/uploads\/2025\/06\/Goz-Kapagi-Estetigi-Blefaroplasti.webp\" class=\"attachment-large size-large wp-image-21983\" alt=\"\" srcset=\"https:\/\/www.guncelozturk.com\/wp-content\/uploads\/2025\/06\/Goz-Kapagi-Estetigi-Blefaroplasti.webp 970w, https:\/\/www.guncelozturk.com\/wp-content\/uploads\/2025\/06\/Goz-Kapagi-Estetigi-Blefaroplasti-300x186.webp 300w, https:\/\/www.guncelozturk.com\/wp-content\/uploads\/2025\/06\/Goz-Kapagi-Estetigi-Blefaroplasti-768x475.webp 768w\" sizes=\"(max-width: 800px) 100vw, 800px\" title=\"\">\t\t\t\t\t\t\t\t\t\t\t\t\t\t\t<\/div>\n\t\t\t\t<\/div>\n\t\t\t\t<\/div>\n\t\t\t\t<\/div>\n\t\t\t\t<\/div>\n\t\t<div class=\"elementor-element elementor-element-ea36163 e-con-full bg-section v2 e-flex e-con e-child\" data-id=\"ea36163\" data-element_type=\"container\" data-e-type=\"container\" data-settings=\"{&quot;background_background&quot;:&quot;classic&quot;}\">\n\t\t<div class=\"elementor-element elementor-element-cd27448 e-con-full e-flex e-con e-child\" data-id=\"cd27448\" data-element_type=\"container\" data-e-type=\"container\">\n\t\t\t\t<div class=\"elementor-element elementor-element-1b0b9c7 at-heading-animation at-animation-heading-style-3 elementor-widget elementor-widget-heading\" data-id=\"1b0b9c7\" data-element_type=\"widget\" data-e-type=\"widget\" data-settings=\"{&quot;ekit_we_effect_on&quot;:&quot;none&quot;}\" data-widget_type=\"heading.default\">\n\t\t\t\t<div class=\"elementor-widget-container\">\n\t\t\t\t\t<h5 class=\"elementor-heading-title elementor-size-default\">\u00bfC\u00f3mo se realiza la blefaroplastia?\n<\/h5>\t\t\t\t<\/div>\n\t\t\t\t<\/div>\n\t\t\t\t<div class=\"elementor-element elementor-element-3cdd8dd elementor-invisible elementor-widget elementor-widget-text-editor\" data-id=\"3cdd8dd\" data-element_type=\"widget\" data-e-type=\"widget\" data-settings=\"{&quot;_animation&quot;:&quot;fadeInUp&quot;,&quot;ekit_we_effect_on&quot;:&quot;none&quot;}\" data-widget_type=\"text-editor.default\">\n\t\t\t\t<div class=\"elementor-widget-container\">\n\t\t\t\t\t\t\t\t\t<p>Dado que la estructura facial y las necesidades de cada persona son diferentes, la operaci\u00f3n se planifica de forma personalizada.<\/p>\t\t\t\t\t\t\t\t<\/div>\n\t\t\t\t<\/div>\n\t\t\t\t<\/div>\n\t\t\t\t<\/div>\n\t\t<div class=\"elementor-element elementor-element-678d087 e-con-full bg-section v2 e-flex e-con e-child\" data-id=\"678d087\" data-element_type=\"container\" data-e-type=\"container\" data-settings=\"{&quot;background_background&quot;:&quot;classic&quot;}\">\n\t\t<div class=\"elementor-element elementor-element-a0b9b28 e-con-full e-flex e-con e-child\" data-id=\"a0b9b28\" data-element_type=\"container\" data-e-type=\"container\">\n\t\t\t\t<div class=\"elementor-element elementor-element-005fcb8 at-heading-animation at-animation-heading-style-3 elementor-widget elementor-widget-heading\" data-id=\"005fcb8\" data-element_type=\"widget\" data-e-type=\"widget\" data-settings=\"{&quot;ekit_we_effect_on&quot;:&quot;none&quot;}\" data-widget_type=\"heading.default\">\n\t\t\t\t<div class=\"elementor-widget-container\">\n\t\t\t\t\t<h5 class=\"elementor-heading-title elementor-size-default\">Cirug\u00eda est\u00e9tica del p\u00e1rpado superior\n<\/h5>\t\t\t\t<\/div>\n\t\t\t\t<\/div>\n\t\t\t\t<div class=\"elementor-element elementor-element-7a7ea3b elementor-invisible elementor-widget elementor-widget-text-editor\" data-id=\"7a7ea3b\" data-element_type=\"widget\" data-e-type=\"widget\" data-settings=\"{&quot;_animation&quot;:&quot;fadeInUp&quot;,&quot;ekit_we_effect_on&quot;:&quot;none&quot;}\" data-widget_type=\"text-editor.default\">\n\t\t\t\t<div class=\"elementor-widget-container\">\n\t\t\t\t\t\t\t\t\t<p>En la cirug\u00eda del p\u00e1rpado superior, las incisiones se realizan a lo largo de los pliegues naturales de la piel. El exceso de piel y tejido graso de esta zona se elimina con cuidado. Al final del procedimiento, la herida se cierra con una sutura fina y casi invisible. De este modo, se conserva el aspecto natural y se minimiza el riesgo de que queden cicatrices.   <\/p>\t\t\t\t\t\t\t\t<\/div>\n\t\t\t\t<\/div>\n\t\t\t\t<\/div>\n\t\t\t\t<\/div>\n\t\t<div class=\"elementor-element elementor-element-bf20e5c e-con-full bg-section v2 e-flex e-con e-child\" data-id=\"bf20e5c\" data-element_type=\"container\" data-e-type=\"container\" data-settings=\"{&quot;background_background&quot;:&quot;classic&quot;}\">\n\t\t<div class=\"elementor-element elementor-element-4f285c0 e-con-full e-flex e-con e-child\" data-id=\"4f285c0\" data-element_type=\"container\" data-e-type=\"container\">\n\t\t\t\t<div class=\"elementor-element elementor-element-06672de at-heading-animation at-animation-heading-style-3 elementor-widget elementor-widget-heading\" data-id=\"06672de\" data-element_type=\"widget\" data-e-type=\"widget\" data-settings=\"{&quot;ekit_we_effect_on&quot;:&quot;none&quot;}\" data-widget_type=\"heading.default\">\n\t\t\t\t<div class=\"elementor-widget-container\">\n\t\t\t\t\t<h5 class=\"elementor-heading-title elementor-size-default\">Cirug\u00eda est\u00e9tica del p\u00e1rpado inferior\n<\/h5>\t\t\t\t<\/div>\n\t\t\t\t<\/div>\n\t\t\t\t<div class=\"elementor-element elementor-element-dbb6592 elementor-invisible elementor-widget elementor-widget-text-editor\" data-id=\"dbb6592\" data-element_type=\"widget\" data-e-type=\"widget\" data-settings=\"{&quot;_animation&quot;:&quot;fadeInUp&quot;,&quot;ekit_we_effect_on&quot;:&quot;none&quot;}\" data-widget_type=\"text-editor.default\">\n\t\t\t\t<div class=\"elementor-widget-container\">\n\t\t\t\t\t\t\t\t\t<p>En la cirug\u00eda del p\u00e1rpado inferior se pueden elegir dos t\u00e9cnicas diferentes:<\/p><ol><li><strong>T\u00e9cnica cl\u00e1sica:<\/strong> Se realiza una incisi\u00f3n en el pliegue inferior del p\u00e1rpado para eliminar el exceso de piel y grasa.<\/li><li><strong>T\u00e9cnica transconjuntival<\/strong>: Se realiza una incisi\u00f3n en la parte interna del p\u00e1rpado para acceder a los dep\u00f3sitos de grasa. Esta t\u00e9cnica ofrece la ventaja de no dejar cicatrices en la piel. <\/li><\/ol><p>La t\u00e9cnica que se aplicar\u00e1 se determina en funci\u00f3n de las necesidades del paciente y la evaluaci\u00f3n del cirujano.<\/p>\t\t\t\t\t\t\t\t<\/div>\n\t\t\t\t<\/div>\n\t\t\t\t<\/div>\n\t\t\t\t<\/div>\n\t\t<div class=\"elementor-element elementor-element-99489bf e-con-full bg-section v2 e-flex e-con e-child\" data-id=\"99489bf\" data-element_type=\"container\" data-e-type=\"container\" data-settings=\"{&quot;background_background&quot;:&quot;classic&quot;}\">\n\t\t<div class=\"elementor-element elementor-element-41e52a4 e-con-full e-flex e-con e-child\" data-id=\"41e52a4\" data-element_type=\"container\" data-e-type=\"container\">\n\t\t\t\t<div class=\"elementor-element elementor-element-cd886a2 at-heading-animation at-animation-heading-style-3 elementor-widget elementor-widget-heading\" data-id=\"cd886a2\" data-element_type=\"widget\" data-e-type=\"widget\" data-settings=\"{&quot;ekit_we_effect_on&quot;:&quot;none&quot;}\" data-widget_type=\"heading.default\">\n\t\t\t\t<div class=\"elementor-widget-container\">\n\t\t\t\t\t<h5 class=\"elementor-heading-title elementor-size-default\">Proceso de recuperaci\u00f3n tras la operaci\u00f3n\n<\/h5>\t\t\t\t<\/div>\n\t\t\t\t<\/div>\n\t\t\t\t<div class=\"elementor-element elementor-element-a91d064 elementor-invisible elementor-widget elementor-widget-text-editor\" data-id=\"a91d064\" data-element_type=\"widget\" data-e-type=\"widget\" data-settings=\"{&quot;_animation&quot;:&quot;fadeInUp&quot;,&quot;ekit_we_effect_on&quot;:&quot;none&quot;}\" data-widget_type=\"text-editor.default\">\n\t\t\t\t<div class=\"elementor-widget-container\">\n\t\t\t\t\t\t\t\t\t<p>El proceso de recuperaci\u00f3n tras la cirug\u00eda es muy importante tanto desde el punto de vista est\u00e9tico como del confort. Es normal que durante los primeros d\u00edas se produzcan ligeras inflamaciones y hematomas. Para reducirlos, se recomienda aplicar compresas fr\u00edas y mantener la cabeza elevada.  <\/p><p>Los aspectos que deben tenerse en cuenta durante el proceso de recuperaci\u00f3n son los siguientes:<\/p><ul><li>Durante la primera semana se deben evitar las actividades f\u00edsicas intensas.<\/li><li>Las suturas suelen retirarse en un plazo de 5 a 7 d\u00edas.<\/li><li>Se recomienda usar gafas de sol y aplicar crema solar.<\/li><li>Se puede empezar a ver la televisi\u00f3n o leer libros en 2-3 d\u00edas. Sin embargo, se debe interrumpir el uso de lentes de contacto durante 2 semanas. <\/li><\/ul><p>La mayor\u00eda de los pacientes pueden volver al trabajo entre 7 y 10 d\u00edas despu\u00e9s de la cirug\u00eda. Sin embargo, es necesario cuidar la zona alrededor de los ojos durante varias semanas para lograr una recuperaci\u00f3n completa. <\/p>\t\t\t\t\t\t\t\t<\/div>\n\t\t\t\t<\/div>\n\t\t\t\t<\/div>\n\t\t\t\t<\/div>\n\t\t<div class=\"elementor-element elementor-element-1fa1c01 e-con-full bg-section v2 e-flex e-con e-child\" data-id=\"1fa1c01\" data-element_type=\"container\" data-e-type=\"container\" data-settings=\"{&quot;background_background&quot;:&quot;classic&quot;}\">\n\t\t<div class=\"elementor-element elementor-element-7af6eed e-con-full e-flex e-con e-child\" data-id=\"7af6eed\" data-element_type=\"container\" data-e-type=\"container\">\n\t\t\t\t<div class=\"elementor-element elementor-element-7adaec3 at-heading-animation at-animation-heading-style-3 elementor-widget elementor-widget-heading\" data-id=\"7adaec3\" data-element_type=\"widget\" data-e-type=\"widget\" data-settings=\"{&quot;ekit_we_effect_on&quot;:&quot;none&quot;}\" data-widget_type=\"heading.default\">\n\t\t\t\t<div class=\"elementor-widget-container\">\n\t\t\t\t\t<h5 class=\"elementor-heading-title elementor-size-default\">Ventajas de la blefaroplastia\n<\/h5>\t\t\t\t<\/div>\n\t\t\t\t<\/div>\n\t\t\t\t<div class=\"elementor-element elementor-element-9b33c53 elementor-invisible elementor-widget elementor-widget-text-editor\" data-id=\"9b33c53\" data-element_type=\"widget\" data-e-type=\"widget\" data-settings=\"{&quot;_animation&quot;:&quot;fadeInUp&quot;,&quot;ekit_we_effect_on&quot;:&quot;none&quot;}\" data-widget_type=\"text-editor.default\">\n\t\t\t\t<div class=\"elementor-widget-container\">\n\t\t\t\t\t\t\t\t\t<p>La cirug\u00eda est\u00e9tica de p\u00e1rpados no solo proporciona un aspecto m\u00e1s joven, sino que tambi\u00e9n ofrece beneficios funcionales al ampliar el campo de visi\u00f3n. Una mirada m\u00e1s viva y una expresi\u00f3n facial m\u00e1s din\u00e1mica aumentan la confianza en uno mismo. <\/p><p>En conclusi\u00f3n, la blefaroplastia es una intervenci\u00f3n muy solicitada en el \u00e1mbito de la cirug\u00eda est\u00e9tica que ofrece resultados muy satisfactorios. Si usted tambi\u00e9n desea conseguir un aspecto m\u00e1s joven y en\u00e9rgico, puede solicitar informaci\u00f3n detallada al respecto consultando a un cirujano especialista. <\/p>\t\t\t\t\t\t\t\t<\/div>\n\t\t\t\t<\/div>\n\t\t\t\t<\/div>\n\t\t\t\t<\/div>\n\t\t\t\t\t<\/div>\n\t\t\t\t<\/div>\n\t\t\t\t<\/div>\n\t\t","protected":false},"excerpt":{"rendered":"<p>Nuestros p\u00e1rpados desempe\u00f1an un papel importante en la expresi\u00f3n de nuestro rostro. [&hellip;]<\/p>\n","protected":false},"author":1,"featured_media":27709,"comment_status":"open","ping_status":"closed","sticky":false,"template":"","format":"standard","meta":{"footnotes":""},"categories":[80,83,84],"tags":[],"class_list":["post-21982","post","type-post","status-publish","format-standard","has-post-thumbnail","hentry","category-articulos","category-estetica-corporal","category-estetica-facial"],"_links":{"self":[{"href":"https:\/\/www.guncelozturk.com\/es\/wp-json\/wp\/v2\/posts\/21982","targetHints":{"allow":["GET"]}}],"collection":[{"href":"https:\/\/www.guncelozturk.com\/es\/wp-json\/wp\/v2\/posts"}],"about":[{"href":"https:\/\/www.guncelozturk.com\/es\/wp-json\/wp\/v2\/types\/post"}],"author":[{"embeddable":true,"href":"https:\/\/www.guncelozturk.com\/es\/wp-json\/wp\/v2\/users\/1"}],"replies":[{"embeddable":true,"href":"https:\/\/www.guncelozturk.com\/es\/wp-json\/wp\/v2\/comments?post=21982"}],"version-history":[{"count":2,"href":"https:\/\/www.guncelozturk.com\/es\/wp-json\/wp\/v2\/posts\/21982\/revisions"}],"predecessor-version":[{"id":27714,"href":"https:\/\/www.guncelozturk.com\/es\/wp-json\/wp\/v2\/posts\/21982\/revisions\/27714"}],"wp:featuredmedia":[{"embeddable":true,"href":"https:\/\/www.guncelozturk.com\/es\/wp-json\/wp\/v2\/media\/27709"}],"wp:attachment":[{"href":"https:\/\/www.guncelozturk.com\/es\/wp-json\/wp\/v2\/media?parent=21982"}],"wp:term":[{"taxonomy":"category","embeddable":true,"href":"https:\/\/www.guncelozturk.com\/es\/wp-json\/wp\/v2\/categories?post=21982"},{"taxonomy":"post_tag","embeddable":true,"href":"https:\/\/www.guncelozturk.com\/es\/wp-json\/wp\/v2\/tags?post=21982"}],"curies":[{"name":"wp","href":"https:\/\/api.w.org\/{rel}","templated":true}]}}