{"id":22155,"date":"2025-05-26T14:44:27","date_gmt":"2025-05-26T14:44:27","guid":{"rendered":"http:\/\/guncelozturk.prdioweb.com\/sin-categoria\/burun-estetigi-sonrasi-iyilesme-ne-kadar-surer\/"},"modified":"2025-09-12T12:50:39","modified_gmt":"2025-09-12T12:50:39","slug":"burun-estetigi-sonrasi-iyilesme-ne-kadar-surer","status":"publish","type":"post","link":"https:\/\/www.guncelozturk.com\/es\/burun-estetigi-sonrasi-iyilesme-ne-kadar-surer\/","title":{"rendered":"Burun Esteti\u011fi Sonras\u0131 \u0130yile\u015fme Ne Kadar S\u00fcrer?"},"content":{"rendered":"\t\t<div data-elementor-type=\"wp-post\" data-elementor-id=\"22155\" class=\"elementor elementor-22155 elementor-14409\" data-elementor-post-type=\"post\">\n\t\t\t\t<div class=\"elementor-element elementor-element-62269e9 e-flex e-con-boxed e-con e-parent\" data-id=\"62269e9\" data-element_type=\"container\" data-e-type=\"container\">\n\t\t\t\t\t<div class=\"e-con-inner\">\n\t\t<div class=\"elementor-element elementor-element-e60f737 e-con-full bg-section v2 e-flex e-con e-child\" data-id=\"e60f737\" data-element_type=\"container\" data-e-type=\"container\" data-settings=\"{&quot;background_background&quot;:&quot;classic&quot;}\">\n\t\t<div class=\"elementor-element elementor-element-08296e3 e-con-full e-flex e-con e-child\" data-id=\"08296e3\" data-element_type=\"container\" data-e-type=\"container\">\n\t\t\t\t<div class=\"elementor-element elementor-element-2795599 elementor-invisible elementor-widget elementor-widget-text-editor\" data-id=\"2795599\" data-element_type=\"widget\" data-e-type=\"widget\" data-settings=\"{&quot;_animation&quot;:&quot;fadeInUp&quot;,&quot;ekit_we_effect_on&quot;:&quot;none&quot;}\" data-widget_type=\"text-editor.default\">\n\t\t\t\t<div class=\"elementor-widget-container\">\n\t\t\t\t\t\t\t\t\t<p class=\"\" data-start=\"373\" data-end=\"567\">Como cirujano pl\u00e1stico con a\u00f1os de experiencia en operaciones de est\u00e9tica nasal (rinoplastia), una de las preguntas que m\u00e1s me hacen mis pacientes es la siguiente:<br data-start=\"515\" data-end=\"518\"><strong data-start=\"518\" data-end=\"567\">\u00ab\u00bfCu\u00e1nto tiempo tardar\u00e1 mi nariz en curarse por completo?\u00bb.<\/strong><\/p><p class=\"\" data-start=\"569\" data-end=\"821\">La rinoplastia es una operaci\u00f3n que ofrece resultados impresionantes tanto desde el punto de vista est\u00e9tico como funcional. Sin embargo, es importante saber que el proceso de recuperaci\u00f3n lleva tiempo y que la paciencia es fundamental durante este proceso.<br data-start=\"764\" data-end=\"767\">A continuaci\u00f3n, le explicamos paso a paso el proceso d<strong data-start=\"782\" data-end=\"820\">e recuperaci\u00f3n tras una rinoplastia&#8230;<\/strong> <\/p>\t\t\t\t\t\t\t\t<\/div>\n\t\t\t\t<\/div>\n\t\t<div class=\"elementor-element elementor-element-a99157c e-con-full e-flex e-con e-child\" data-id=\"a99157c\" data-element_type=\"container\" data-e-type=\"container\" data-settings=\"{&quot;background_background&quot;:&quot;classic&quot;}\">\n\t\t\t\t<div class=\"elementor-element elementor-element-05276e8 at-image-animation at-animation-image-none elementor-widget elementor-widget-image\" data-id=\"05276e8\" data-element_type=\"widget\" data-e-type=\"widget\" data-settings=\"{&quot;ekit_we_effect_on&quot;:&quot;none&quot;}\" data-widget_type=\"image.default\">\n\t\t\t\t<div class=\"elementor-widget-container\">\n\t\t\t\t\t\t\t\t\t\t\t\t\t\t\t<img fetchpriority=\"high\" decoding=\"async\" width=\"600\" height=\"600\" src=\"https:\/\/www.guncelozturk.com\/wp-content\/uploads\/2025\/05\/SaveClip.App_496399128_18515004343009544_5239040718948921169_n-600x600-1.webp\" class=\"attachment-large size-large wp-image-22157\" alt=\"\" srcset=\"https:\/\/www.guncelozturk.com\/wp-content\/uploads\/2025\/05\/SaveClip.App_496399128_18515004343009544_5239040718948921169_n-600x600-1.webp 600w, https:\/\/www.guncelozturk.com\/wp-content\/uploads\/2025\/05\/SaveClip.App_496399128_18515004343009544_5239040718948921169_n-600x600-1-300x300.webp 300w, https:\/\/www.guncelozturk.com\/wp-content\/uploads\/2025\/05\/SaveClip.App_496399128_18515004343009544_5239040718948921169_n-600x600-1-150x150.webp 150w\" sizes=\"(max-width: 600px) 100vw, 600px\" title=\"\">\t\t\t\t\t\t\t\t\t\t\t\t\t\t\t<\/div>\n\t\t\t\t<\/div>\n\t\t\t\t<\/div>\n\t\t\t\t<\/div>\n\t\t\t\t<\/div>\n\t\t<div class=\"elementor-element elementor-element-9305bf6 e-con-full bg-section v2 e-flex e-con e-child\" data-id=\"9305bf6\" data-element_type=\"container\" data-e-type=\"container\" data-settings=\"{&quot;background_background&quot;:&quot;classic&quot;}\">\n\t\t<div class=\"elementor-element elementor-element-da222db e-con-full e-flex e-con e-child\" data-id=\"da222db\" data-element_type=\"container\" data-e-type=\"container\">\n\t\t\t\t<div class=\"elementor-element elementor-element-2c66c78 at-heading-animation at-animation-heading-style-3 elementor-widget elementor-widget-heading\" data-id=\"2c66c78\" data-element_type=\"widget\" data-e-type=\"widget\" data-settings=\"{&quot;ekit_we_effect_on&quot;:&quot;none&quot;}\" data-widget_type=\"heading.default\">\n\t\t\t\t<div class=\"elementor-widget-container\">\n\t\t\t\t\t<h3 class=\"elementor-heading-title elementor-size-default\">Primera semana: Periodo inicial\n<\/h3>\t\t\t\t<\/div>\n\t\t\t\t<\/div>\n\t\t\t\t<div class=\"elementor-element elementor-element-ea145f4 elementor-invisible elementor-widget elementor-widget-text-editor\" data-id=\"ea145f4\" data-element_type=\"widget\" data-e-type=\"widget\" data-settings=\"{&quot;_animation&quot;:&quot;fadeInUp&quot;,&quot;ekit_we_effect_on&quot;:&quot;none&quot;}\" data-widget_type=\"text-editor.default\">\n\t\t\t\t<div class=\"elementor-widget-container\">\n\t\t\t\t\t\t\t\t\t<p class=\"\" data-start=\"861\" data-end=\"1227\">La primera semana despu\u00e9s de la operaci\u00f3n es el per\u00edodo en el que la hinchaz\u00f3n y los hematomas son m\u00e1s intensos. Se puede sentir cierta sensibilidad y presi\u00f3n, especialmente alrededor de la nariz. Debido a los tapones o soportes colocados dentro de la nariz, respirar por la nariz puede resultar dif\u00edcil durante los primeros d\u00edas. Sin embargo, por lo general, cuando se retiran las f\u00e9rulas y l<strong data-start=\"1138\" data-end=\"1183\">os soportes al s\u00e9ptimo d\u00eda, los pacientes se sienten mucho mejor.<\/strong>   <\/p><p class=\"\" data-start=\"1229\" data-end=\"1367\">Durante la primera semana, los pacientes deben descansar y evitar la exposici\u00f3n al sol. Este periodo es la fase m\u00e1s cr\u00edtica de la recuperaci\u00f3n. <\/p>\t\t\t\t\t\t\t\t<\/div>\n\t\t\t\t<\/div>\n\t\t\t\t<\/div>\n\t\t\t\t<\/div>\n\t\t<div class=\"elementor-element elementor-element-ea36163 e-con-full bg-section v2 e-flex e-con e-child\" data-id=\"ea36163\" data-element_type=\"container\" data-e-type=\"container\" data-settings=\"{&quot;background_background&quot;:&quot;classic&quot;}\">\n\t\t<div class=\"elementor-element elementor-element-cd27448 e-con-full e-flex e-con e-child\" data-id=\"cd27448\" data-element_type=\"container\" data-e-type=\"container\">\n\t\t\t\t<div class=\"elementor-element elementor-element-1b0b9c7 at-heading-animation at-animation-heading-style-3 elementor-widget elementor-widget-heading\" data-id=\"1b0b9c7\" data-element_type=\"widget\" data-e-type=\"widget\" data-settings=\"{&quot;ekit_we_effect_on&quot;:&quot;none&quot;}\" data-widget_type=\"heading.default\">\n\t\t\t\t<div class=\"elementor-widget-container\">\n\t\t\t\t\t<h3 class=\"elementor-heading-title elementor-size-default\">Semana 2: Mejora visible\n<\/h3>\t\t\t\t<\/div>\n\t\t\t\t<\/div>\n\t\t\t\t<div class=\"elementor-element elementor-element-3cdd8dd elementor-invisible elementor-widget elementor-widget-text-editor\" data-id=\"3cdd8dd\" data-element_type=\"widget\" data-e-type=\"widget\" data-settings=\"{&quot;_animation&quot;:&quot;fadeInUp&quot;,&quot;ekit_we_effect_on&quot;:&quot;none&quot;}\" data-widget_type=\"text-editor.default\">\n\t\t\t\t<div class=\"elementor-widget-container\">\n\t\t\t\t\t\t\t\t\t<p class=\"\" data-start=\"1412\" data-end=\"1693\">Al final de la segunda semana, la mayor\u00eda de los hematomas habr\u00e1n desaparecido y la hinchaz\u00f3n comenzar\u00e1 a disminuir. En este punto, los pacientes suelen sentirse preparados para volver al trabajo o a su vida social.<br data-start=\"1580\" data-end=\"1583\">Es posible que a\u00fan quede algo de hinchaz\u00f3n en la punta de la nariz, pero no ser\u00e1 perceptible a simple vista. <\/p><p class=\"\" data-start=\"1695\" data-end=\"1789\"><strong data-start=\"1695\" data-end=\"1789\">Durante este periodo, se debe evitar realizar ejercicios intensos, inclinarse hacia delante y exponerse directamente a la luz solar.<\/strong><\/p>\t\t\t\t\t\t\t\t<\/div>\n\t\t\t\t<\/div>\n\t\t\t\t<\/div>\n\t\t\t\t<\/div>\n\t\t<div class=\"elementor-element elementor-element-fbc7d40 e-con-full bg-section v2 e-flex e-con e-child\" data-id=\"fbc7d40\" data-element_type=\"container\" data-e-type=\"container\" data-settings=\"{&quot;background_background&quot;:&quot;classic&quot;}\">\n\t\t<div class=\"elementor-element elementor-element-0622eb3 e-con-full e-flex e-con e-child\" data-id=\"0622eb3\" data-element_type=\"container\" data-e-type=\"container\">\n\t\t\t\t<div class=\"elementor-element elementor-element-641dc73 at-heading-animation at-animation-heading-style-3 elementor-widget elementor-widget-heading\" data-id=\"641dc73\" data-element_type=\"widget\" data-e-type=\"widget\" data-settings=\"{&quot;ekit_we_effect_on&quot;:&quot;none&quot;}\" data-widget_type=\"heading.default\">\n\t\t\t\t<div class=\"elementor-widget-container\">\n\t\t\t\t\t<h3 class=\"elementor-heading-title elementor-size-default\">Un mes despu\u00e9s: El aspecto inicial de la nueva nariz\n<\/h3>\t\t\t\t<\/div>\n\t\t\t\t<\/div>\n\t\t\t\t<div class=\"elementor-element elementor-element-cfc46d5 elementor-invisible elementor-widget elementor-widget-text-editor\" data-id=\"cfc46d5\" data-element_type=\"widget\" data-e-type=\"widget\" data-settings=\"{&quot;_animation&quot;:&quot;fadeInUp&quot;,&quot;ekit_we_effect_on&quot;:&quot;none&quot;}\" data-widget_type=\"text-editor.default\">\n\t\t\t\t<div class=\"elementor-widget-container\">\n\t\t\t\t\t\t\t\t\t<p class=\"\" data-start=\"1834\" data-end=\"2070\">Al final del primer mes, la forma de la nariz comienza a verse m\u00e1s clara. Aunque la hinchaz\u00f3n haya disminuido considerablemente, es posible que a\u00fan haya algo de edema, especialmente en la punta de la nariz.<br data-start=\"1979\" data-end=\"1982\">En esta etapa, se pueden comenzar a realizar ejercicios ligeros y el uso de gafas se vuelve m\u00e1s c\u00f3modo. <\/p><p class=\"\" data-start=\"2072\" data-end=\"2233\">Muchos pacientes experimentan un aumento significativo en su autoestima durante este per\u00edodo, ya que comienzan a desarrollar una apariencia nasal m\u00e1s armoniosa con los rasgos faciales y est\u00e9ticamente satisfactoria.<\/p>\t\t\t\t\t\t\t\t<\/div>\n\t\t\t\t<\/div>\n\t\t\t\t<\/div>\n\t\t\t\t<\/div>\n\t\t<div class=\"elementor-element elementor-element-858c98b e-con-full bg-section v2 e-flex e-con e-child\" data-id=\"858c98b\" data-element_type=\"container\" data-e-type=\"container\" data-settings=\"{&quot;background_background&quot;:&quot;classic&quot;}\">\n\t\t<div class=\"elementor-element elementor-element-d043ae8 e-con-full e-flex e-con e-child\" data-id=\"d043ae8\" data-element_type=\"container\" data-e-type=\"container\">\n\t\t\t\t<div class=\"elementor-element elementor-element-34f5b4c at-heading-animation at-animation-heading-style-3 elementor-widget elementor-widget-heading\" data-id=\"34f5b4c\" data-element_type=\"widget\" data-e-type=\"widget\" data-settings=\"{&quot;ekit_we_effect_on&quot;:&quot;none&quot;}\" data-widget_type=\"heading.default\">\n\t\t\t\t<div class=\"elementor-widget-container\">\n\t\t\t\t\t<h3 class=\"elementor-heading-title elementor-size-default\">2-3 meses despu\u00e9s: Un paso m\u00e1s cerca de los resultados\n<\/h3>\t\t\t\t<\/div>\n\t\t\t\t<\/div>\n\t\t\t\t<div class=\"elementor-element elementor-element-9b90a4f elementor-invisible elementor-widget elementor-widget-text-editor\" data-id=\"9b90a4f\" data-element_type=\"widget\" data-e-type=\"widget\" data-settings=\"{&quot;_animation&quot;:&quot;fadeInUp&quot;,&quot;ekit_we_effect_on&quot;:&quot;none&quot;}\" data-widget_type=\"text-editor.default\">\n\t\t\t\t<div class=\"elementor-widget-container\">\n\t\t\t\t\t\t\t\t\t<p class=\"\" data-start=\"2289\" data-end=\"2455\">Entre el segundo y tercer mes, las l\u00edneas de la nariz se vuelven a\u00fan m\u00e1s pronunciadas y la hinchaz\u00f3n contin\u00faa disminuyendo. La mayor\u00eda de los pacientes se han adaptado completamente a su vida cotidiana en esta etapa. <\/p><p class=\"\" data-start=\"2457\" data-end=\"2642\">Sin embargo, el punto m\u00e1s importante al que hay que prestar atenci\u00f3n es la protecci\u00f3n de la nariz contra los golpes. <strong data-start=\"2543\" data-end=\"2642\">Se debe evitar por completo la pr\u00e1ctica de deportes de contacto y cualquier actividad que pueda provocar traumatismos faciales.<\/strong><\/p>\t\t\t\t\t\t\t\t<\/div>\n\t\t\t\t<\/div>\n\t\t\t\t<\/div>\n\t\t\t\t<\/div>\n\t\t<div class=\"elementor-element elementor-element-297763d e-con-full bg-section v2 e-flex e-con e-child\" data-id=\"297763d\" data-element_type=\"container\" data-e-type=\"container\" data-settings=\"{&quot;background_background&quot;:&quot;classic&quot;}\">\n\t\t<div class=\"elementor-element elementor-element-2cf85cb e-con-full e-flex e-con e-child\" data-id=\"2cf85cb\" data-element_type=\"container\" data-e-type=\"container\">\n\t\t\t\t<div class=\"elementor-element elementor-element-c5fb7f8 at-heading-animation at-animation-heading-style-3 elementor-widget elementor-widget-heading\" data-id=\"c5fb7f8\" data-element_type=\"widget\" data-e-type=\"widget\" data-settings=\"{&quot;ekit_we_effect_on&quot;:&quot;none&quot;}\" data-widget_type=\"heading.default\">\n\t\t\t\t<div class=\"elementor-widget-container\">\n\t\t\t\t\t<h3 class=\"elementor-heading-title elementor-size-default\">6-12 meses despu\u00e9s: El aspecto final de la nariz\n<\/h3>\t\t\t\t<\/div>\n\t\t\t\t<\/div>\n\t\t\t\t<div class=\"elementor-element elementor-element-b95742a elementor-invisible elementor-widget elementor-widget-text-editor\" data-id=\"b95742a\" data-element_type=\"widget\" data-e-type=\"widget\" data-settings=\"{&quot;_animation&quot;:&quot;fadeInUp&quot;,&quot;ekit_we_effect_on&quot;:&quot;none&quot;}\" data-widget_type=\"text-editor.default\">\n\t\t\t\t<div class=\"elementor-widget-container\">\n\t\t\t\t\t\t\t\t\t<p class=\"\" data-start=\"2685\" data-end=\"2902\">La recuperaci\u00f3n completa de la nariz y la obtenci\u00f3n de su forma definitiva pueden tardar entre<strong data-start=\"2745\" data-end=\"2760\"> 6 y 12 meses.<\/strong><br data-start=\"2771\" data-end=\"2774\">Durante este periodo, las \u00faltimas inflamaciones en la punta de la nariz desaparecen por completo y la nueva estructura obtenida mediante cirug\u00eda se integra en la anatom\u00eda facial.<\/p><p class=\"\" data-start=\"2904\" data-end=\"3168\">Muchos de mis pacientes se sorprenden al notar que los resultados mejoran cada d\u00eda m\u00e1s durante este periodo. Por es<strong data-start=\"3016\" data-end=\"3046\">o, muchos <a href=\"https:\/\/guncelozturk.ru\/rhinoplasty\/\" target=\"_blank\" rel=\"noopener\">pacientes <\/a>que opt<\/strong>an por la rinoplastia en Estambul saben lo importante que es elegir al cirujano adecuado para obtener resultados duraderos y naturales. <\/p>\t\t\t\t\t\t\t\t<\/div>\n\t\t\t\t<\/div>\n\t\t\t\t<\/div>\n\t\t\t\t<\/div>\n\t\t<div class=\"elementor-element elementor-element-d817c43 e-con-full bg-section v2 e-flex e-con e-child\" data-id=\"d817c43\" data-element_type=\"container\" data-e-type=\"container\" data-settings=\"{&quot;background_background&quot;:&quot;classic&quot;}\">\n\t\t<div class=\"elementor-element elementor-element-b7ad802 e-con-full e-flex e-con e-child\" data-id=\"b7ad802\" data-element_type=\"container\" data-e-type=\"container\">\n\t\t\t\t<div class=\"elementor-element elementor-element-39e30aa at-heading-animation at-animation-heading-style-3 elementor-widget elementor-widget-heading\" data-id=\"39e30aa\" data-element_type=\"widget\" data-e-type=\"widget\" data-settings=\"{&quot;ekit_we_effect_on&quot;:&quot;none&quot;}\" data-widget_type=\"heading.default\">\n\t\t\t\t<div class=\"elementor-widget-container\">\n\t\t\t\t\t<h3 class=\"elementor-heading-title elementor-size-default\">\u00bfC\u00f3mo se mantienen los resultados a largo plazo?\n<\/h3>\t\t\t\t<\/div>\n\t\t\t\t<\/div>\n\t\t\t\t<div class=\"elementor-element elementor-element-1e8b412 elementor-invisible elementor-widget elementor-widget-text-editor\" data-id=\"1e8b412\" data-element_type=\"widget\" data-e-type=\"widget\" data-settings=\"{&quot;_animation&quot;:&quot;fadeInUp&quot;,&quot;ekit_we_effect_on&quot;:&quot;none&quot;}\" data-widget_type=\"text-editor.default\">\n\t\t\t\t<div class=\"elementor-widget-container\">\n\t\t\t\t\t\t\t\t\t<p class=\"\" data-start=\"2685\" data-end=\"2902\">La rinoplastia es una cirug\u00eda que ofrece resultados permanentes. Sin embargo, dado que el proceso de envejecimiento contin\u00faa, llevar un <strong data-start=\"3351\" data-end=\"3374\">estilo de vida saludable<\/strong>, seguir una dieta equilibrada, <strong data-start=\"3378\" data-end=\"3413\">realizar <\/strong>un cuidado regular de la piel y protegerse del sol son h\u00e1bitos que ayudan a mantener el aspecto est\u00e9tico obtenido durante muchos a\u00f1os. <\/p>\t\t\t\t\t\t\t\t<\/div>\n\t\t\t\t<\/div>\n\t\t\t\t<\/div>\n\t\t\t\t<\/div>\n\t\t<div class=\"elementor-element elementor-element-950e8f2 e-con-full bg-section v2 e-flex e-con e-child\" data-id=\"950e8f2\" data-element_type=\"container\" data-e-type=\"container\" data-settings=\"{&quot;background_background&quot;:&quot;classic&quot;}\">\n\t\t<div class=\"elementor-element elementor-element-a440ee5 e-con-full e-flex e-con e-child\" data-id=\"a440ee5\" data-element_type=\"container\" data-e-type=\"container\">\n\t\t\t\t<div class=\"elementor-element elementor-element-132eb04 at-heading-animation at-animation-heading-style-3 elementor-widget elementor-widget-heading\" data-id=\"132eb04\" data-element_type=\"widget\" data-e-type=\"widget\" data-settings=\"{&quot;ekit_we_effect_on&quot;:&quot;none&quot;}\" data-widget_type=\"heading.default\">\n\t\t\t\t<div class=\"elementor-widget-container\">\n\t\t\t\t\t<h3 class=\"elementor-heading-title elementor-size-default\">Cirug\u00eda est\u00e9tica de nariz \/\/ Resultado final\n<\/h3>\t\t\t\t<\/div>\n\t\t\t\t<\/div>\n\t\t\t\t<div class=\"elementor-element elementor-element-d871ded elementor-invisible elementor-widget elementor-widget-text-editor\" data-id=\"d871ded\" data-element_type=\"widget\" data-e-type=\"widget\" data-settings=\"{&quot;_animation&quot;:&quot;fadeInUp&quot;,&quot;ekit_we_effect_on&quot;:&quot;none&quot;}\" data-widget_type=\"text-editor.default\">\n\t\t\t\t<div class=\"elementor-widget-container\">\n\t\t\t\t\t\t\t\t\t<p class=\"\" data-start=\"3508\" data-end=\"3817\">La <a href=\"https:\/\/www.guncelozturk.com\/es\/estetica-de-la-nariz\/\">rinoplastia <\/a>no es solo un cambio est\u00e9tico, sino tambi\u00e9n un proceso de recuperaci\u00f3n que requiere paciencia y cuidado.<br data-start=\"3614\" data-end=\"3617\">Aunque los primeros resultados se ven r\u00e1pidamente, la recuperaci\u00f3n completa requiere tiempo, atenci\u00f3n y paciencia. Para pasar p<strong data-start=\"3650\" data-end=\"3703\">or este proceso con confianza y con<\/strong>ciencia, es muy importante trabajar con un cirujano pl\u00e1stico experimentado.<\/p><p class=\"\" data-start=\"3819\" data-end=\"4046\">E\u011fer siz de <strong data-start=\"3831\" data-end=\"3861\">\u0130stanbul\u2019da burun esteti\u011fi<\/strong> yapt\u0131rmay\u0131 d\u00fc\u015f\u00fcn\u00fcyorsan\u0131z, beklentilerinize ve anatomik yap\u0131n\u0131za uygun en do\u011fru bilgileri payla\u015fmak ve s\u00fcreci en sa\u011fl\u0131kl\u0131 \u015fekilde planlamak i\u00e7in sizinle tan\u0131\u015fmaktan memnuniyet duyar\u0131m.<\/p>\t\t\t\t\t\t\t\t<\/div>\n\t\t\t\t<\/div>\n\t\t\t\t<\/div>\n\t\t\t\t<\/div>\n\t\t\t\t\t<\/div>\n\t\t\t\t<\/div>\n\t\t\t\t<\/div>\n\t\t","protected":false},"excerpt":{"rendered":"<p>Como cirujano pl\u00e1stico con a\u00f1os de experiencia en operaciones de est\u00e9tica nasal [&hellip;]<\/p>\n","protected":false},"author":1,"featured_media":26477,"comment_status":"closed","ping_status":"closed","sticky":false,"template":"","format":"standard","meta":{"footnotes":""},"categories":[80,81,83],"tags":[],"class_list":["post-22155","post","type-post","status-publish","format-standard","has-post-thumbnail","hentry","category-articulos","category-cirugia-estetica-de-nariz","category-estetica-corporal"],"_links":{"self":[{"href":"https:\/\/www.guncelozturk.com\/es\/wp-json\/wp\/v2\/posts\/22155","targetHints":{"allow":["GET"]}}],"collection":[{"href":"https:\/\/www.guncelozturk.com\/es\/wp-json\/wp\/v2\/posts"}],"about":[{"href":"https:\/\/www.guncelozturk.com\/es\/wp-json\/wp\/v2\/types\/post"}],"author":[{"embeddable":true,"href":"https:\/\/www.guncelozturk.com\/es\/wp-json\/wp\/v2\/users\/1"}],"replies":[{"embeddable":true,"href":"https:\/\/www.guncelozturk.com\/es\/wp-json\/wp\/v2\/comments?post=22155"}],"version-history":[{"count":2,"href":"https:\/\/www.guncelozturk.com\/es\/wp-json\/wp\/v2\/posts\/22155\/revisions"}],"predecessor-version":[{"id":26595,"href":"https:\/\/www.guncelozturk.com\/es\/wp-json\/wp\/v2\/posts\/22155\/revisions\/26595"}],"wp:featuredmedia":[{"embeddable":true,"href":"https:\/\/www.guncelozturk.com\/es\/wp-json\/wp\/v2\/media\/26477"}],"wp:attachment":[{"href":"https:\/\/www.guncelozturk.com\/es\/wp-json\/wp\/v2\/media?parent=22155"}],"wp:term":[{"taxonomy":"category","embeddable":true,"href":"https:\/\/www.guncelozturk.com\/es\/wp-json\/wp\/v2\/categories?post=22155"},{"taxonomy":"post_tag","embeddable":true,"href":"https:\/\/www.guncelozturk.com\/es\/wp-json\/wp\/v2\/tags?post=22155"}],"curies":[{"name":"wp","href":"https:\/\/api.w.org\/{rel}","templated":true}]}}