{"id":22228,"date":"2025-05-21T14:52:52","date_gmt":"2025-05-21T14:52:52","guid":{"rendered":"http:\/\/guncelozturk.prdioweb.com\/sin-categoria\/se-puede-corregir-la-asimetria-mamaria\/"},"modified":"2025-09-16T08:59:27","modified_gmt":"2025-09-16T08:59:27","slug":"se-puede-corregir-la-asimetria-mamaria","status":"publish","type":"post","link":"https:\/\/www.guncelozturk.com\/es\/se-puede-corregir-la-asimetria-mamaria\/","title":{"rendered":"\u00bfSe puede corregir la asimetr\u00eda mamaria?"},"content":{"rendered":"\t\t<div data-elementor-type=\"wp-post\" data-elementor-id=\"22228\" class=\"elementor elementor-22228 elementor-14427\" data-elementor-post-type=\"post\">\n\t\t\t\t<div class=\"elementor-element elementor-element-62269e9 e-flex e-con-boxed e-con e-parent\" data-id=\"62269e9\" data-element_type=\"container\" data-e-type=\"container\">\n\t\t\t\t\t<div class=\"e-con-inner\">\n\t\t<div class=\"elementor-element elementor-element-e60f737 e-con-full bg-section v2 e-flex e-con e-child\" data-id=\"e60f737\" data-element_type=\"container\" data-e-type=\"container\" data-settings=\"{&quot;background_background&quot;:&quot;classic&quot;}\">\n\t\t<div class=\"elementor-element elementor-element-08296e3 e-con-full e-flex e-con e-child\" data-id=\"08296e3\" data-element_type=\"container\" data-e-type=\"container\">\n\t\t\t\t<div class=\"elementor-element elementor-element-2795599 elementor-invisible elementor-widget elementor-widget-text-editor\" data-id=\"2795599\" data-element_type=\"widget\" data-e-type=\"widget\" data-settings=\"{&quot;_animation&quot;:&quot;fadeInUp&quot;,&quot;ekit_we_effect_on&quot;:&quot;none&quot;}\" data-widget_type=\"text-editor.default\">\n\t\t\t\t<div class=\"elementor-widget-container\">\n\t\t\t\t\t\t\t\t\t<p class=\"\" data-start=\"312\" data-end=\"835\">La asimetr\u00eda mamaria leve es bastante com\u00fan entre las mujeres; de hecho, casi todas las mujeres tienen una diferencia imperceptible entre sus mamas. Sin embargo, cuando la diferencia en la forma, el tama\u00f1o o la posici\u00f3n del pez\u00f3n se vuelve evidente, esto puede causar molestias tanto f\u00edsicas com<a href=\"http:\/\/guncelozturk.prdioweb.com\/es\/asimetria-mamaria\/\" target=\"_blank\" rel=\"noopener\">o <strong data-start=\"607\" data-end=\"626\">emocionales<\/strong>. <\/a>Esta condici\u00f3n se denomina asimetr\u00eda mamaria y puede deberse a factores gen\u00e9ticos, embarazo, lactancia, cambios de peso, envejecimiento, desequilibrios hormonales, aumento de pecho en hombres (ginecomastia) o menopausia.  <\/p>\t\t\t\t\t\t\t\t<\/div>\n\t\t\t\t<\/div>\n\t\t<div class=\"elementor-element elementor-element-a99157c e-con-full e-flex e-con e-child\" data-id=\"a99157c\" data-element_type=\"container\" data-e-type=\"container\" data-settings=\"{&quot;background_background&quot;:&quot;classic&quot;}\">\n\t\t\t\t<div class=\"elementor-element elementor-element-05276e8 at-image-animation at-animation-image-none elementor-widget elementor-widget-image\" data-id=\"05276e8\" data-element_type=\"widget\" data-e-type=\"widget\" data-settings=\"{&quot;ekit_we_effect_on&quot;:&quot;none&quot;}\" data-widget_type=\"image.default\">\n\t\t\t\t<div class=\"elementor-widget-container\">\n\t\t\t\t\t\t\t\t\t\t\t\t\t\t\t<img fetchpriority=\"high\" decoding=\"async\" width=\"500\" height=\"350\" src=\"https:\/\/www.guncelozturk.com\/wp-content\/uploads\/2025\/05\/Breast-Asymmetry-treatment-in-hyderabad.webp\" class=\"attachment-large size-large wp-image-22229\" alt=\"\" srcset=\"https:\/\/www.guncelozturk.com\/wp-content\/uploads\/2025\/05\/Breast-Asymmetry-treatment-in-hyderabad.webp 500w, https:\/\/www.guncelozturk.com\/wp-content\/uploads\/2025\/05\/Breast-Asymmetry-treatment-in-hyderabad-300x210.webp 300w\" sizes=\"(max-width: 500px) 100vw, 500px\" title=\"\">\t\t\t\t\t\t\t\t\t\t\t\t\t\t\t<\/div>\n\t\t\t\t<\/div>\n\t\t\t\t<\/div>\n\t\t\t\t<\/div>\n\t\t\t\t<\/div>\n\t\t<div class=\"elementor-element elementor-element-9305bf6 e-con-full bg-section v2 e-flex e-con e-child\" data-id=\"9305bf6\" data-element_type=\"container\" data-e-type=\"container\" data-settings=\"{&quot;background_background&quot;:&quot;classic&quot;}\">\n\t\t<div class=\"elementor-element elementor-element-da222db e-con-full e-flex e-con e-child\" data-id=\"da222db\" data-element_type=\"container\" data-e-type=\"container\">\n\t\t\t\t<div class=\"elementor-element elementor-element-2c66c78 at-heading-animation at-animation-heading-style-3 elementor-widget elementor-widget-heading\" data-id=\"2c66c78\" data-element_type=\"widget\" data-e-type=\"widget\" data-settings=\"{&quot;ekit_we_effect_on&quot;:&quot;none&quot;}\" data-widget_type=\"heading.default\">\n\t\t\t\t<div class=\"elementor-widget-container\">\n\t\t\t\t\t<h3 class=\"elementor-heading-title elementor-size-default\">Situaciones que van m\u00e1s all\u00e1 del problema est\u00e9tico\n<\/h3>\t\t\t\t<\/div>\n\t\t\t\t<\/div>\n\t\t\t\t<div class=\"elementor-element elementor-element-ea145f4 elementor-invisible elementor-widget elementor-widget-text-editor\" data-id=\"ea145f4\" data-element_type=\"widget\" data-e-type=\"widget\" data-settings=\"{&quot;_animation&quot;:&quot;fadeInUp&quot;,&quot;ekit_we_effect_on&quot;:&quot;none&quot;}\" data-widget_type=\"text-editor.default\">\n\t\t\t\t<div class=\"elementor-widget-container\">\n\t\t\t\t\t\t\t\t\t<p class=\"\" data-start=\"881\" data-end=\"1274\">Una asimetr\u00eda mamaria evidente puede afectar la autoestima, la elecci\u00f3n de la ropa y la calidad de vida en general de una persona. La asimetr\u00eda notable, especialmente en mujeres j\u00f3venes, puede provocar problemas de percepci\u00f3n corporal y dificultades emocionales. La elecci\u00f3n de ropa interior, trajes de ba\u00f1o o prendas ajustadas se convierte en un problema cotidiano, y en ocasiones puede afectar negativamente a las relaciones sociales y la vida privada.  <\/p>\t\t\t\t\t\t\t\t<\/div>\n\t\t\t\t<\/div>\n\t\t\t\t<\/div>\n\t\t\t\t<\/div>\n\t\t<div class=\"elementor-element elementor-element-ea36163 e-con-full bg-section v2 e-flex e-con e-child\" data-id=\"ea36163\" data-element_type=\"container\" data-e-type=\"container\" data-settings=\"{&quot;background_background&quot;:&quot;classic&quot;}\">\n\t\t<div class=\"elementor-element elementor-element-cd27448 e-con-full e-flex e-con e-child\" data-id=\"cd27448\" data-element_type=\"container\" data-e-type=\"container\">\n\t\t\t\t<div class=\"elementor-element elementor-element-1b0b9c7 at-heading-animation at-animation-heading-style-3 elementor-widget elementor-widget-heading\" data-id=\"1b0b9c7\" data-element_type=\"widget\" data-e-type=\"widget\" data-settings=\"{&quot;ekit_we_effect_on&quot;:&quot;none&quot;}\" data-widget_type=\"heading.default\">\n\t\t\t\t<div class=\"elementor-widget-container\">\n\t\t\t\t\t<h3 class=\"elementor-heading-title elementor-size-default\">M\u00e9todos de tratamiento quir\u00fargicos y no quir\u00fargicos\n<\/h3>\t\t\t\t<\/div>\n\t\t\t\t<\/div>\n\t\t\t\t<div class=\"elementor-element elementor-element-3cdd8dd elementor-invisible elementor-widget elementor-widget-text-editor\" data-id=\"3cdd8dd\" data-element_type=\"widget\" data-e-type=\"widget\" data-settings=\"{&quot;_animation&quot;:&quot;fadeInUp&quot;,&quot;ekit_we_effect_on&quot;:&quot;none&quot;}\" data-widget_type=\"text-editor.default\">\n\t\t\t\t<div class=\"elementor-widget-container\">\n\t\t\t\t\t\t\t\t\t<p class=\"\" data-start=\"1326\" data-end=\"1567\">La buena noticia es que la asimetr\u00eda mamaria se puede corregir mediante diferentes m\u00e9todos. El m\u00e9todo que se aplicar\u00e1 se determina en funci\u00f3n de la anatom\u00eda y las expectativas de la persona, y puede ser quir\u00fargico o no quir\u00fargico. El objetivo es restablecer el equilibrio y la armon\u00eda en el contorno mamario.  <\/p><p class=\"\" data-start=\"1569\" data-end=\"1985\">Si tambi\u00e9n hay flacidez en el pecho, se <strong data-start=\"1606\" data-end=\"1626\">puede <\/strong>remodelar el tejido mamario mediante una cirug\u00eda de levantamiento de senos. En los casos en los que un pecho es m\u00e1s peque\u00f1o que el otro, se puede realizar un aumento mamario. Esta intervenci\u00f3n se puede realizar con implantes de silicona, inyecciones de grasa o rellenos. Por el contrario, si un pecho es significativamente<strong data-start=\"1735\" data-end=\"1758\"> m\u00e1s gran<\/strong>de que el <strong data-start=\"1932\" data-end=\"1959\">otro, se pu<\/strong>ede lograr la simetr\u00eda mediante una cirug\u00eda de reducci\u00f3n mamaria.   <\/p><p class=\"\" data-start=\"1987\" data-end=\"2247\">Si hay una diferencia en la posici\u00f3n del pez\u00f3n, este se puede reposicionar mediante peque\u00f1as intervenciones quir\u00fargicas. En los casos de ginecomastia que se observan en los hombres, por lo general se combina la liposucci\u00f3n co<strong data-start=\"2146\" data-end=\"2192\">n la cirug\u00eda de reducci\u00f3n<\/strong> mamaria para lograr un aspecto sim\u00e9trico. <\/p>\t\t\t\t\t\t\t\t<\/div>\n\t\t\t\t<\/div>\n\t\t\t\t<\/div>\n\t\t\t\t<\/div>\n\t\t<div class=\"elementor-element elementor-element-0bb4da6 e-con-full bg-section v2 e-flex e-con e-child\" data-id=\"0bb4da6\" data-element_type=\"container\" data-e-type=\"container\" data-settings=\"{&quot;background_background&quot;:&quot;classic&quot;}\">\n\t\t<div class=\"elementor-element elementor-element-29c1506 e-con-full e-flex e-con e-child\" data-id=\"29c1506\" data-element_type=\"container\" data-e-type=\"container\">\n\t\t\t\t<div class=\"elementor-element elementor-element-0b9de65 at-heading-animation at-animation-heading-style-3 elementor-widget elementor-widget-heading\" data-id=\"0b9de65\" data-element_type=\"widget\" data-e-type=\"widget\" data-settings=\"{&quot;ekit_we_effect_on&quot;:&quot;none&quot;}\" data-widget_type=\"heading.default\">\n\t\t\t\t<div class=\"elementor-widget-container\">\n\t\t\t\t\t<h3 class=\"elementor-heading-title elementor-size-default\">Planificaci\u00f3n personalizada\n<\/h3>\t\t\t\t<\/div>\n\t\t\t\t<\/div>\n\t\t\t\t<div class=\"elementor-element elementor-element-9060796 elementor-invisible elementor-widget elementor-widget-text-editor\" data-id=\"9060796\" data-element_type=\"widget\" data-e-type=\"widget\" data-settings=\"{&quot;_animation&quot;:&quot;fadeInUp&quot;,&quot;ekit_we_effect_on&quot;:&quot;none&quot;}\" data-widget_type=\"text-editor.default\">\n\t\t\t\t<div class=\"elementor-widget-container\">\n\t\t\t\t\t\t\t\t\t<p class=\"\" data-start=\"2275\" data-end=\"2715\">La cirug\u00eda de correcci\u00f3n de la asimetr\u00eda mamaria se realiza con anestesia local o general, dependiendo del alcance de la intervenci\u00f3n. La operaci\u00f3n suele durar entre 30 minutos y 2 horas. La mayor\u00eda de los pacientes experimentan molestias m\u00ednimas durante el proceso de recuperaci\u00f3n. En algunos casos, puede ser necesaria una hospitalizaci\u00f3n breve, pero muchos pacientes vuelven a su vida cotidiana en pocos d\u00edas. Sin embargo, se recomienda evitar las actividades f\u00edsicas intensas durante varias semanas hasta la recuperaci\u00f3n completa.    <\/p>\t\t\t\t\t\t\t\t<\/div>\n\t\t\t\t<\/div>\n\t\t\t\t<\/div>\n\t\t\t\t<\/div>\n\t\t<div class=\"elementor-element elementor-element-facc9a6 e-con-full bg-section v2 e-flex e-con e-child\" data-id=\"facc9a6\" data-element_type=\"container\" data-e-type=\"container\" data-settings=\"{&quot;background_background&quot;:&quot;classic&quot;}\">\n\t\t<div class=\"elementor-element elementor-element-e2647c8 e-con-full e-flex e-con e-child\" data-id=\"e2647c8\" data-element_type=\"container\" data-e-type=\"container\">\n\t\t\t\t<div class=\"elementor-element elementor-element-c161f7b at-heading-animation at-animation-heading-style-3 elementor-widget elementor-widget-heading\" data-id=\"c161f7b\" data-element_type=\"widget\" data-e-type=\"widget\" data-settings=\"{&quot;ekit_we_effect_on&quot;:&quot;none&quot;}\" data-widget_type=\"heading.default\">\n\t\t\t\t<div class=\"elementor-widget-container\">\n\t\t\t\t\t<h3 class=\"elementor-heading-title elementor-size-default\">El inter\u00e9s por las soluciones no quir\u00fargicas est\u00e1 aumentando.\n<\/h3>\t\t\t\t<\/div>\n\t\t\t\t<\/div>\n\t\t\t\t<div class=\"elementor-element elementor-element-92f3ab6 elementor-invisible elementor-widget elementor-widget-text-editor\" data-id=\"92f3ab6\" data-element_type=\"widget\" data-e-type=\"widget\" data-settings=\"{&quot;_animation&quot;:&quot;fadeInUp&quot;,&quot;ekit_we_effect_on&quot;:&quot;none&quot;}\" data-widget_type=\"text-editor.default\">\n\t\t\t\t<div class=\"elementor-widget-container\">\n\t\t\t\t\t\t\t\t\t<p class=\"\" data-start=\"2761\" data-end=\"3136\">Gracias a los avances en la medicina est\u00e9tica, tambi\u00e9n se <strong data-start=\"2839\" data-end=\"2863\">ofrecen <\/strong>soluciones sin cirug\u00eda para las person<strong data-start=\"2882\" data-end=\"2912\">as con una ligera<\/strong> asimetr\u00eda mamaria. Mediante rellenos de \u00e1cido hialur\u00f3nico o inyecciones de grasa, se puede aumentar el volumen del pecho m\u00e1s peque\u00f1o y conseguir un aspec<strong data-start=\"2918\" data-end=\"2940\">to natural y eq<\/strong>uilibrado. Estos m\u00e9todos son muy adecuados para pacientes que no desean someterse a una intervenci\u00f3n quir\u00fargica permanente o que buscan una soluci\u00f3n temporal. <\/p>\t\t\t\t\t\t\t\t<\/div>\n\t\t\t\t<\/div>\n\t\t\t\t<\/div>\n\t\t\t\t<\/div>\n\t\t<div class=\"elementor-element elementor-element-95f31b5 e-con-full bg-section v2 e-flex e-con e-child\" data-id=\"95f31b5\" data-element_type=\"container\" data-e-type=\"container\" data-settings=\"{&quot;background_background&quot;:&quot;classic&quot;}\">\n\t\t<div class=\"elementor-element elementor-element-0277dc7 e-con-full e-flex e-con e-child\" data-id=\"0277dc7\" data-element_type=\"container\" data-e-type=\"container\">\n\t\t\t\t<div class=\"elementor-element elementor-element-16f23b0 at-heading-animation at-animation-heading-style-3 elementor-widget elementor-widget-heading\" data-id=\"16f23b0\" data-element_type=\"widget\" data-e-type=\"widget\" data-settings=\"{&quot;ekit_we_effect_on&quot;:&quot;none&quot;}\" data-widget_type=\"heading.default\">\n\t\t\t\t<div class=\"elementor-widget-container\">\n\t\t\t\t\t<h3 class=\"elementor-heading-title elementor-size-default\">Primer paso: Asimetr\u00eda mamaria. Opini\u00f3n de un especialista.\n<\/h3>\t\t\t\t<\/div>\n\t\t\t\t<\/div>\n\t\t\t\t<div class=\"elementor-element elementor-element-99d3291 elementor-invisible elementor-widget elementor-widget-text-editor\" data-id=\"99d3291\" data-element_type=\"widget\" data-e-type=\"widget\" data-settings=\"{&quot;_animation&quot;:&quot;fadeInUp&quot;,&quot;ekit_we_effect_on&quot;:&quot;none&quot;}\" data-widget_type=\"text-editor.default\">\n\t\t\t\t<div class=\"elementor-widget-container\">\n\t\t\t\t\t\t\t\t\t<section class=\"l-section height_auto\"><div class=\"l-section-h i-cf\"><p class=\"\" data-start=\"3166\" data-end=\"3488\">Si le molestan las<strong data-start=\"3245\" data-end=\"3285\"> diferencias en el tama<\/strong>\u00f1o o la forma de sus senos, el primer paso debe ser consultar con un cirujano pl\u00e1stico especializado. Tras un examen detallado, su m\u00e9dico determinar\u00e1 el m\u00e9todo m\u00e1s adecuado para usted, ya sea quir\u00fargico o no quir\u00fargico, y le ayudar\u00e1 a alcanzar sus objetivos est\u00e9ticos de forma segura y eficaz. <\/p><p class=\"\" data-start=\"3490\" data-end=\"3877\">El tratamiento de la asimetr\u00eda m<a href=\"https:\/\/www.guncelozturk.com\/es\/todo-lo-que-hay-que-saber-sobre-la-asimetria-mamaria\/gogus-asimetrisi-3\/\">a<strong data-start=\"3527\" data-end=\"3555\">maria, cuando se aplica con <\/strong>la<\/a> t\u00e9cnica adecuada y la experiencia necesaria, ofrece importantes beneficios tanto f\u00edsicos como emocionales para la persona. Las l\u00edneas corporales m\u00e1s equilibradas, el aumento de la confianza en uno mismo y una mejora notable en la calidad de vida son los logros m\u00e1s valiosos de este proceso. Como siempre, la elecci\u00f3n de un cirujano experimentado y una cl\u00ednica totalmente equipada constituye la base de un viaje est\u00e9tico exitoso.  <\/p><\/div><\/section><section class=\"l-section height_auto for_comments\"><div class=\"l-section-h i-cf\"><div class=\"wpdiscuz_top_clearing\"> <\/div><div id=\"comments\" class=\"comments-area\"><div id=\"respond\"> <\/div><div id=\"wpd-post-rating\" class=\"wpd-not-rated\"><div class=\"wpd-rating-wrap\"> <\/div><\/div><\/div><\/div><\/section>\t\t\t\t\t\t\t\t<\/div>\n\t\t\t\t<\/div>\n\t\t\t\t<\/div>\n\t\t\t\t<\/div>\n\t\t\t\t\t<\/div>\n\t\t\t\t<\/div>\n\t\t\t\t<\/div>\n\t\t","protected":false},"excerpt":{"rendered":"<p>La asimetr\u00eda mamaria leve es bastante com\u00fan entre las mujeres; de hecho, [&hellip;]<\/p>\n","protected":false},"author":1,"featured_media":26924,"comment_status":"open","ping_status":"closed","sticky":false,"template":"","format":"standard","meta":{"footnotes":""},"categories":[80,82,83],"tags":[],"class_list":["post-22228","post","type-post","status-publish","format-standard","has-post-thumbnail","hentry","category-articulos","category-cirugia-estetica-de-mama","category-estetica-corporal"],"_links":{"self":[{"href":"https:\/\/www.guncelozturk.com\/es\/wp-json\/wp\/v2\/posts\/22228","targetHints":{"allow":["GET"]}}],"collection":[{"href":"https:\/\/www.guncelozturk.com\/es\/wp-json\/wp\/v2\/posts"}],"about":[{"href":"https:\/\/www.guncelozturk.com\/es\/wp-json\/wp\/v2\/types\/post"}],"author":[{"embeddable":true,"href":"https:\/\/www.guncelozturk.com\/es\/wp-json\/wp\/v2\/users\/1"}],"replies":[{"embeddable":true,"href":"https:\/\/www.guncelozturk.com\/es\/wp-json\/wp\/v2\/comments?post=22228"}],"version-history":[{"count":2,"href":"https:\/\/www.guncelozturk.com\/es\/wp-json\/wp\/v2\/posts\/22228\/revisions"}],"predecessor-version":[{"id":26916,"href":"https:\/\/www.guncelozturk.com\/es\/wp-json\/wp\/v2\/posts\/22228\/revisions\/26916"}],"wp:featuredmedia":[{"embeddable":true,"href":"https:\/\/www.guncelozturk.com\/es\/wp-json\/wp\/v2\/media\/26924"}],"wp:attachment":[{"href":"https:\/\/www.guncelozturk.com\/es\/wp-json\/wp\/v2\/media?parent=22228"}],"wp:term":[{"taxonomy":"category","embeddable":true,"href":"https:\/\/www.guncelozturk.com\/es\/wp-json\/wp\/v2\/categories?post=22228"},{"taxonomy":"post_tag","embeddable":true,"href":"https:\/\/www.guncelozturk.com\/es\/wp-json\/wp\/v2\/tags?post=22228"}],"curies":[{"name":"wp","href":"https:\/\/api.w.org\/{rel}","templated":true}]}}