{"id":22443,"date":"2025-05-11T19:18:41","date_gmt":"2025-05-11T19:18:41","guid":{"rendered":"http:\/\/guncelozturk.prdioweb.com\/sin-categoria\/la-vejez-no-se-refleja-en-tu-rostro-sino-en-tu-esqueleto\/"},"modified":"2025-09-29T11:38:34","modified_gmt":"2025-09-29T11:38:34","slug":"la-vejez-no-se-refleja-en-tu-rostro-sino-en-tu-esqueleto","status":"publish","type":"post","link":"https:\/\/www.guncelozturk.com\/es\/la-vejez-no-se-refleja-en-tu-rostro-sino-en-tu-esqueleto\/","title":{"rendered":"\u00a1La vejez no se refleja en tu rostro, sino en tu esqueleto!"},"content":{"rendered":"\t\t<div data-elementor-type=\"wp-post\" data-elementor-id=\"22443\" class=\"elementor elementor-22443 elementor-15324\" data-elementor-post-type=\"post\">\n\t\t\t\t<div class=\"elementor-element elementor-element-62269e9 e-flex e-con-boxed e-con e-parent\" data-id=\"62269e9\" data-element_type=\"container\" data-e-type=\"container\">\n\t\t\t\t\t<div class=\"e-con-inner\">\n\t\t<div class=\"elementor-element elementor-element-9305bf6 e-con-full bg-section v2 e-flex e-con e-child\" data-id=\"9305bf6\" data-element_type=\"container\" data-e-type=\"container\" data-settings=\"{&quot;background_background&quot;:&quot;classic&quot;}\">\n\t\t<div class=\"elementor-element elementor-element-da222db e-con-full e-flex e-con e-child\" data-id=\"da222db\" data-element_type=\"container\" data-e-type=\"container\">\n\t\t\t\t<div class=\"elementor-element elementor-element-2c66c78 at-heading-animation at-animation-heading-style-3 elementor-widget elementor-widget-heading\" data-id=\"2c66c78\" data-element_type=\"widget\" data-e-type=\"widget\" data-settings=\"{&quot;ekit_we_effect_on&quot;:&quot;none&quot;}\" data-widget_type=\"heading.default\">\n\t\t\t\t<div class=\"elementor-widget-container\">\n\t\t\t\t\t<h6 class=\"elementor-heading-title elementor-size-default\">\u00a1La vejez no se refleja en tu rostro, sino en tu esqueleto!\n<\/h6>\t\t\t\t<\/div>\n\t\t\t\t<\/div>\n\t\t\t\t<div class=\"elementor-element elementor-element-ea145f4 elementor-invisible elementor-widget elementor-widget-text-editor\" data-id=\"ea145f4\" data-element_type=\"widget\" data-e-type=\"widget\" data-settings=\"{&quot;_animation&quot;:&quot;fadeInUp&quot;,&quot;ekit_we_effect_on&quot;:&quot;none&quot;}\" data-widget_type=\"text-editor.default\">\n\t\t\t\t<div class=\"elementor-widget-container\">\n\t\t\t\t\t\t\t\t\t<p>Tanto si tomamos medidas como si no, la vejez acaba llegando a todos nosotros. Quiz\u00e1s hayamos hecho un buen trabajo previni\u00e9ndola y no aparentemos nuestra edad, pero hay que admitir que, al cabo de un tiempo, eso ya no es suficiente. Cuando nos miramos al espejo, nos encontramos con un rostro que nos dice que los a\u00f1os han pasado.<br>Aunque el esqueleto facial, cuyo desarrollo se detiene en la adolescencia, no nos cause problemas con el tiempo, a medida que envejecemos se va desgastando, al igual que los huesos de las piernas, que nos recuerdan su presencia con dolores. Nuestra piel, que nos queda grande debido al desgaste, colapso y encogimiento de nuestro esqueleto facial, tambi\u00e9n se arruga, se descuelga y se convierte en un rostro que delata nuestra edad. A nuestra piel descuelgada y arrugada se suman las manchas solares y las l\u00edneas de expresi\u00f3n, que ya no est\u00e1n dispuestas a abandonarnos, lo que refuerza la apariencia desgastada de nuestro rostro.    <\/p>\t\t\t\t\t\t\t\t<\/div>\n\t\t\t\t<\/div>\n\t\t<div class=\"elementor-element elementor-element-a99157c e-con-full e-flex e-con e-child\" data-id=\"a99157c\" data-element_type=\"container\" data-e-type=\"container\" data-settings=\"{&quot;background_background&quot;:&quot;classic&quot;}\">\n\t\t\t\t<div class=\"elementor-element elementor-element-05276e8 at-image-animation at-animation-image-none elementor-widget elementor-widget-image\" data-id=\"05276e8\" data-element_type=\"widget\" data-e-type=\"widget\" data-settings=\"{&quot;ekit_we_effect_on&quot;:&quot;none&quot;}\" data-widget_type=\"image.default\">\n\t\t\t\t<div class=\"elementor-widget-container\">\n\t\t\t\t\t\t\t\t\t\t\t\t\t\t\t<img fetchpriority=\"high\" decoding=\"async\" width=\"549\" height=\"365\" src=\"https:\/\/www.guncelozturk.com\/wp-content\/uploads\/2025\/05\/yaslilik.webp\" class=\"attachment-large size-large wp-image-22444\" alt=\"\" srcset=\"https:\/\/www.guncelozturk.com\/wp-content\/uploads\/2025\/05\/yaslilik.webp 549w, https:\/\/www.guncelozturk.com\/wp-content\/uploads\/2025\/05\/yaslilik-300x199.webp 300w\" sizes=\"(max-width: 549px) 100vw, 549px\" title=\"\">\t\t\t\t\t\t\t\t\t\t\t\t\t\t\t<\/div>\n\t\t\t\t<\/div>\n\t\t\t\t<\/div>\n\t\t\t\t<\/div>\n\t\t\t\t<\/div>\n\t\t<div class=\"elementor-element elementor-element-ea36163 e-con-full bg-section v2 e-flex e-con e-child\" data-id=\"ea36163\" data-element_type=\"container\" data-e-type=\"container\" data-settings=\"{&quot;background_background&quot;:&quot;classic&quot;}\">\n\t\t<div class=\"elementor-element elementor-element-cd27448 e-con-full e-flex e-con e-child\" data-id=\"cd27448\" data-element_type=\"container\" data-e-type=\"container\">\n\t\t\t\t<div class=\"elementor-element elementor-element-3cdd8dd elementor-invisible elementor-widget elementor-widget-text-editor\" data-id=\"3cdd8dd\" data-element_type=\"widget\" data-e-type=\"widget\" data-settings=\"{&quot;_animation&quot;:&quot;fadeInUp&quot;,&quot;ekit_we_effect_on&quot;:&quot;none&quot;}\" data-widget_type=\"text-editor.default\">\n\t\t\t\t<div class=\"elementor-widget-container\">\n\t\t\t\t\t\t\t\t\t<p>Si la estructura \u00f3sea que hemos heredado es fuerte, nuestro esqueleto facial sufrir\u00e1 menos da\u00f1os con el paso de los a\u00f1os. Por ejemplo, los hombres, al tener una estructura \u00f3sea m\u00e1s fuerte que las mujeres, tardan m\u00e1s en sufrir los efectos de la vejez. Para que su estructura \u00f3sea se vea m\u00ednimamente afectada por el paso de los a\u00f1os, es importante que su alimentaci\u00f3n sea rica en calcio y vitamina D. Una alimentaci\u00f3n equilibrada y saludable es muy importante en la etapa posmenop\u00e1usica, cuando la hormona estr\u00f3geno disminuye r\u00e1pidamente.<br>El rejuvenecimiento del esqueleto facial es posible gracias a las operaciones est\u00e9ticas. Si hay p\u00e9rdida \u00f3sea, se puede mejorar el estado del esqueleto rellen\u00e1ndolo con un material de relleno con propiedades similares a las del<a href=\"https:\/\/www.guncelozturk.com\/yuz-estetik-sanati\/yuz-germe\/\"> tejido \u00f3seo. Si t<\/a>ambi\u00e9n se va a realizar un lifting facial, es necesario mejorar el estado del esqueleto.<br>A continuaci\u00f3n, gracias al implante colocado en el interior de la boca, se puede conseguir un aspecto m\u00e1s joven. Los implantes utilizados se adaptan a la estructura del rostro y no se descomponen, por lo que no es necesario repetir la operaci\u00f3n. Este procedimiento es suficiente para conseguir un aspecto joven en personas sin mucha flacidez, mientras que en personas con m\u00e1s <a href=\"\/oil-injection\/\" target=\"_blank\" rel=\"noopener\">flacidez <\/a>prepara el terreno adecuado para el lifting facial.      <\/p><p><a href=\"http:\/\/guncelozturk.prdioweb.com\/es\/quienes-somos\/\" target=\"_blank\" rel=\"noopener\"><strong>Assoc. Prof. Dr. G\u00fcncel \u00d6zt\u00fcrk <\/strong><\/a><br><strong>Cirug\u00eda est\u00e9tica, pl\u00e1stica y reconstructiva<\/strong><\/p>\t\t\t\t\t\t\t\t<\/div>\n\t\t\t\t<\/div>\n\t\t\t\t<\/div>\n\t\t\t\t<\/div>\n\t\t\t\t\t<\/div>\n\t\t\t\t<\/div>\n\t\t\t\t<\/div>\n\t\t","protected":false},"excerpt":{"rendered":"<p>\u00a1La vejez no se refleja en tu rostro, sino en tu esqueleto! [&hellip;]<\/p>\n","protected":false},"author":1,"featured_media":27899,"comment_status":"open","ping_status":"closed","sticky":false,"template":"","format":"standard","meta":{"footnotes":""},"categories":[80,84],"tags":[],"class_list":["post-22443","post","type-post","status-publish","format-standard","has-post-thumbnail","hentry","category-articulos","category-estetica-facial"],"_links":{"self":[{"href":"https:\/\/www.guncelozturk.com\/es\/wp-json\/wp\/v2\/posts\/22443","targetHints":{"allow":["GET"]}}],"collection":[{"href":"https:\/\/www.guncelozturk.com\/es\/wp-json\/wp\/v2\/posts"}],"about":[{"href":"https:\/\/www.guncelozturk.com\/es\/wp-json\/wp\/v2\/types\/post"}],"author":[{"embeddable":true,"href":"https:\/\/www.guncelozturk.com\/es\/wp-json\/wp\/v2\/users\/1"}],"replies":[{"embeddable":true,"href":"https:\/\/www.guncelozturk.com\/es\/wp-json\/wp\/v2\/comments?post=22443"}],"version-history":[{"count":2,"href":"https:\/\/www.guncelozturk.com\/es\/wp-json\/wp\/v2\/posts\/22443\/revisions"}],"predecessor-version":[{"id":27981,"href":"https:\/\/www.guncelozturk.com\/es\/wp-json\/wp\/v2\/posts\/22443\/revisions\/27981"}],"wp:featuredmedia":[{"embeddable":true,"href":"https:\/\/www.guncelozturk.com\/es\/wp-json\/wp\/v2\/media\/27899"}],"wp:attachment":[{"href":"https:\/\/www.guncelozturk.com\/es\/wp-json\/wp\/v2\/media?parent=22443"}],"wp:term":[{"taxonomy":"category","embeddable":true,"href":"https:\/\/www.guncelozturk.com\/es\/wp-json\/wp\/v2\/categories?post=22443"},{"taxonomy":"post_tag","embeddable":true,"href":"https:\/\/www.guncelozturk.com\/es\/wp-json\/wp\/v2\/tags?post=22443"}],"curies":[{"name":"wp","href":"https:\/\/api.w.org\/{rel}","templated":true}]}}