{"id":22565,"date":"2025-05-08T19:25:14","date_gmt":"2025-05-08T19:25:14","guid":{"rendered":"http:\/\/guncelozturk.prdioweb.com\/sin-categoria\/estetica-facial-general\/"},"modified":"2025-09-29T11:40:21","modified_gmt":"2025-09-29T11:40:21","slug":"estetica-facial-general","status":"publish","type":"post","link":"https:\/\/www.guncelozturk.com\/es\/estetica-facial-general\/","title":{"rendered":"Est\u00e9tica facial general"},"content":{"rendered":"\t\t<div data-elementor-type=\"wp-post\" data-elementor-id=\"22565\" class=\"elementor elementor-22565 elementor-15348\" data-elementor-post-type=\"post\">\n\t\t\t\t<div class=\"elementor-element elementor-element-62269e9 e-flex e-con-boxed e-con e-parent\" data-id=\"62269e9\" data-element_type=\"container\" data-e-type=\"container\">\n\t\t\t\t\t<div class=\"e-con-inner\">\n\t\t<div class=\"elementor-element elementor-element-9305bf6 e-con-full bg-section v2 e-flex e-con e-child\" data-id=\"9305bf6\" data-element_type=\"container\" data-e-type=\"container\" data-settings=\"{&quot;background_background&quot;:&quot;classic&quot;}\">\n\t\t<div class=\"elementor-element elementor-element-da222db e-con-full e-flex e-con e-child\" data-id=\"da222db\" data-element_type=\"container\" data-e-type=\"container\">\n\t\t\t\t<div class=\"elementor-element elementor-element-2c66c78 at-heading-animation at-animation-heading-style-3 elementor-widget elementor-widget-heading\" data-id=\"2c66c78\" data-element_type=\"widget\" data-e-type=\"widget\" data-settings=\"{&quot;ekit_we_effect_on&quot;:&quot;none&quot;}\" data-widget_type=\"heading.default\">\n\t\t\t\t<div class=\"elementor-widget-container\">\n\t\t\t\t\t<h6 class=\"elementor-heading-title elementor-size-default\">\u00bfSe pueden realizar al mismo tiempo tratamientos de est\u00e9tica facial como el tratamiento de arrugas, la est\u00e9tica del ment\u00f3n, el levantamiento de cejas, las bolsas de los ojos, los p\u00f3mulos, el tratamiento de las ojeras y el relleno de labios?\n<\/h6>\t\t\t\t<\/div>\n\t\t\t\t<\/div>\n\t\t\t\t<div class=\"elementor-element elementor-element-ea145f4 elementor-invisible elementor-widget elementor-widget-text-editor\" data-id=\"ea145f4\" data-element_type=\"widget\" data-e-type=\"widget\" data-settings=\"{&quot;_animation&quot;:&quot;fadeInUp&quot;,&quot;ekit_we_effect_on&quot;:&quot;none&quot;}\" data-widget_type=\"text-editor.default\">\n\t\t\t\t<div class=\"elementor-widget-container\">\n\t\t\t\t\t\t\t\t\t<p><a href=\"http:\/\/guncelozturk.prdioweb.com\/es\/estetica-facial-y-de-cuello-3d\/\" target=\"_blank\" rel=\"noopener\">S\u00ed, en la est\u00e9tica facial genera<\/a>l se pueden tratar varios problemas est\u00e9ticos en una misma sesi\u00f3n. De hecho, en la mayor\u00eda de los casos se recomienda realizarlos al mismo tiempo. Las arrugas, las bolsas y ojeras en los ojos, y las l\u00edneas en la frente de nuestros pacientes no se pueden tratar con un solo tratamiento, ya que no proporcionan el aspecto deseado para el rostro. Por lo tanto, para lograr el resultado deseado, es necesario tratar al mismo tiempo las deformaciones que causan el aspecto cansado y envejecido del rostro.   <\/p><h6> <\/h6>\t\t\t\t\t\t\t\t<\/div>\n\t\t\t\t<\/div>\n\t\t<div class=\"elementor-element elementor-element-a99157c e-con-full e-flex e-con e-child\" data-id=\"a99157c\" data-element_type=\"container\" data-e-type=\"container\" data-settings=\"{&quot;background_background&quot;:&quot;classic&quot;}\">\n\t\t\t\t<div class=\"elementor-element elementor-element-05276e8 at-image-animation at-animation-image-none elementor-widget elementor-widget-image\" data-id=\"05276e8\" data-element_type=\"widget\" data-e-type=\"widget\" data-settings=\"{&quot;ekit_we_effect_on&quot;:&quot;none&quot;}\" data-widget_type=\"image.default\">\n\t\t\t\t<div class=\"elementor-widget-container\">\n\t\t\t\t\t\t\t\t\t\t\t\t\t\t\t<img decoding=\"async\" src=\"https:\/\/www.guncelozturk.com\/wp-content\/uploads\/elementor\/thumbs\/genel-yuz-estetigi-1-r8wu8rahl9c6uxneezdxf8blx8kdpgrc9pahoilin4.webp\" title=\"genel-yuz-estetigi-1\" alt=\"genel-yuz-estetigi-1\" loading=\"lazy\" \/>\t\t\t\t\t\t\t\t\t\t\t\t\t\t\t<\/div>\n\t\t\t\t<\/div>\n\t\t\t\t<\/div>\n\t\t\t\t<\/div>\n\t\t\t\t<\/div>\n\t\t<div class=\"elementor-element elementor-element-ea36163 e-con-full bg-section v2 e-flex e-con e-child\" data-id=\"ea36163\" data-element_type=\"container\" data-e-type=\"container\" data-settings=\"{&quot;background_background&quot;:&quot;classic&quot;}\">\n\t\t<div class=\"elementor-element elementor-element-cd27448 e-con-full e-flex e-con e-child\" data-id=\"cd27448\" data-element_type=\"container\" data-e-type=\"container\">\n\t\t\t\t<div class=\"elementor-element elementor-element-1b0b9c7 at-heading-animation at-animation-heading-style-3 elementor-widget elementor-widget-heading\" data-id=\"1b0b9c7\" data-element_type=\"widget\" data-e-type=\"widget\" data-settings=\"{&quot;ekit_we_effect_on&quot;:&quot;none&quot;}\" data-widget_type=\"heading.default\">\n\t\t\t\t<div class=\"elementor-widget-container\">\n\t\t\t\t\t<h6 class=\"elementor-heading-title elementor-size-default\">Cirug\u00eda est\u00e9tica de nariz y ment\u00f3n al mismo tiempo\n<\/h6>\t\t\t\t<\/div>\n\t\t\t\t<\/div>\n\t\t\t\t<div class=\"elementor-element elementor-element-3cdd8dd elementor-invisible elementor-widget elementor-widget-text-editor\" data-id=\"3cdd8dd\" data-element_type=\"widget\" data-e-type=\"widget\" data-settings=\"{&quot;_animation&quot;:&quot;fadeInUp&quot;,&quot;ekit_we_effect_on&quot;:&quot;none&quot;}\" data-widget_type=\"text-editor.default\">\n\t\t\t\t<div class=\"elementor-widget-container\">\n\t\t\t\t\t\t\t\t\t<p>La apariencia de la nariz y la mand\u00edbula son elementos que se complementan entre s\u00ed en el rostro. Tras una rinoplastia exitosa, si la posici\u00f3n de la mand\u00edbula est\u00e1 m\u00e1s atr\u00e1s de lo que deber\u00eda, la nueva forma de la nariz no se ver\u00e1 como se desea. En este caso, se recomienda aplicar un implante o una inyecci\u00f3n de relleno seg\u00fan la situaci\u00f3n de la mand\u00edbula.  <\/p>\t\t\t\t\t\t\t\t<\/div>\n\t\t\t\t<\/div>\n\t\t\t\t<\/div>\n\t\t\t\t<\/div>\n\t\t<div class=\"elementor-element elementor-element-816a9d4 e-con-full bg-section v2 e-flex e-con e-child\" data-id=\"816a9d4\" data-element_type=\"container\" data-e-type=\"container\" data-settings=\"{&quot;background_background&quot;:&quot;classic&quot;}\">\n\t\t<div class=\"elementor-element elementor-element-48e525c e-con-full e-flex e-con e-child\" data-id=\"48e525c\" data-element_type=\"container\" data-e-type=\"container\">\n\t\t\t\t<div class=\"elementor-element elementor-element-a25588d at-heading-animation at-animation-heading-style-3 elementor-widget elementor-widget-heading\" data-id=\"a25588d\" data-element_type=\"widget\" data-e-type=\"widget\" data-settings=\"{&quot;ekit_we_effect_on&quot;:&quot;none&quot;}\" data-widget_type=\"heading.default\">\n\t\t\t\t<div class=\"elementor-widget-container\">\n\t\t\t\t\t<h6 class=\"elementor-heading-title elementor-size-default\">Tratamiento de arrugas y flacidez facial\n<\/h6>\t\t\t\t<\/div>\n\t\t\t\t<\/div>\n\t\t\t\t<div class=\"elementor-element elementor-element-8f699ec elementor-invisible elementor-widget elementor-widget-text-editor\" data-id=\"8f699ec\" data-element_type=\"widget\" data-e-type=\"widget\" data-settings=\"{&quot;_animation&quot;:&quot;fadeInUp&quot;,&quot;ekit_we_effect_on&quot;:&quot;none&quot;}\" data-widget_type=\"text-editor.default\">\n\t\t\t\t<div class=\"elementor-widget-container\">\n\t\t\t\t\t\t\t\t\t<p>Si en su rostro se han formado al mismo tiempo flacidez y arrugas, tratar solo las patas de gallo mientras las bolsas de los p\u00e1rpados permanecen sin tratar tampoco llevar\u00e1 al paciente al resultado deseado. Si se va a realizar una operaci\u00f3n de rejuvenecimiento facial, se recomienda tratar al mismo tiempo las arrugas, las bolsas en los ojos, la ca\u00edda de las cejas y las ojeras. Porque solo as\u00ed se puede conseguir el aspecto joven y en\u00e9rgico deseado.  <\/p>\t\t\t\t\t\t\t\t<\/div>\n\t\t\t\t<\/div>\n\t\t\t\t<\/div>\n\t\t\t\t<\/div>\n\t\t<div class=\"elementor-element elementor-element-81d8576 e-con-full bg-section v2 e-flex e-con e-child\" data-id=\"81d8576\" data-element_type=\"container\" data-e-type=\"container\" data-settings=\"{&quot;background_background&quot;:&quot;classic&quot;}\">\n\t\t<div class=\"elementor-element elementor-element-03de8e2 e-con-full e-flex e-con e-child\" data-id=\"03de8e2\" data-element_type=\"container\" data-e-type=\"container\">\n\t\t\t\t<div class=\"elementor-element elementor-element-3a597d7 at-heading-animation at-animation-heading-style-3 elementor-widget elementor-widget-heading\" data-id=\"3a597d7\" data-element_type=\"widget\" data-e-type=\"widget\" data-settings=\"{&quot;ekit_we_effect_on&quot;:&quot;none&quot;}\" data-widget_type=\"heading.default\">\n\t\t\t\t<div class=\"elementor-widget-container\">\n\t\t\t\t\t<h6 class=\"elementor-heading-title elementor-size-default\">Deficiencias de volumen en el rostro\n<\/h6>\t\t\t\t<\/div>\n\t\t\t\t<\/div>\n\t\t\t\t<div class=\"elementor-element elementor-element-0938846 elementor-invisible elementor-widget elementor-widget-text-editor\" data-id=\"0938846\" data-element_type=\"widget\" data-e-type=\"widget\" data-settings=\"{&quot;_animation&quot;:&quot;fadeInUp&quot;,&quot;ekit_we_effect_on&quot;:&quot;none&quot;}\" data-widget_type=\"text-editor.default\">\n\t\t\t\t<div class=\"elementor-widget-container\">\n\t\t\t\t\t\t\t\t\t<p>En la est\u00e9tica facial general, las deficiencias de volumen en zonas como el ment\u00f3n, los p\u00f3mulos y los labios tambi\u00e9n pueden corregirse con la misma operaci\u00f3n, seg\u00fan las preferencias del paciente. La necesidad de estas operaciones puede variar seg\u00fan la persona. Por ejemplo, se recomienda realizarla en pacientes con p\u00f3mulos muy hundidos o con un ment\u00f3n tan retra\u00eddo que altera el perfil. Del mismo modo, se recomienda en personas con labios muy finos que dan al rostro un aspecto excesivamente nervioso y tenso. Si no supone un problema est\u00e9tico en el rostro, pero se desea que sea m\u00e1s voluminoso o prominente, se tienen en cuenta los deseos del paciente.    <\/p><p>Si desea obtener informaci\u00f3n m\u00e1s detallada sobre lo que se puede hacer para mejorar el aspecto de su rostro, puede solicitar ayuda a un centro de cirug\u00eda est\u00e9tica que utilice un dispositivo de simulaci\u00f3n 3D para el dise\u00f1o.<\/p>\t\t\t\t\t\t\t\t<\/div>\n\t\t\t\t<\/div>\n\t\t\t\t<\/div>\n\t\t\t\t<\/div>\n\t\t\t\t\t<\/div>\n\t\t\t\t<\/div>\n\t\t\t\t<\/div>\n\t\t","protected":false},"excerpt":{"rendered":"<p>\u00bfSe pueden realizar al mismo tiempo tratamientos de est\u00e9tica facial como el [&hellip;]<\/p>\n","protected":false},"author":1,"featured_media":27913,"comment_status":"open","ping_status":"closed","sticky":false,"template":"","format":"standard","meta":{"footnotes":""},"categories":[80,84],"tags":[],"class_list":["post-22565","post","type-post","status-publish","format-standard","has-post-thumbnail","hentry","category-articulos","category-estetica-facial"],"_links":{"self":[{"href":"https:\/\/www.guncelozturk.com\/es\/wp-json\/wp\/v2\/posts\/22565","targetHints":{"allow":["GET"]}}],"collection":[{"href":"https:\/\/www.guncelozturk.com\/es\/wp-json\/wp\/v2\/posts"}],"about":[{"href":"https:\/\/www.guncelozturk.com\/es\/wp-json\/wp\/v2\/types\/post"}],"author":[{"embeddable":true,"href":"https:\/\/www.guncelozturk.com\/es\/wp-json\/wp\/v2\/users\/1"}],"replies":[{"embeddable":true,"href":"https:\/\/www.guncelozturk.com\/es\/wp-json\/wp\/v2\/comments?post=22565"}],"version-history":[{"count":2,"href":"https:\/\/www.guncelozturk.com\/es\/wp-json\/wp\/v2\/posts\/22565\/revisions"}],"predecessor-version":[{"id":27990,"href":"https:\/\/www.guncelozturk.com\/es\/wp-json\/wp\/v2\/posts\/22565\/revisions\/27990"}],"wp:featuredmedia":[{"embeddable":true,"href":"https:\/\/www.guncelozturk.com\/es\/wp-json\/wp\/v2\/media\/27913"}],"wp:attachment":[{"href":"https:\/\/www.guncelozturk.com\/es\/wp-json\/wp\/v2\/media?parent=22565"}],"wp:term":[{"taxonomy":"category","embeddable":true,"href":"https:\/\/www.guncelozturk.com\/es\/wp-json\/wp\/v2\/categories?post=22565"},{"taxonomy":"post_tag","embeddable":true,"href":"https:\/\/www.guncelozturk.com\/es\/wp-json\/wp\/v2\/tags?post=22565"}],"curies":[{"name":"wp","href":"https:\/\/api.w.org\/{rel}","templated":true}]}}