{"id":22626,"date":"2025-05-07T19:27:17","date_gmt":"2025-05-07T19:27:17","guid":{"rendered":"http:\/\/guncelozturk.prdioweb.com\/sin-categoria\/remodelacion-del-perfil-facial-con-protesis\/"},"modified":"2025-09-29T11:41:12","modified_gmt":"2025-09-29T11:41:12","slug":"remodelacion-del-perfil-facial-con-protesis","status":"publish","type":"post","link":"https:\/\/www.guncelozturk.com\/es\/remodelacion-del-perfil-facial-con-protesis\/","title":{"rendered":"Remodelaci\u00f3n del perfil facial con pr\u00f3tesis"},"content":{"rendered":"\t\t<div data-elementor-type=\"wp-post\" data-elementor-id=\"22626\" class=\"elementor elementor-22626 elementor-15357\" data-elementor-post-type=\"post\">\n\t\t\t\t<div class=\"elementor-element elementor-element-62269e9 e-flex e-con-boxed e-con e-parent\" data-id=\"62269e9\" data-element_type=\"container\" data-e-type=\"container\">\n\t\t\t\t\t<div class=\"e-con-inner\">\n\t\t<div class=\"elementor-element elementor-element-e60f737 e-con-full bg-section v2 e-flex e-con e-child\" data-id=\"e60f737\" data-element_type=\"container\" data-e-type=\"container\" data-settings=\"{&quot;background_background&quot;:&quot;classic&quot;}\">\n\t\t<div class=\"elementor-element elementor-element-08296e3 e-con-full e-flex e-con e-child\" data-id=\"08296e3\" data-element_type=\"container\" data-e-type=\"container\">\n\t\t\t\t<div class=\"elementor-element elementor-element-2795599 elementor-invisible elementor-widget elementor-widget-text-editor\" data-id=\"2795599\" data-element_type=\"widget\" data-e-type=\"widget\" data-settings=\"{&quot;_animation&quot;:&quot;fadeInUp&quot;,&quot;ekit_we_effect_on&quot;:&quot;none&quot;}\" data-widget_type=\"text-editor.default\">\n\t\t\t\t<div class=\"elementor-widget-container\">\n\t\t\t\t\t\t\t\t\t<p>La facilidad con la que se pueden tomar fotos con los tel\u00e9fonos inteligentes, es decir, los selfies y las im\u00e1genes compartidas en las redes sociales, hace que las personas se den cuenta de los defectos de su perfil y aumenta la demanda de pr\u00f3tesis faciales y cirug\u00eda est\u00e9tica para corregir el perfil.<\/p><p>Muchas personas no est\u00e1n satisfechas con su perfil facial. Los problemas m\u00e1s comunes se refieren a la nariz, el ment\u00f3n, las mejillas y la frente. Las deformidades de la nariz, la indefinici\u00f3n del ment\u00f3n, el hundimiento de las mejillas y el saliente de la frente son los problemas est\u00e9ticos m\u00e1s frecuentes que afectan al aspecto est\u00e9tico del perfil.  <\/p><p>La estructura anat\u00f3mica del rostro est\u00e1 compuesta por la piel, los tejidos y la estructura \u00f3sea. La estructura \u00f3sea del rostro puede verse alterada de forma cong\u00e9nita, es decir, hereditaria, o como consecuencia de un traumatismo sufrido posteriormente o de problemas dentales. En estos casos de problemas est\u00e9ticos, la alteraci\u00f3n est\u00e9tica existente puede corregirse mediante cirug\u00eda de la estructura \u00f3sea del propio paciente o mediante el uso de pr\u00f3tesis.  <\/p>\t\t\t\t\t\t\t\t<\/div>\n\t\t\t\t<\/div>\n\t\t\t\t<\/div>\n\t\t\t\t<\/div>\n\t\t<div class=\"elementor-element elementor-element-1696d6a e-con-full bg-section v2 e-flex e-con e-child\" data-id=\"1696d6a\" data-element_type=\"container\" data-e-type=\"container\" data-settings=\"{&quot;background_background&quot;:&quot;classic&quot;}\">\n\t\t<div class=\"elementor-element elementor-element-1c800aa e-con-full e-flex e-con e-child\" data-id=\"1c800aa\" data-element_type=\"container\" data-e-type=\"container\">\n\t\t\t\t<div class=\"elementor-element elementor-element-d1b154f at-heading-animation at-animation-heading-style-3 elementor-widget elementor-widget-heading\" data-id=\"d1b154f\" data-element_type=\"widget\" data-e-type=\"widget\" data-settings=\"{&quot;ekit_we_effect_on&quot;:&quot;none&quot;}\" data-widget_type=\"heading.default\">\n\t\t\t\t<div class=\"elementor-widget-container\">\n\t\t\t\t\t<h6 class=\"elementor-heading-title elementor-size-default\">\u00bfEn qu\u00e9 zonas del rostro se puede aplicar una pr\u00f3tesis?\n<\/h6>\t\t\t\t<\/div>\n\t\t\t\t<\/div>\n\t\t\t\t<div class=\"elementor-element elementor-element-503cb6b elementor-invisible elementor-widget elementor-widget-text-editor\" data-id=\"503cb6b\" data-element_type=\"widget\" data-e-type=\"widget\" data-settings=\"{&quot;_animation&quot;:&quot;fadeInUp&quot;,&quot;ekit_we_effect_on&quot;:&quot;none&quot;}\" data-widget_type=\"text-editor.default\">\n\t\t\t\t<div class=\"elementor-widget-container\">\n\t\t\t\t\t\t\t\t\t<p>Las pr\u00f3tesis se aplican principalmente en la zona de la mand\u00edbula y las mejillas. En los problemas relacionados con el hueso nasal, se puede utilizar el propio hueso y cart\u00edlago del paciente. En la est\u00e9tica de los p\u00f3mu<a href=\"https:\/\/www.guncelozturk.com\/es\/estetica-de-la-punta-del-menton\/cene-ucu-estetigi-2\/\">los tambi\u00e9n se puede recurrir a <\/a>la aplicaci\u00f3n de pr\u00f3tesis. En la est\u00e9tica de la mand\u00edbula, se pueden a\u00f1adir pr\u00f3tesis en la punta y los laterales de la mand\u00edbula.  <\/p>\t\t\t\t\t\t\t\t<\/div>\n\t\t\t\t<\/div>\n\t\t\t\t<\/div>\n\t\t\t\t<\/div>\n\t\t<div class=\"elementor-element elementor-element-9305bf6 e-con-full bg-section v2 e-flex e-con e-child\" data-id=\"9305bf6\" data-element_type=\"container\" data-e-type=\"container\" data-settings=\"{&quot;background_background&quot;:&quot;classic&quot;}\">\n\t\t<div class=\"elementor-element elementor-element-da222db e-con-full e-flex e-con e-child\" data-id=\"da222db\" data-element_type=\"container\" data-e-type=\"container\">\n\t\t\t\t<div class=\"elementor-element elementor-element-2c66c78 at-heading-animation at-animation-heading-style-3 elementor-widget elementor-widget-heading\" data-id=\"2c66c78\" data-element_type=\"widget\" data-e-type=\"widget\" data-settings=\"{&quot;ekit_we_effect_on&quot;:&quot;none&quot;}\" data-widget_type=\"heading.default\">\n\t\t\t\t<div class=\"elementor-widget-container\">\n\t\t\t\t\t<h6 class=\"elementor-heading-title elementor-size-default\">\u00bfQu\u00e9 son las pr\u00f3tesis faciales?\n<\/h6>\t\t\t\t<\/div>\n\t\t\t\t<\/div>\n\t\t\t\t<div class=\"elementor-element elementor-element-ea145f4 elementor-invisible elementor-widget elementor-widget-text-editor\" data-id=\"ea145f4\" data-element_type=\"widget\" data-e-type=\"widget\" data-settings=\"{&quot;_animation&quot;:&quot;fadeInUp&quot;,&quot;ekit_we_effect_on&quot;:&quot;none&quot;}\" data-widget_type=\"text-editor.default\">\n\t\t\t\t<div class=\"elementor-widget-container\">\n\t\t\t\t\t\t\t\t\t<p>Las pr\u00f3tesis faciales suelen estar fabricadas con <a href=\"https:\/\/guncelozturk.ru\/contact-us\/\" target=\"_blank\" rel=\"noopener\">silicona o polietileno y s<\/a>e utilizan en cirug\u00eda est\u00e9tica. Son materiales que no producen ning\u00fan efecto secundario en el cuerpo. Los materiales de las pr\u00f3tesis se utilizan en productos que se pueden colocar f\u00e1cilmente a trav\u00e9s de peque\u00f1as incisiones. Las pr\u00f3tesis de silicona son m\u00e1s f\u00e1ciles de colocar, mientras que las pr\u00f3tesis fabricadas con polietileno pueden ser m\u00e1s dif\u00edciles de colocar.  <\/p><h6> <\/h6>\t\t\t\t\t\t\t\t<\/div>\n\t\t\t\t<\/div>\n\t\t<div class=\"elementor-element elementor-element-a99157c e-con-full e-flex e-con e-child\" data-id=\"a99157c\" data-element_type=\"container\" data-e-type=\"container\" data-settings=\"{&quot;background_background&quot;:&quot;classic&quot;}\">\n\t\t\t\t<div class=\"elementor-element elementor-element-05276e8 at-image-animation at-animation-image-none elementor-widget elementor-widget-image\" data-id=\"05276e8\" data-element_type=\"widget\" data-e-type=\"widget\" data-settings=\"{&quot;ekit_we_effect_on&quot;:&quot;none&quot;}\" data-widget_type=\"image.default\">\n\t\t\t\t<div class=\"elementor-widget-container\">\n\t\t\t\t\t\t\t\t\t\t\t\t\t\t\t<img fetchpriority=\"high\" decoding=\"async\" width=\"300\" height=\"200\" src=\"https:\/\/www.guncelozturk.com\/wp-content\/uploads\/2025\/05\/protezileyuzprofili-300x200-1.webp\" class=\"attachment-large size-large wp-image-22628\" alt=\"\" title=\"\">\t\t\t\t\t\t\t\t\t\t\t\t\t\t\t<\/div>\n\t\t\t\t<\/div>\n\t\t\t\t<\/div>\n\t\t\t\t<\/div>\n\t\t\t\t<\/div>\n\t\t<div class=\"elementor-element elementor-element-ea36163 e-con-full bg-section v2 e-flex e-con e-child\" data-id=\"ea36163\" data-element_type=\"container\" data-e-type=\"container\" data-settings=\"{&quot;background_background&quot;:&quot;classic&quot;}\">\n\t\t<div class=\"elementor-element elementor-element-cd27448 e-con-full e-flex e-con e-child\" data-id=\"cd27448\" data-element_type=\"container\" data-e-type=\"container\">\n\t\t\t\t<div class=\"elementor-element elementor-element-1b0b9c7 at-heading-animation at-animation-heading-style-3 elementor-widget elementor-widget-heading\" data-id=\"1b0b9c7\" data-element_type=\"widget\" data-e-type=\"widget\" data-settings=\"{&quot;ekit_we_effect_on&quot;:&quot;none&quot;}\" data-widget_type=\"heading.default\">\n\t\t\t\t<div class=\"elementor-widget-container\">\n\t\t\t\t\t<h6 class=\"elementor-heading-title elementor-size-default\">\u00bfEn qu\u00e9 problemas est\u00e9ticos se utilizan las pr\u00f3tesis faciales?\n<\/h6>\t\t\t\t<\/div>\n\t\t\t\t<\/div>\n\t\t\t\t<div class=\"elementor-element elementor-element-3cdd8dd elementor-invisible elementor-widget elementor-widget-text-editor\" data-id=\"3cdd8dd\" data-element_type=\"widget\" data-e-type=\"widget\" data-settings=\"{&quot;_animation&quot;:&quot;fadeInUp&quot;,&quot;ekit_we_effect_on&quot;:&quot;none&quot;}\" data-widget_type=\"text-editor.default\">\n\t\t\t\t<div class=\"elementor-widget-container\">\n\t\t\t\t\t\t\t\t\t<p>La estructura \u00f3sea del rostro desempe\u00f1a un papel tan importante en la belleza facial como el aspecto de la piel. Al resaltar los p\u00f3mulos y el hueso maxilar, se puede lograr un aspecto m\u00e1s est\u00e9tico del rostro. En el perfil, la protuberancia del ment\u00f3n y la estructura angulosa del maxilar en los hombres aportan un aspecto atractivo y bello, siempre y cuando est\u00e9n en armon\u00eda con la forma general del rostro.  <\/p>\t\t\t\t\t\t\t\t<\/div>\n\t\t\t\t<\/div>\n\t\t\t\t<\/div>\n\t\t\t\t<\/div>\n\t\t<div class=\"elementor-element elementor-element-5c7fb55 e-con-full bg-section v2 e-flex e-con e-child\" data-id=\"5c7fb55\" data-element_type=\"container\" data-e-type=\"container\" data-settings=\"{&quot;background_background&quot;:&quot;classic&quot;}\">\n\t\t<div class=\"elementor-element elementor-element-0619301 e-con-full e-flex e-con e-child\" data-id=\"0619301\" data-element_type=\"container\" data-e-type=\"container\">\n\t\t\t\t<div class=\"elementor-element elementor-element-a1de9ff at-heading-animation at-animation-heading-style-3 elementor-widget elementor-widget-heading\" data-id=\"a1de9ff\" data-element_type=\"widget\" data-e-type=\"widget\" data-settings=\"{&quot;ekit_we_effect_on&quot;:&quot;none&quot;}\" data-widget_type=\"heading.default\">\n\t\t\t\t<div class=\"elementor-widget-container\">\n\t\t\t\t\t<h6 class=\"elementor-heading-title elementor-size-default\">\u00bfC\u00f3mo se realiza la aplicaci\u00f3n de una pr\u00f3tesis facial?\n<\/h6>\t\t\t\t<\/div>\n\t\t\t\t<\/div>\n\t\t\t\t<div class=\"elementor-element elementor-element-45908dc elementor-invisible elementor-widget elementor-widget-text-editor\" data-id=\"45908dc\" data-element_type=\"widget\" data-e-type=\"widget\" data-settings=\"{&quot;_animation&quot;:&quot;fadeInUp&quot;,&quot;ekit_we_effect_on&quot;:&quot;none&quot;}\" data-widget_type=\"text-editor.default\">\n\t\t\t\t<div class=\"elementor-widget-container\">\n\t\t\t\t\t\t\t\t\t<p>La colocaci\u00f3n quir\u00fargica de las pr\u00f3tesis faciales var\u00eda seg\u00fan la zona. Se pueden colocar a trav\u00e9s de peque\u00f1as incisiones en el interior de la boca o debajo de la mand\u00edbula. Las pr\u00f3tesis de silicona se colocan directamente, pero las pr\u00f3tesis de polietileno suelen fijarse al hueso con tornillos. La operaci\u00f3n puede realizarse con anestesia local o general, dependiendo de la magnitud de la intervenci\u00f3n, la elecci\u00f3n del paciente y del cirujano. De este modo, el paciente no siente nada durante la operaci\u00f3n. La intervenci\u00f3n dura aproximadamente una hora.     <\/p>\t\t\t\t\t\t\t\t<\/div>\n\t\t\t\t<\/div>\n\t\t\t\t<\/div>\n\t\t\t\t<\/div>\n\t\t<div class=\"elementor-element elementor-element-fbf5803 e-con-full bg-section v2 e-flex e-con e-child\" data-id=\"fbf5803\" data-element_type=\"container\" data-e-type=\"container\" data-settings=\"{&quot;background_background&quot;:&quot;classic&quot;}\">\n\t\t<div class=\"elementor-element elementor-element-218de01 e-con-full e-flex e-con e-child\" data-id=\"218de01\" data-element_type=\"container\" data-e-type=\"container\">\n\t\t\t\t<div class=\"elementor-element elementor-element-8828d4a at-heading-animation at-animation-heading-style-3 elementor-widget elementor-widget-heading\" data-id=\"8828d4a\" data-element_type=\"widget\" data-e-type=\"widget\" data-settings=\"{&quot;ekit_we_effect_on&quot;:&quot;none&quot;}\" data-widget_type=\"heading.default\">\n\t\t\t\t<div class=\"elementor-widget-container\">\n\t\t\t\t\t<h6 class=\"elementor-heading-title elementor-size-default\">\u00bfC\u00f3mo prepararse para una operaci\u00f3n de pr\u00f3tesis facial?\n<\/h6>\t\t\t\t<\/div>\n\t\t\t\t<\/div>\n\t\t\t\t<div class=\"elementor-element elementor-element-a13b001 elementor-invisible elementor-widget elementor-widget-text-editor\" data-id=\"a13b001\" data-element_type=\"widget\" data-e-type=\"widget\" data-settings=\"{&quot;_animation&quot;:&quot;fadeInUp&quot;,&quot;ekit_we_effect_on&quot;:&quot;none&quot;}\" data-widget_type=\"text-editor.default\">\n\t\t\t\t<div class=\"elementor-widget-container\">\n\t\t\t\t\t\t\t\t\t<p><a href=\"http:\/\/guncelozturk.prdioweb.com\/es\/lifting-facial\/\" target=\"_blank\" rel=\"noopener\">Se recomienda dejar <\/a>de fumar tres semanas antes de someterse a una operaci\u00f3n de est\u00e9tica facial. No se deben tomar medicamentos anticoagulantes durante la \u00faltima semana. El d\u00eda de la operaci\u00f3n, no se debe comer ni beber nada despu\u00e9s de las 12 de la noche. Si toma alg\u00fan medicamento de forma habitual, debe comunic\u00e1rselo al m\u00e9dico. Adem\u00e1s, si padece alguna otra enfermedad, como diabetes, debe informar al m\u00e9dico.    <\/p>\t\t\t\t\t\t\t\t<\/div>\n\t\t\t\t<\/div>\n\t\t\t\t<\/div>\n\t\t\t\t<\/div>\n\t\t<div class=\"elementor-element elementor-element-4180f37 e-con-full bg-section v2 e-flex e-con e-child\" data-id=\"4180f37\" data-element_type=\"container\" data-e-type=\"container\" data-settings=\"{&quot;background_background&quot;:&quot;classic&quot;}\">\n\t\t<div class=\"elementor-element elementor-element-a1df82b e-con-full e-flex e-con e-child\" data-id=\"a1df82b\" data-element_type=\"container\" data-e-type=\"container\">\n\t\t\t\t<div class=\"elementor-element elementor-element-64e90f0 at-heading-animation at-animation-heading-style-3 elementor-widget elementor-widget-heading\" data-id=\"64e90f0\" data-element_type=\"widget\" data-e-type=\"widget\" data-settings=\"{&quot;ekit_we_effect_on&quot;:&quot;none&quot;}\" data-widget_type=\"heading.default\">\n\t\t\t\t<div class=\"elementor-widget-container\">\n\t\t\t\t\t<h6 class=\"elementor-heading-title elementor-size-default\">\u00bfQu\u00e9 se debe tener en cuenta despu\u00e9s de la aplicaci\u00f3n de una pr\u00f3tesis facial?\n<\/h6>\t\t\t\t<\/div>\n\t\t\t\t<\/div>\n\t\t\t\t<div class=\"elementor-element elementor-element-6884755 elementor-invisible elementor-widget elementor-widget-text-editor\" data-id=\"6884755\" data-element_type=\"widget\" data-e-type=\"widget\" data-settings=\"{&quot;_animation&quot;:&quot;fadeInUp&quot;,&quot;ekit_we_effect_on&quot;:&quot;none&quot;}\" data-widget_type=\"text-editor.default\">\n\t\t\t\t<div class=\"elementor-widget-container\">\n\t\t\t\t\t\t\t\t\t<section class=\"l-section height_auto\"><div class=\"l-section-h i-cf\"><p>Despu\u00e9s de la operaci\u00f3n, puede aparecer una ligera inflamaci\u00f3n en la zona donde se ha colocado la pr\u00f3tesis. Al d\u00eda siguiente, es posible que se sienta un ligero dolor. Este dolor se puede aliviar con analg\u00e9sicos suaves. El paciente puede retomar su vida cotidiana tras unos d\u00edas de descanso. Para que la pr\u00f3tesis adquiera su forma definitiva, puede ser necesario un proceso de recuperaci\u00f3n de una o dos semanas.    <\/p><\/div><\/section><section class=\"l-section height_auto for_comments\"><div class=\"l-section-h i-cf\"><div id=\"comments\" class=\"comments-area\"><div id=\"wpd-post-rating\" class=\"wpd-not-rated\"><div class=\"wpd-rating-wrap\"> <\/div><\/div><\/div><\/div><\/section>\t\t\t\t\t\t\t\t<\/div>\n\t\t\t\t<\/div>\n\t\t\t\t<\/div>\n\t\t\t\t<\/div>\n\t\t\t\t\t<\/div>\n\t\t\t\t<\/div>\n\t\t\t\t<\/div>\n\t\t","protected":false},"excerpt":{"rendered":"<p>La facilidad con la que se pueden tomar fotos con los tel\u00e9fonos [&hellip;]<\/p>\n","protected":false},"author":1,"featured_media":27920,"comment_status":"open","ping_status":"closed","sticky":false,"template":"","format":"standard","meta":{"footnotes":""},"categories":[80,84],"tags":[],"class_list":["post-22626","post","type-post","status-publish","format-standard","has-post-thumbnail","hentry","category-articulos","category-estetica-facial"],"_links":{"self":[{"href":"https:\/\/www.guncelozturk.com\/es\/wp-json\/wp\/v2\/posts\/22626","targetHints":{"allow":["GET"]}}],"collection":[{"href":"https:\/\/www.guncelozturk.com\/es\/wp-json\/wp\/v2\/posts"}],"about":[{"href":"https:\/\/www.guncelozturk.com\/es\/wp-json\/wp\/v2\/types\/post"}],"author":[{"embeddable":true,"href":"https:\/\/www.guncelozturk.com\/es\/wp-json\/wp\/v2\/users\/1"}],"replies":[{"embeddable":true,"href":"https:\/\/www.guncelozturk.com\/es\/wp-json\/wp\/v2\/comments?post=22626"}],"version-history":[{"count":2,"href":"https:\/\/www.guncelozturk.com\/es\/wp-json\/wp\/v2\/posts\/22626\/revisions"}],"predecessor-version":[{"id":27999,"href":"https:\/\/www.guncelozturk.com\/es\/wp-json\/wp\/v2\/posts\/22626\/revisions\/27999"}],"wp:featuredmedia":[{"embeddable":true,"href":"https:\/\/www.guncelozturk.com\/es\/wp-json\/wp\/v2\/media\/27920"}],"wp:attachment":[{"href":"https:\/\/www.guncelozturk.com\/es\/wp-json\/wp\/v2\/media?parent=22626"}],"wp:term":[{"taxonomy":"category","embeddable":true,"href":"https:\/\/www.guncelozturk.com\/es\/wp-json\/wp\/v2\/categories?post=22626"},{"taxonomy":"post_tag","embeddable":true,"href":"https:\/\/www.guncelozturk.com\/es\/wp-json\/wp\/v2\/tags?post=22626"}],"curies":[{"name":"wp","href":"https:\/\/api.w.org\/{rel}","templated":true}]}}