{"id":22746,"date":"2025-05-04T19:34:30","date_gmt":"2025-05-04T19:34:30","guid":{"rendered":"http:\/\/guncelozturk.prdioweb.com\/sin-categoria\/relleno-facial-dermico-de-acido-polilactico\/"},"modified":"2025-09-17T13:39:57","modified_gmt":"2025-09-17T13:39:57","slug":"relleno-facial-dermico-de-acido-polilactico","status":"publish","type":"post","link":"https:\/\/www.guncelozturk.com\/es\/relleno-facial-dermico-de-acido-polilactico\/","title":{"rendered":"Relleno facial d\u00e9rmico de \u00e1cido polil\u00e1ctico"},"content":{"rendered":"\t\t<div data-elementor-type=\"wp-post\" data-elementor-id=\"22746\" class=\"elementor elementor-22746 elementor-15382\" data-elementor-post-type=\"post\">\n\t\t\t\t<div class=\"elementor-element elementor-element-62269e9 e-flex e-con-boxed e-con e-parent\" data-id=\"62269e9\" data-element_type=\"container\" data-e-type=\"container\">\n\t\t\t\t\t<div class=\"e-con-inner\">\n\t\t<div class=\"elementor-element elementor-element-e60f737 e-con-full bg-section v2 e-flex e-con e-child\" data-id=\"e60f737\" data-element_type=\"container\" data-e-type=\"container\" data-settings=\"{&quot;background_background&quot;:&quot;classic&quot;}\">\n\t\t<div class=\"elementor-element elementor-element-08296e3 e-con-full e-flex e-con e-child\" data-id=\"08296e3\" data-element_type=\"container\" data-e-type=\"container\">\n\t\t\t\t<div class=\"elementor-element elementor-element-2795599 elementor-invisible elementor-widget elementor-widget-text-editor\" data-id=\"2795599\" data-element_type=\"widget\" data-e-type=\"widget\" data-settings=\"{&quot;_animation&quot;:&quot;fadeInUp&quot;,&quot;ekit_we_effect_on&quot;:&quot;none&quot;}\" data-widget_type=\"text-editor.default\">\n\t\t\t\t<div class=\"elementor-widget-container\">\n\t\t\t\t\t\t\t\t\t<p>Los tipos de rellenos d\u00e9rmicos faciales de \u00e1cido polil\u00e1ctico utilizados en el tratamiento de las arrugas faciales son uno de los temas que m\u00e1s inter\u00e9s despiertan. El \u00e1cido polil\u00e1ctico, conocido como New-fill, utiliza microesferas fabricadas con pol\u00edmeros sint\u00e9ticos como material de relleno d\u00e9rmico. El relleno d\u00e9rmico facial de \u00e1cido polil\u00e1ctico funciona de forma ligeramente diferente a otros tipos de rellenos d\u00e9rmicos: las microesferas implantadas irritan la piel y aumentan la actividad fibrobl\u00e1stica (c\u00e9lulas responsables de la s\u00edntesis de col\u00e1geno), lo que da como resultado un aumento del grosor de la piel y de la cantidad de col\u00e1geno en ella. En otras palabras, hace que la piel aumente por s\u00ed misma su nivel de col\u00e1geno. El relleno d\u00e9rmico facial de \u00e1cido polil\u00e1ctico no act\u00faa por s\u00ed solo, sino que desempe\u00f1a m\u00e1s bien una funci\u00f3n estimulante.    <\/p>\t\t\t\t\t\t\t\t<\/div>\n\t\t\t\t<\/div>\n\t\t\t\t<\/div>\n\t\t\t\t<\/div>\n\t\t<div class=\"elementor-element elementor-element-9305bf6 e-con-full bg-section v2 e-flex e-con e-child\" data-id=\"9305bf6\" data-element_type=\"container\" data-e-type=\"container\" data-settings=\"{&quot;background_background&quot;:&quot;classic&quot;}\">\n\t\t<div class=\"elementor-element elementor-element-da222db e-con-full e-flex e-con e-child\" data-id=\"da222db\" data-element_type=\"container\" data-e-type=\"container\">\n\t\t\t\t<div class=\"elementor-element elementor-element-a5d77a7 at-heading-animation at-animation-heading-style-3 elementor-widget elementor-widget-heading\" data-id=\"a5d77a7\" data-element_type=\"widget\" data-e-type=\"widget\" data-settings=\"{&quot;ekit_we_effect_on&quot;:&quot;none&quot;}\" data-widget_type=\"heading.default\">\n\t\t\t\t<div class=\"elementor-widget-container\">\n\t\t\t\t\t<h2 class=\"elementor-heading-title elementor-size-default\">Relleno facial d\u00e9rmico de \u00e1cido polil\u00e1ctico \n<\/h2>\t\t\t\t<\/div>\n\t\t\t\t<\/div>\n\t\t<div class=\"elementor-element elementor-element-a99157c e-con-full e-flex e-con e-child\" data-id=\"a99157c\" data-element_type=\"container\" data-e-type=\"container\" data-settings=\"{&quot;background_background&quot;:&quot;classic&quot;}\">\n\t\t\t\t<div class=\"elementor-element elementor-element-05276e8 at-image-animation at-animation-image-none elementor-widget elementor-widget-image\" data-id=\"05276e8\" data-element_type=\"widget\" data-e-type=\"widget\" data-settings=\"{&quot;ekit_we_effect_on&quot;:&quot;none&quot;}\" data-widget_type=\"image.default\">\n\t\t\t\t<div class=\"elementor-widget-container\">\n\t\t\t\t\t\t\t\t\t\t\t\t\t\t\t<img fetchpriority=\"high\" decoding=\"async\" width=\"500\" height=\"334\" src=\"https:\/\/www.guncelozturk.com\/wp-content\/uploads\/2025\/05\/poli-l-laktik-asit-dermal-yuz-dolgusu-1.webp\" class=\"attachment-large size-large wp-image-22748\" alt=\"\" srcset=\"https:\/\/www.guncelozturk.com\/wp-content\/uploads\/2025\/05\/poli-l-laktik-asit-dermal-yuz-dolgusu-1.webp 500w, https:\/\/www.guncelozturk.com\/wp-content\/uploads\/2025\/05\/poli-l-laktik-asit-dermal-yuz-dolgusu-1-300x200.webp 300w\" sizes=\"(max-width: 500px) 100vw, 500px\" title=\"\">\t\t\t\t\t\t\t\t\t\t\t\t\t\t\t<\/div>\n\t\t\t\t<\/div>\n\t\t\t\t<div class=\"elementor-element elementor-element-62ce2ca elementor-invisible elementor-widget elementor-widget-text-editor\" data-id=\"62ce2ca\" data-element_type=\"widget\" data-e-type=\"widget\" data-settings=\"{&quot;_animation&quot;:&quot;fadeInUp&quot;,&quot;ekit_we_effect_on&quot;:&quot;none&quot;}\" data-widget_type=\"text-editor.default\">\n\t\t\t\t<div class=\"elementor-widget-container\">\n\t\t\t\t\t\t\t\t\t<p>Su mayor ventaja es que su efecto se mantiene durante mucho tiempo. Un solo tratamiento puede tener un efecto que dura hasta dos a\u00f1os. Es una opci\u00f3n muy atractiva para las personas que no tienen tiempo para someterse a tratamientos continuos.  <\/p><p><br>El pol\u00edmero presente en el relleno d\u00e9rmico facial de \u00e1cido polil\u00e1ctico ha demostrado su seguridad, ya que se utiliza en medicina desde hace a\u00f1os. Adem\u00e1s, al ser sint\u00e9tico, el riesgo de que su piel tenga una reacci\u00f3n adversa es bajo y no es necesario realizar una prueba de alergia antes del tratamiento. Sin embargo, algunas personas pueden ser al\u00e9rgicas a la lidoca\u00edna utilizada en la soluci\u00f3n de relleno. Si sabe que tiene este tipo de alergia, debe comunic\u00e1rselo a su m\u00e9dico.   <\/p><p>El relleno estimula la producci\u00f3n de col\u00e1geno de la piel, por lo que puede considerarse un producto que realmente revierte el envejecimiento. Sin embargo, al igual que con todos los rellenos, los resultados no son permanentes. Aunque sea tarde, las microesferas se rompen y son absorbidas por el cuerpo.  <\/p>\t\t\t\t\t\t\t\t<\/div>\n\t\t\t\t<\/div>\n\t\t\t\t<\/div>\n\t\t\t\t<\/div>\n\t\t\t\t<\/div>\n\t\t<div class=\"elementor-element elementor-element-ea36163 e-con-full bg-section v2 e-flex e-con e-child\" data-id=\"ea36163\" data-element_type=\"container\" data-e-type=\"container\" data-settings=\"{&quot;background_background&quot;:&quot;classic&quot;}\">\n\t\t<div class=\"elementor-element elementor-element-cd27448 e-con-full e-flex e-con e-child\" data-id=\"cd27448\" data-element_type=\"container\" data-e-type=\"container\">\n\t\t\t\t<div class=\"elementor-element elementor-element-1b0b9c7 at-heading-animation at-animation-heading-style-3 elementor-widget elementor-widget-heading\" data-id=\"1b0b9c7\" data-element_type=\"widget\" data-e-type=\"widget\" data-settings=\"{&quot;ekit_we_effect_on&quot;:&quot;none&quot;}\" data-widget_type=\"heading.default\">\n\t\t\t\t<div class=\"elementor-widget-container\">\n\t\t\t\t\t<h2 class=\"elementor-heading-title elementor-size-default\">\u00bfC\u00f3mo es el cuidado de la piel despu\u00e9s del tratamiento?\n<\/h2>\t\t\t\t<\/div>\n\t\t\t\t<\/div>\n\t\t\t\t<div class=\"elementor-element elementor-element-3cdd8dd elementor-invisible elementor-widget elementor-widget-text-editor\" data-id=\"3cdd8dd\" data-element_type=\"widget\" data-e-type=\"widget\" data-settings=\"{&quot;_animation&quot;:&quot;fadeInUp&quot;,&quot;ekit_we_effect_on&quot;:&quot;none&quot;}\" data-widget_type=\"text-editor.default\">\n\t\t\t\t<div class=\"elementor-widget-container\">\n\t\t\t\t\t\t\t\t\t<p>Inmediatamente despu\u00e9s del tratamiento, es posible que su rostro se enrojezca, se ponga morado o se hinche. Estos efectos suelen desaparecer por completo en el plazo de una semana. En aproximadamente el 10 % de los pacientes pueden aparecer efectos secundarios que se manifiestan como hinchaz\u00f3n debajo de la piel y que pueden tardar entre 1 y 2 meses en desaparecer. Sin embargo, por lo general, estos efectos secundarios desaparecen en el plazo de una semana.   <\/p><p>Despu\u00e9s del tratamiento con relleno d\u00e9rmico facial de \u00e1cido polil\u00e1ctico, lo m\u00e1s importante es que se masajee el rostro de forma regular, tal y como se le ha indicado. Esto es necesario para distribuir la inyecci\u00f3n de forma uniforme y equilibrada por todo el rostro. Si no se hace, pueden aparecer peque\u00f1as inflamaciones en algunas zonas de la piel.   <\/p><p>Aunque su rostro comience a mejorar despu\u00e9s de una semana, el resultado completo del relleno facial d\u00e9rmico con \u00e1cido polil\u00e1ctico solo se podr\u00e1 apreciar entre dos y tres meses despu\u00e9s del tratamiento.<\/p>\t\t\t\t\t\t\t\t<\/div>\n\t\t\t\t<\/div>\n\t\t<div class=\"elementor-element elementor-element-1b5c72c e-con-full e-flex e-con e-child\" data-id=\"1b5c72c\" data-element_type=\"container\" data-e-type=\"container\" data-settings=\"{&quot;background_background&quot;:&quot;classic&quot;}\">\n\t\t\t\t<div class=\"elementor-element elementor-element-1b4d93a at-image-animation at-animation-image-none elementor-widget elementor-widget-image\" data-id=\"1b4d93a\" data-element_type=\"widget\" data-e-type=\"widget\" data-settings=\"{&quot;ekit_we_effect_on&quot;:&quot;none&quot;}\" data-widget_type=\"image.default\">\n\t\t\t\t<div class=\"elementor-widget-container\">\n\t\t\t\t\t\t\t\t\t\t\t\t\t\t\t<img decoding=\"async\" width=\"492\" height=\"500\" src=\"https:\/\/www.guncelozturk.com\/wp-content\/uploads\/2025\/05\/poli-l-laktik-asit-dermal-yuz-dolgusu-2.webp\" class=\"attachment-large size-large wp-image-22749\" alt=\"\" srcset=\"https:\/\/www.guncelozturk.com\/wp-content\/uploads\/2025\/05\/poli-l-laktik-asit-dermal-yuz-dolgusu-2.webp 492w, https:\/\/www.guncelozturk.com\/wp-content\/uploads\/2025\/05\/poli-l-laktik-asit-dermal-yuz-dolgusu-2-295x300.webp 295w\" sizes=\"(max-width: 492px) 100vw, 492px\" title=\"\">\t\t\t\t\t\t\t\t\t\t\t\t\t\t\t<\/div>\n\t\t\t\t<\/div>\n\t\t\t\t<\/div>\n\t\t\t\t<\/div>\n\t\t\t\t<\/div>\n\t\t\t\t\t<\/div>\n\t\t\t\t<\/div>\n\t\t\t\t<\/div>\n\t\t","protected":false},"excerpt":{"rendered":"<p>Los tipos de rellenos d\u00e9rmicos faciales de \u00e1cido polil\u00e1ctico utilizados en el [&hellip;]<\/p>\n","protected":false},"author":1,"featured_media":27306,"comment_status":"open","ping_status":"closed","sticky":false,"template":"","format":"standard","meta":{"footnotes":""},"categories":[80,84,79],"tags":[],"class_list":["post-22746","post","type-post","status-publish","format-standard","has-post-thumbnail","hentry","category-articulos","category-estetica-facial","category-procedimientos-sin-cirugia"],"_links":{"self":[{"href":"https:\/\/www.guncelozturk.com\/es\/wp-json\/wp\/v2\/posts\/22746","targetHints":{"allow":["GET"]}}],"collection":[{"href":"https:\/\/www.guncelozturk.com\/es\/wp-json\/wp\/v2\/posts"}],"about":[{"href":"https:\/\/www.guncelozturk.com\/es\/wp-json\/wp\/v2\/types\/post"}],"author":[{"embeddable":true,"href":"https:\/\/www.guncelozturk.com\/es\/wp-json\/wp\/v2\/users\/1"}],"replies":[{"embeddable":true,"href":"https:\/\/www.guncelozturk.com\/es\/wp-json\/wp\/v2\/comments?post=22746"}],"version-history":[{"count":1,"href":"https:\/\/www.guncelozturk.com\/es\/wp-json\/wp\/v2\/posts\/22746\/revisions"}],"predecessor-version":[{"id":22751,"href":"https:\/\/www.guncelozturk.com\/es\/wp-json\/wp\/v2\/posts\/22746\/revisions\/22751"}],"wp:featuredmedia":[{"embeddable":true,"href":"https:\/\/www.guncelozturk.com\/es\/wp-json\/wp\/v2\/media\/27306"}],"wp:attachment":[{"href":"https:\/\/www.guncelozturk.com\/es\/wp-json\/wp\/v2\/media?parent=22746"}],"wp:term":[{"taxonomy":"category","embeddable":true,"href":"https:\/\/www.guncelozturk.com\/es\/wp-json\/wp\/v2\/categories?post=22746"},{"taxonomy":"post_tag","embeddable":true,"href":"https:\/\/www.guncelozturk.com\/es\/wp-json\/wp\/v2\/tags?post=22746"}],"curies":[{"name":"wp","href":"https:\/\/api.w.org\/{rel}","templated":true}]}}