{"id":22216,"date":"2025-05-21T14:52:52","date_gmt":"2025-05-21T14:52:52","guid":{"rendered":"http:\/\/guncelozturk.prdioweb.com\/non-categorise\/lasymetrie-mammaire-peut-elle-etre-corrigee\/"},"modified":"2025-09-16T08:59:27","modified_gmt":"2025-09-16T08:59:27","slug":"lasymetrie-mammaire-peut-elle-etre-corrigee","status":"publish","type":"post","link":"https:\/\/www.guncelozturk.com\/fr\/lasymetrie-mammaire-peut-elle-etre-corrigee\/","title":{"rendered":"L&rsquo;asym\u00e9trie mammaire peut-elle \u00eatre corrig\u00e9e ?"},"content":{"rendered":"\t\t<div data-elementor-type=\"wp-post\" data-elementor-id=\"22216\" class=\"elementor elementor-22216 elementor-14427\" data-elementor-post-type=\"post\">\n\t\t\t\t<div class=\"elementor-element elementor-element-62269e9 e-flex e-con-boxed e-con e-parent\" data-id=\"62269e9\" data-element_type=\"container\" data-e-type=\"container\">\n\t\t\t\t\t<div class=\"e-con-inner\">\n\t\t<div class=\"elementor-element elementor-element-e60f737 e-con-full bg-section v2 e-flex e-con e-child\" data-id=\"e60f737\" data-element_type=\"container\" data-e-type=\"container\" data-settings=\"{&quot;background_background&quot;:&quot;classic&quot;}\">\n\t\t<div class=\"elementor-element elementor-element-08296e3 e-con-full e-flex e-con e-child\" data-id=\"08296e3\" data-element_type=\"container\" data-e-type=\"container\">\n\t\t\t\t<div class=\"elementor-element elementor-element-2795599 elementor-invisible elementor-widget elementor-widget-text-editor\" data-id=\"2795599\" data-element_type=\"widget\" data-e-type=\"widget\" data-settings=\"{&quot;_animation&quot;:&quot;fadeInUp&quot;,&quot;ekit_we_effect_on&quot;:&quot;none&quot;}\" data-widget_type=\"text-editor.default\">\n\t\t\t\t<div class=\"elementor-widget-container\">\n\t\t\t\t\t\t\t\t\t<p class=\"\" data-start=\"312\" data-end=\"835\">Une l\u00e9g\u00e8re asym\u00e9trie mammaire est tr\u00e8s courante chez les femmes \u2014 en fait, presque toutes les femmes pr\u00e9sentent une diff\u00e9rence imperceptible entre leurs seins. Cependant, lorsque la diff\u00e9rence de forme, de taille ou de position du mamelon devient \u00e9vidente, cela peut causer une g\u00eane tant physique qu&rsquo;\u00e9motionnelle. Cett<a href=\"http:\/\/guncelozturk.prdioweb.com\/fr\/asymetrie-mammaire\/\" target=\"_blank\" rel=\"noopener\">e <strong data-start=\"607\" data-end=\"626\">situation<\/strong>, a<\/a>ppel\u00e9e asym\u00e9trie mammaire, peut \u00eatre due \u00e0 des facteurs g\u00e9n\u00e9tiques, \u00e0 la grossesse, \u00e0 l&rsquo;allaitement, aux variations de poids, au vieillissement, aux d\u00e9s\u00e9quilibres hormonaux, \u00e0 la croissance mammaire chez les hommes (gyn\u00e9comastie) ou \u00e0 la m\u00e9nopause. Peut-on y rem\u00e9dier ?  <\/p>\t\t\t\t\t\t\t\t<\/div>\n\t\t\t\t<\/div>\n\t\t<div class=\"elementor-element elementor-element-a99157c e-con-full e-flex e-con e-child\" data-id=\"a99157c\" data-element_type=\"container\" data-e-type=\"container\" data-settings=\"{&quot;background_background&quot;:&quot;classic&quot;}\">\n\t\t\t\t<div class=\"elementor-element elementor-element-05276e8 at-image-animation at-animation-image-none elementor-widget elementor-widget-image\" data-id=\"05276e8\" data-element_type=\"widget\" data-e-type=\"widget\" data-settings=\"{&quot;ekit_we_effect_on&quot;:&quot;none&quot;}\" data-widget_type=\"image.default\">\n\t\t\t\t<div class=\"elementor-widget-container\">\n\t\t\t\t\t\t\t\t\t\t\t\t\t\t\t<img fetchpriority=\"high\" decoding=\"async\" width=\"500\" height=\"350\" src=\"https:\/\/www.guncelozturk.com\/wp-content\/uploads\/2025\/05\/Breast-Asymmetry-treatment-in-hyderabad.webp\" class=\"attachment-large size-large wp-image-22217\" alt=\"\" srcset=\"https:\/\/www.guncelozturk.com\/wp-content\/uploads\/2025\/05\/Breast-Asymmetry-treatment-in-hyderabad.webp 500w, https:\/\/www.guncelozturk.com\/wp-content\/uploads\/2025\/05\/Breast-Asymmetry-treatment-in-hyderabad-300x210.webp 300w\" sizes=\"(max-width: 500px) 100vw, 500px\" title=\"\">\t\t\t\t\t\t\t\t\t\t\t\t\t\t\t<\/div>\n\t\t\t\t<\/div>\n\t\t\t\t<\/div>\n\t\t\t\t<\/div>\n\t\t\t\t<\/div>\n\t\t<div class=\"elementor-element elementor-element-9305bf6 e-con-full bg-section v2 e-flex e-con e-child\" data-id=\"9305bf6\" data-element_type=\"container\" data-e-type=\"container\" data-settings=\"{&quot;background_background&quot;:&quot;classic&quot;}\">\n\t\t<div class=\"elementor-element elementor-element-da222db e-con-full e-flex e-con e-child\" data-id=\"da222db\" data-element_type=\"container\" data-e-type=\"container\">\n\t\t\t\t<div class=\"elementor-element elementor-element-2c66c78 at-heading-animation at-animation-heading-style-3 elementor-widget elementor-widget-heading\" data-id=\"2c66c78\" data-element_type=\"widget\" data-e-type=\"widget\" data-settings=\"{&quot;ekit_we_effect_on&quot;:&quot;none&quot;}\" data-widget_type=\"heading.default\">\n\t\t\t\t<div class=\"elementor-widget-container\">\n\t\t\t\t\t<h3 class=\"elementor-heading-title elementor-size-default\">Situations allant au-del\u00e0 du probl\u00e8me esth\u00e9tique\n<\/h3>\t\t\t\t<\/div>\n\t\t\t\t<\/div>\n\t\t\t\t<div class=\"elementor-element elementor-element-ea145f4 elementor-invisible elementor-widget elementor-widget-text-editor\" data-id=\"ea145f4\" data-element_type=\"widget\" data-e-type=\"widget\" data-settings=\"{&quot;_animation&quot;:&quot;fadeInUp&quot;,&quot;ekit_we_effect_on&quot;:&quot;none&quot;}\" data-widget_type=\"text-editor.default\">\n\t\t\t\t<div class=\"elementor-widget-container\">\n\t\t\t\t\t\t\t\t\t<p class=\"\" data-start=\"881\" data-end=\"1274\">Une asym\u00e9trie mammaire prononc\u00e9e peut affecter la confiance en soi, le choix des v\u00eatements et la qualit\u00e9 de vie en g\u00e9n\u00e9ral. Une asym\u00e9trie particuli\u00e8rement visible chez les jeunes femmes peut entra\u00eener des probl\u00e8mes d&rsquo;image corporelle et des troubles \u00e9motionnels. Le choix des sous-v\u00eatements, des maillots de bain ou des v\u00eatements moulants devient alors un probl\u00e8me quotidien, ce qui peut parfois avoir un impact n\u00e9gatif sur les relations sociales et la vie priv\u00e9e.  <\/p>\t\t\t\t\t\t\t\t<\/div>\n\t\t\t\t<\/div>\n\t\t\t\t<\/div>\n\t\t\t\t<\/div>\n\t\t<div class=\"elementor-element elementor-element-ea36163 e-con-full bg-section v2 e-flex e-con e-child\" data-id=\"ea36163\" data-element_type=\"container\" data-e-type=\"container\" data-settings=\"{&quot;background_background&quot;:&quot;classic&quot;}\">\n\t\t<div class=\"elementor-element elementor-element-cd27448 e-con-full e-flex e-con e-child\" data-id=\"cd27448\" data-element_type=\"container\" data-e-type=\"container\">\n\t\t\t\t<div class=\"elementor-element elementor-element-1b0b9c7 at-heading-animation at-animation-heading-style-3 elementor-widget elementor-widget-heading\" data-id=\"1b0b9c7\" data-element_type=\"widget\" data-e-type=\"widget\" data-settings=\"{&quot;ekit_we_effect_on&quot;:&quot;none&quot;}\" data-widget_type=\"heading.default\">\n\t\t\t\t<div class=\"elementor-widget-container\">\n\t\t\t\t\t<h3 class=\"elementor-heading-title elementor-size-default\">M\u00e9thodes de traitement chirurgicales et non chirurgicales\n<\/h3>\t\t\t\t<\/div>\n\t\t\t\t<\/div>\n\t\t\t\t<div class=\"elementor-element elementor-element-3cdd8dd elementor-invisible elementor-widget elementor-widget-text-editor\" data-id=\"3cdd8dd\" data-element_type=\"widget\" data-e-type=\"widget\" data-settings=\"{&quot;_animation&quot;:&quot;fadeInUp&quot;,&quot;ekit_we_effect_on&quot;:&quot;none&quot;}\" data-widget_type=\"text-editor.default\">\n\t\t\t\t<div class=\"elementor-widget-container\">\n\t\t\t\t\t\t\t\t\t<p class=\"\" data-start=\"1326\" data-end=\"1567\">La bonne nouvelle, c&rsquo;est que l&rsquo;asym\u00e9trie mammaire peut \u00eatre corrig\u00e9e par diff\u00e9rentes m\u00e9thodes. La m\u00e9thode \u00e0 appliquer est d\u00e9termin\u00e9e en fonction de l&rsquo;anatomie et des attentes de la personne, \u00e0 l&rsquo;aide de solutions chirurgicales ou non chirurgicales. L&rsquo;objectif est de r\u00e9tablir l&rsquo;\u00e9quilibre et l&rsquo;harmonie du contour de la poitrine.  <\/p><p class=\"\" data-start=\"1569\" data-end=\"1985\">Si le sein pr\u00e9sente \u00e9galement un <strong data-start=\"1606\" data-end=\"1626\">affaissement, un<\/strong>e plastie mammaire peut \u00eatre r\u00e9alis\u00e9e afin de remodeler le tissu mammaire. Dans les cas o\u00f9 un sein est plus petit que l&rsquo;autre, une <strong data-start=\"1735\" data-end=\"1758\">augmentation <\/strong>mammaire peut \u00eatre pratiqu\u00e9e. Cette intervention peut \u00eatre r\u00e9alis\u00e9e \u00e0 l&rsquo;aide de proth\u00e8ses en silicone, d&rsquo;injections de graisse ou de produits de comblement. \u00c0 l&rsquo;inverse, si un sein est <strong data-start=\"1932\" data-end=\"1959\">nettement <\/strong>plus gros que l&rsquo;autre, une chirurgie de r\u00e9duction mammaire peut \u00eatre pratiqu\u00e9e pour r\u00e9tablir la sym\u00e9trie.   <\/p><p class=\"\" data-start=\"1987\" data-end=\"2247\"><strong data-start=\"2146\" data-end=\"2192\">Si la position du ma<\/strong>melon est diff\u00e9rente, il est possible de le repositionner \u00e0 l&rsquo;aide de petites interventions chirurgicales. Dans les cas de gyn\u00e9comastie chez les hommes, on obtient g\u00e9n\u00e9ralement un aspect sym\u00e9trique en combinant une liposuccion et une r\u00e9duction mammaire. <\/p>\t\t\t\t\t\t\t\t<\/div>\n\t\t\t\t<\/div>\n\t\t\t\t<\/div>\n\t\t\t\t<\/div>\n\t\t<div class=\"elementor-element elementor-element-0bb4da6 e-con-full bg-section v2 e-flex e-con e-child\" data-id=\"0bb4da6\" data-element_type=\"container\" data-e-type=\"container\" data-settings=\"{&quot;background_background&quot;:&quot;classic&quot;}\">\n\t\t<div class=\"elementor-element elementor-element-29c1506 e-con-full e-flex e-con e-child\" data-id=\"29c1506\" data-element_type=\"container\" data-e-type=\"container\">\n\t\t\t\t<div class=\"elementor-element elementor-element-0b9de65 at-heading-animation at-animation-heading-style-3 elementor-widget elementor-widget-heading\" data-id=\"0b9de65\" data-element_type=\"widget\" data-e-type=\"widget\" data-settings=\"{&quot;ekit_we_effect_on&quot;:&quot;none&quot;}\" data-widget_type=\"heading.default\">\n\t\t\t\t<div class=\"elementor-widget-container\">\n\t\t\t\t\t<h3 class=\"elementor-heading-title elementor-size-default\">Planification personnalis\u00e9e\n<\/h3>\t\t\t\t<\/div>\n\t\t\t\t<\/div>\n\t\t\t\t<div class=\"elementor-element elementor-element-9060796 elementor-invisible elementor-widget elementor-widget-text-editor\" data-id=\"9060796\" data-element_type=\"widget\" data-e-type=\"widget\" data-settings=\"{&quot;_animation&quot;:&quot;fadeInUp&quot;,&quot;ekit_we_effect_on&quot;:&quot;none&quot;}\" data-widget_type=\"text-editor.default\">\n\t\t\t\t<div class=\"elementor-widget-container\">\n\t\t\t\t\t\t\t\t\t<p class=\"\" data-start=\"2275\" data-end=\"2715\">La chirurgie corrective de l&rsquo;asym\u00e9trie mammaire est r\u00e9alis\u00e9e sous anesth\u00e9sie locale ou g\u00e9n\u00e9rale, selon l&rsquo;\u00e9tendue de l&rsquo;intervention. L&rsquo;op\u00e9ration dure g\u00e9n\u00e9ralement entre 30 minutes et 2 heures. La plupart des patientes ressentent un inconfort minimal pendant la convalescence. Dans certains cas, une hospitalisation de courte dur\u00e9e peut \u00eatre n\u00e9cessaire, mais la plupart des patientes reprennent leur vie quotidienne apr\u00e8s quelques jours. Il est toutefois recommand\u00e9 d&rsquo;\u00e9viter les activit\u00e9s physiques intenses pendant plusieurs semaines afin de permettre une gu\u00e9rison compl\u00e8te.    <\/p>\t\t\t\t\t\t\t\t<\/div>\n\t\t\t\t<\/div>\n\t\t\t\t<\/div>\n\t\t\t\t<\/div>\n\t\t<div class=\"elementor-element elementor-element-facc9a6 e-con-full bg-section v2 e-flex e-con e-child\" data-id=\"facc9a6\" data-element_type=\"container\" data-e-type=\"container\" data-settings=\"{&quot;background_background&quot;:&quot;classic&quot;}\">\n\t\t<div class=\"elementor-element elementor-element-e2647c8 e-con-full e-flex e-con e-child\" data-id=\"e2647c8\" data-element_type=\"container\" data-e-type=\"container\">\n\t\t\t\t<div class=\"elementor-element elementor-element-c161f7b at-heading-animation at-animation-heading-style-3 elementor-widget elementor-widget-heading\" data-id=\"c161f7b\" data-element_type=\"widget\" data-e-type=\"widget\" data-settings=\"{&quot;ekit_we_effect_on&quot;:&quot;none&quot;}\" data-widget_type=\"heading.default\">\n\t\t\t\t<div class=\"elementor-widget-container\">\n\t\t\t\t\t<h3 class=\"elementor-heading-title elementor-size-default\">L'int\u00e9r\u00eat pour les solutions non chirurgicales augmente\n<\/h3>\t\t\t\t<\/div>\n\t\t\t\t<\/div>\n\t\t\t\t<div class=\"elementor-element elementor-element-92f3ab6 elementor-invisible elementor-widget elementor-widget-text-editor\" data-id=\"92f3ab6\" data-element_type=\"widget\" data-e-type=\"widget\" data-settings=\"{&quot;_animation&quot;:&quot;fadeInUp&quot;,&quot;ekit_we_effect_on&quot;:&quot;none&quot;}\" data-widget_type=\"text-editor.default\">\n\t\t\t\t<div class=\"elementor-widget-container\">\n\t\t\t\t\t\t\t\t\t<p class=\"\" data-start=\"2761\" data-end=\"3136\">Gr\u00e2ce aux progr\u00e8s de la m\u00e9decine esth\u00e9tique, des solutions sans chirurgie sont \u00e9galement pro<strong data-start=\"2839\" data-end=\"2863\">pos\u00e9es aux personnes <\/strong>pr\u00e9sentant une l\u00e9g\u00e8re asym\u00e9trie mammaire. Les injections d&rsquo;acide hyaluronique ou de graisse <strong data-start=\"2882\" data-end=\"2912\">permettent <\/strong>d&rsquo;augmenter le volume du sein le plus petit et d&rsquo;obtenir un aspect naturel et harmonieux. Ces m\u00e9thodes conviennent particuli\u00e8rement aux patientes qui ne souhaitent pas subir d&rsquo;intervention chirurgicale permanente ou qui <strong data-start=\"2918\" data-end=\"2940\">recherchent <\/strong>une solution temporaire. <\/p>\t\t\t\t\t\t\t\t<\/div>\n\t\t\t\t<\/div>\n\t\t\t\t<\/div>\n\t\t\t\t<\/div>\n\t\t<div class=\"elementor-element elementor-element-95f31b5 e-con-full bg-section v2 e-flex e-con e-child\" data-id=\"95f31b5\" data-element_type=\"container\" data-e-type=\"container\" data-settings=\"{&quot;background_background&quot;:&quot;classic&quot;}\">\n\t\t<div class=\"elementor-element elementor-element-0277dc7 e-con-full e-flex e-con e-child\" data-id=\"0277dc7\" data-element_type=\"container\" data-e-type=\"container\">\n\t\t\t\t<div class=\"elementor-element elementor-element-16f23b0 at-heading-animation at-animation-heading-style-3 elementor-widget elementor-widget-heading\" data-id=\"16f23b0\" data-element_type=\"widget\" data-e-type=\"widget\" data-settings=\"{&quot;ekit_we_effect_on&quot;:&quot;none&quot;}\" data-widget_type=\"heading.default\">\n\t\t\t\t<div class=\"elementor-widget-container\">\n\t\t\t\t\t<h3 class=\"elementor-heading-title elementor-size-default\">Premi\u00e8re \u00e9tape : avis d'expert sur l'asym\u00e9trie mammaire\n<\/h3>\t\t\t\t<\/div>\n\t\t\t\t<\/div>\n\t\t\t\t<div class=\"elementor-element elementor-element-99d3291 elementor-invisible elementor-widget elementor-widget-text-editor\" data-id=\"99d3291\" data-element_type=\"widget\" data-e-type=\"widget\" data-settings=\"{&quot;_animation&quot;:&quot;fadeInUp&quot;,&quot;ekit_we_effect_on&quot;:&quot;none&quot;}\" data-widget_type=\"text-editor.default\">\n\t\t\t\t<div class=\"elementor-widget-container\">\n\t\t\t\t\t\t\t\t\t<section class=\"l-section height_auto\"><div class=\"l-section-h i-cf\"><p class=\"\" data-start=\"3166\" data-end=\"3488\">Si vous \u00eates complex\u00e9e par la taille ou la forme de vos seins, la premi\u00e8re \u00e9tape consiste \u00e0 consul<strong data-start=\"3245\" data-end=\"3285\">ter un chirurgien esth\u00e9t<\/strong>ique sp\u00e9cialis\u00e9. Apr\u00e8s un examen approfondi, votre m\u00e9decin d\u00e9terminera la m\u00e9thode la plus appropri\u00e9e pour vous, qu&rsquo;elle soit chirurgicale ou non, et vous aidera \u00e0 atteindre vos objectifs esth\u00e9tiques de mani\u00e8re s\u00fbre et efficace. <\/p><p class=\"\" data-start=\"3490\" data-end=\"3877\">Le traitement de l&rsquo;asym\u00e9trie<a href=\"https:\/\/www.guncelozturk.com\/fr\/tout-ce-quil-faut-savoir-sur-lasymetrie-mammaire\/gogus-asimetrisi-3\/\"> mamm<strong data-start=\"3527\" data-end=\"3555\">aire, lorsqu&rsquo;il est r\u00e9alis\u00e9 avec <\/strong>l<\/a>a technique et l&rsquo;expertise appropri\u00e9es, offre \u00e0 la personne des avantages importants tant sur le plan physique qu&rsquo;\u00e9motionnel. Des contours corporels plus harmonieux, une confiance en soi accrue et une am\u00e9lioration notable de la qualit\u00e9 de vie sont les gains les plus pr\u00e9cieux de ce processus. Comme toujours, le choix d&rsquo;un chirurgien exp\u00e9riment\u00e9 et d&rsquo;une clinique enti\u00e8rement \u00e9quip\u00e9e constitue la base d&rsquo;un parcours esth\u00e9tique r\u00e9ussi.  <\/p><\/div><\/section><section class=\"l-section height_auto for_comments\"><div class=\"l-section-h i-cf\"><div class=\"wpdiscuz_top_clearing\"> <\/div><div id=\"comments\" class=\"comments-area\"><div id=\"respond\"> <\/div><div id=\"wpd-post-rating\" class=\"wpd-not-rated\"><div class=\"wpd-rating-wrap\"> <\/div><\/div><\/div><\/div><\/section>\t\t\t\t\t\t\t\t<\/div>\n\t\t\t\t<\/div>\n\t\t\t\t<\/div>\n\t\t\t\t<\/div>\n\t\t\t\t\t<\/div>\n\t\t\t\t<\/div>\n\t\t\t\t<\/div>\n\t\t","protected":false},"excerpt":{"rendered":"<p>Une l\u00e9g\u00e8re asym\u00e9trie mammaire est tr\u00e8s courante chez les femmes \u2014 en [&hellip;]<\/p>\n","protected":false},"author":1,"featured_media":26921,"comment_status":"open","ping_status":"closed","sticky":false,"template":"","format":"standard","meta":{"footnotes":""},"categories":[74,76,77],"tags":[],"class_list":["post-22216","post","type-post","status-publish","format-standard","has-post-thumbnail","hentry","category-articles-fr","category-chirurgie-esthetique-des-seins","category-esthetique-corporelle"],"_links":{"self":[{"href":"https:\/\/www.guncelozturk.com\/fr\/wp-json\/wp\/v2\/posts\/22216","targetHints":{"allow":["GET"]}}],"collection":[{"href":"https:\/\/www.guncelozturk.com\/fr\/wp-json\/wp\/v2\/posts"}],"about":[{"href":"https:\/\/www.guncelozturk.com\/fr\/wp-json\/wp\/v2\/types\/post"}],"author":[{"embeddable":true,"href":"https:\/\/www.guncelozturk.com\/fr\/wp-json\/wp\/v2\/users\/1"}],"replies":[{"embeddable":true,"href":"https:\/\/www.guncelozturk.com\/fr\/wp-json\/wp\/v2\/comments?post=22216"}],"version-history":[{"count":2,"href":"https:\/\/www.guncelozturk.com\/fr\/wp-json\/wp\/v2\/posts\/22216\/revisions"}],"predecessor-version":[{"id":26915,"href":"https:\/\/www.guncelozturk.com\/fr\/wp-json\/wp\/v2\/posts\/22216\/revisions\/26915"}],"wp:featuredmedia":[{"embeddable":true,"href":"https:\/\/www.guncelozturk.com\/fr\/wp-json\/wp\/v2\/media\/26921"}],"wp:attachment":[{"href":"https:\/\/www.guncelozturk.com\/fr\/wp-json\/wp\/v2\/media?parent=22216"}],"wp:term":[{"taxonomy":"category","embeddable":true,"href":"https:\/\/www.guncelozturk.com\/fr\/wp-json\/wp\/v2\/categories?post=22216"},{"taxonomy":"post_tag","embeddable":true,"href":"https:\/\/www.guncelozturk.com\/fr\/wp-json\/wp\/v2\/tags?post=22216"}],"curies":[{"name":"wp","href":"https:\/\/api.w.org\/{rel}","templated":true}]}}