{"id":22434,"date":"2025-05-11T19:18:41","date_gmt":"2025-05-11T19:18:41","guid":{"rendered":"http:\/\/guncelozturk.prdioweb.com\/non-categorise\/la-vieillesse-ne-se-lit-pas-sur-votre-visage-mais-sur-votre-squelette\/"},"modified":"2025-09-29T11:38:34","modified_gmt":"2025-09-29T11:38:34","slug":"la-vieillesse-ne-se-lit-pas-sur-votre-visage-mais-sur-votre-squelette","status":"publish","type":"post","link":"https:\/\/www.guncelozturk.com\/fr\/la-vieillesse-ne-se-lit-pas-sur-votre-visage-mais-sur-votre-squelette\/","title":{"rendered":"La vieillesse ne se lit pas sur votre visage, mais sur votre squelette !"},"content":{"rendered":"\t\t<div data-elementor-type=\"wp-post\" data-elementor-id=\"22434\" class=\"elementor elementor-22434 elementor-15324\" data-elementor-post-type=\"post\">\n\t\t\t\t<div class=\"elementor-element elementor-element-62269e9 e-flex e-con-boxed e-con e-parent\" data-id=\"62269e9\" data-element_type=\"container\" data-e-type=\"container\">\n\t\t\t\t\t<div class=\"e-con-inner\">\n\t\t<div class=\"elementor-element elementor-element-9305bf6 e-con-full bg-section v2 e-flex e-con e-child\" data-id=\"9305bf6\" data-element_type=\"container\" data-e-type=\"container\" data-settings=\"{&quot;background_background&quot;:&quot;classic&quot;}\">\n\t\t<div class=\"elementor-element elementor-element-da222db e-con-full e-flex e-con e-child\" data-id=\"da222db\" data-element_type=\"container\" data-e-type=\"container\">\n\t\t\t\t<div class=\"elementor-element elementor-element-2c66c78 at-heading-animation at-animation-heading-style-3 elementor-widget elementor-widget-heading\" data-id=\"2c66c78\" data-element_type=\"widget\" data-e-type=\"widget\" data-settings=\"{&quot;ekit_we_effect_on&quot;:&quot;none&quot;}\" data-widget_type=\"heading.default\">\n\t\t\t\t<div class=\"elementor-widget-container\">\n\t\t\t\t\t<h6 class=\"elementor-heading-title elementor-size-default\">La vieillesse ne se lit pas sur votre visage, mais sur votre squelette !\n<\/h6>\t\t\t\t<\/div>\n\t\t\t\t<\/div>\n\t\t\t\t<div class=\"elementor-element elementor-element-ea145f4 elementor-invisible elementor-widget elementor-widget-text-editor\" data-id=\"ea145f4\" data-element_type=\"widget\" data-e-type=\"widget\" data-settings=\"{&quot;_animation&quot;:&quot;fadeInUp&quot;,&quot;ekit_we_effect_on&quot;:&quot;none&quot;}\" data-widget_type=\"text-editor.default\">\n\t\t\t\t<div class=\"elementor-widget-container\">\n\t\t\t\t\t\t\t\t\t<p>Que vous preniez des mesures ou non, la vieillesse finit toujours par nous rattraper. Nous avons peut-\u00eatre tr\u00e8s bien pris soin de nous et ne faisons pas notre \u00e2ge, mais admettons que cela ne suffit pas \u00e0 long terme. Lorsque nous nous regardons dans le miroir, nous voyons un visage qui nous rappelle que les ann\u00e9es ont pass\u00e9.<br>M\u00eame si notre squelette facial, dont le d\u00e9veloppement s&rsquo;est arr\u00eat\u00e9 \u00e0 l&rsquo;adolescence, ne nous cause pas de probl\u00e8mes au fil du temps, il se d\u00e9grade avec l&rsquo;\u00e2ge, tout comme nos os des jambes qui se r\u00e9sorbent et nous rappellent leur pr\u00e9sence par leurs douleurs. Notre peau, trop abondante pour notre squelette facial qui fond, s&rsquo;affaisse et r\u00e9tr\u00e9cit, se ride, s&rsquo;affaisse et se transforme en un visage qui trahit notre \u00e2ge. \u00c0 notre peau affaiss\u00e9e et rid\u00e9e s&rsquo;ajoutent des taches solaires et des rides d&rsquo;expression qui semblent d\u00e9termin\u00e9es \u00e0 ne plus nous quitter, renfor\u00e7ant ainsi l&rsquo;aspect us\u00e9 de notre visage.    <\/p>\t\t\t\t\t\t\t\t<\/div>\n\t\t\t\t<\/div>\n\t\t<div class=\"elementor-element elementor-element-a99157c e-con-full e-flex e-con e-child\" data-id=\"a99157c\" data-element_type=\"container\" data-e-type=\"container\" data-settings=\"{&quot;background_background&quot;:&quot;classic&quot;}\">\n\t\t\t\t<div class=\"elementor-element elementor-element-05276e8 at-image-animation at-animation-image-none elementor-widget elementor-widget-image\" data-id=\"05276e8\" data-element_type=\"widget\" data-e-type=\"widget\" data-settings=\"{&quot;ekit_we_effect_on&quot;:&quot;none&quot;}\" data-widget_type=\"image.default\">\n\t\t\t\t<div class=\"elementor-widget-container\">\n\t\t\t\t\t\t\t\t\t\t\t\t\t\t\t<img fetchpriority=\"high\" decoding=\"async\" width=\"549\" height=\"365\" src=\"https:\/\/www.guncelozturk.com\/wp-content\/uploads\/2025\/05\/yaslilik.webp\" class=\"attachment-large size-large wp-image-22435\" alt=\"\" srcset=\"https:\/\/www.guncelozturk.com\/wp-content\/uploads\/2025\/05\/yaslilik.webp 549w, https:\/\/www.guncelozturk.com\/wp-content\/uploads\/2025\/05\/yaslilik-300x199.webp 300w\" sizes=\"(max-width: 549px) 100vw, 549px\" title=\"\">\t\t\t\t\t\t\t\t\t\t\t\t\t\t\t<\/div>\n\t\t\t\t<\/div>\n\t\t\t\t<\/div>\n\t\t\t\t<\/div>\n\t\t\t\t<\/div>\n\t\t<div class=\"elementor-element elementor-element-ea36163 e-con-full bg-section v2 e-flex e-con e-child\" data-id=\"ea36163\" data-element_type=\"container\" data-e-type=\"container\" data-settings=\"{&quot;background_background&quot;:&quot;classic&quot;}\">\n\t\t<div class=\"elementor-element elementor-element-cd27448 e-con-full e-flex e-con e-child\" data-id=\"cd27448\" data-element_type=\"container\" data-e-type=\"container\">\n\t\t\t\t<div class=\"elementor-element elementor-element-3cdd8dd elementor-invisible elementor-widget elementor-widget-text-editor\" data-id=\"3cdd8dd\" data-element_type=\"widget\" data-e-type=\"widget\" data-settings=\"{&quot;_animation&quot;:&quot;fadeInUp&quot;,&quot;ekit_we_effect_on&quot;:&quot;none&quot;}\" data-widget_type=\"text-editor.default\">\n\t\t\t\t<div class=\"elementor-widget-container\">\n\t\t\t\t\t\t\t\t\t<p>Si la structure osseuse dont nous avons h\u00e9rit\u00e9 est solide, notre squelette facial subira moins de dommages au fil des ans. Par exemple, les hommes, dont la structure osseuse est plus solide que celle des femmes, sont moins touch\u00e9s par les effets de la vieillesse. Pour que votre structure osseuse soit le moins possible affect\u00e9e par le passage des ann\u00e9es, il est important d&rsquo;avoir une alimentation riche en calcium et en vitamine D. Une alimentation \u00e9quilibr\u00e9e et saine est tr\u00e8s importante pendant la p\u00e9riode post-m\u00e9nopausique, lorsque le taux d&rsquo;\u0153strog\u00e8nes diminue rapidement.<br>Le rajeunissement du squelette facial est possible gr\u00e2ce \u00e0 la chirurgie esth\u00e9tique. En cas de r\u00e9sorption osseuse, le squelette peut \u00eatr<a href=\"https:\/\/www.guncelozturk.com\/yuz-estetik-sanati\/yuz-germe\/\">e am\u00e9lior\u00e9 \u00e0 l&rsquo;aide<\/a> d&rsquo;un mat\u00e9riau de comblement pr\u00e9sentant des caract\u00e9ristiques similaires \u00e0 celles du tissu osseux. Si un lifting du visage est \u00e9galement pr\u00e9vu, il est n\u00e9cessaire d&rsquo;am\u00e9liorer l&rsquo;\u00e9tat du squelette.<br>Gr\u00e2ce \u00e0 un implant plac\u00e9 dans la bouche, vous pouvez ensuite obtenir une apparence plus jeune. Les implants utilis\u00e9s sont adapt\u00e9s \u00e0 la structure du visage et ne se r\u00e9sorbent pas, ce qui \u00e9vite de devoir r\u00e9p\u00e9ter <a href=\"\/oil-injection\/\" target=\"_blank\" rel=\"noopener\">l&rsquo;op\u00e9ration<\/a>. Cette intervention suffit pour obtenir une apparence plus jeune chez les personnes qui ne pr\u00e9sentent pas de rel\u00e2chement excessif, mais elle pr\u00e9pare \u00e9galement le terrain pour un lifting du visage chez les personnes qui souffrent d&rsquo;un rel\u00e2chement plus important.      <\/p><p><a href=\"http:\/\/guncelozturk.prdioweb.com\/fr\/a-propos-de-nous\/\" target=\"_blank\" rel=\"noopener\"><strong>Professeur associ\u00e9 Dr G\u00fcncel \u00d6zt\u00fcrk <\/strong><\/a><br><strong>Chirurgie esth\u00e9tique, plastique et reconstructive<\/strong><\/p>\t\t\t\t\t\t\t\t<\/div>\n\t\t\t\t<\/div>\n\t\t\t\t<\/div>\n\t\t\t\t<\/div>\n\t\t\t\t\t<\/div>\n\t\t\t\t<\/div>\n\t\t\t\t<\/div>\n\t\t","protected":false},"excerpt":{"rendered":"<p>La vieillesse ne se lit pas sur votre visage, mais sur votre [&hellip;]<\/p>\n","protected":false},"author":1,"featured_media":27896,"comment_status":"open","ping_status":"closed","sticky":false,"template":"","format":"standard","meta":{"footnotes":""},"categories":[74,78],"tags":[],"class_list":["post-22434","post","type-post","status-publish","format-standard","has-post-thumbnail","hentry","category-articles-fr","category-esthetique-du-visage"],"_links":{"self":[{"href":"https:\/\/www.guncelozturk.com\/fr\/wp-json\/wp\/v2\/posts\/22434","targetHints":{"allow":["GET"]}}],"collection":[{"href":"https:\/\/www.guncelozturk.com\/fr\/wp-json\/wp\/v2\/posts"}],"about":[{"href":"https:\/\/www.guncelozturk.com\/fr\/wp-json\/wp\/v2\/types\/post"}],"author":[{"embeddable":true,"href":"https:\/\/www.guncelozturk.com\/fr\/wp-json\/wp\/v2\/users\/1"}],"replies":[{"embeddable":true,"href":"https:\/\/www.guncelozturk.com\/fr\/wp-json\/wp\/v2\/comments?post=22434"}],"version-history":[{"count":2,"href":"https:\/\/www.guncelozturk.com\/fr\/wp-json\/wp\/v2\/posts\/22434\/revisions"}],"predecessor-version":[{"id":27982,"href":"https:\/\/www.guncelozturk.com\/fr\/wp-json\/wp\/v2\/posts\/22434\/revisions\/27982"}],"wp:featuredmedia":[{"embeddable":true,"href":"https:\/\/www.guncelozturk.com\/fr\/wp-json\/wp\/v2\/media\/27896"}],"wp:attachment":[{"href":"https:\/\/www.guncelozturk.com\/fr\/wp-json\/wp\/v2\/media?parent=22434"}],"wp:term":[{"taxonomy":"category","embeddable":true,"href":"https:\/\/www.guncelozturk.com\/fr\/wp-json\/wp\/v2\/categories?post=22434"},{"taxonomy":"post_tag","embeddable":true,"href":"https:\/\/www.guncelozturk.com\/fr\/wp-json\/wp\/v2\/tags?post=22434"}],"curies":[{"name":"wp","href":"https:\/\/api.w.org\/{rel}","templated":true}]}}