{"id":22468,"date":"2025-05-10T19:20:12","date_gmt":"2025-05-10T19:20:12","guid":{"rendered":"http:\/\/guncelozturk.prdioweb.com\/non-categorise\/decouvrez-lesthetique-du-recyclage-qui-combat-les-expressions-fatiguees\/"},"modified":"2025-09-29T11:39:21","modified_gmt":"2025-09-29T11:39:21","slug":"decouvrez-lesthetique-du-recyclage-qui-combat-les-expressions-fatiguees","status":"publish","type":"post","link":"https:\/\/www.guncelozturk.com\/fr\/decouvrez-lesthetique-du-recyclage-qui-combat-les-expressions-fatiguees\/","title":{"rendered":"D\u00e9couvrez l&rsquo;esth\u00e9tique du recyclage qui combat les expressions fatigu\u00e9es"},"content":{"rendered":"\t\t<div data-elementor-type=\"wp-post\" data-elementor-id=\"22468\" class=\"elementor elementor-22468 elementor-15331\" data-elementor-post-type=\"post\">\n\t\t\t\t<div class=\"elementor-element elementor-element-62269e9 e-flex e-con-boxed e-con e-parent\" data-id=\"62269e9\" data-element_type=\"container\" data-e-type=\"container\">\n\t\t\t\t\t<div class=\"e-con-inner\">\n\t\t<div class=\"elementor-element elementor-element-e60f737 e-con-full bg-section v2 e-flex e-con e-child\" data-id=\"e60f737\" data-element_type=\"container\" data-e-type=\"container\" data-settings=\"{&quot;background_background&quot;:&quot;classic&quot;}\">\n\t\t<div class=\"elementor-element elementor-element-08296e3 e-con-full e-flex e-con e-child\" data-id=\"08296e3\" data-element_type=\"container\" data-e-type=\"container\">\n\t\t\t\t<div class=\"elementor-element elementor-element-2795599 elementor-invisible elementor-widget elementor-widget-text-editor\" data-id=\"2795599\" data-element_type=\"widget\" data-e-type=\"widget\" data-settings=\"{&quot;_animation&quot;:&quot;fadeInUp&quot;,&quot;ekit_we_effect_on&quot;:&quot;none&quot;}\" data-widget_type=\"text-editor.default\">\n\t\t\t\t<div class=\"elementor-widget-container\">\n\t\t\t\t\t\t\t\t\t<p>Le contour des yeux est l&rsquo;un des endroits o\u00f9 les effets les plus visibles du vieillissement apparaissent. La peau autour de nos yeux, qui influence directement notre expression, et les paupi\u00e8res qui recouvrent nos yeux sont \u00e9galement touch\u00e9es par les rides et le rel\u00e2chement cutan\u00e9 qui affectent nos joues. Au fil des ans, les poches sous les yeux s&rsquo;accentuent \u00e9galement. L&rsquo;augmentation des poches sous les yeux donne \u00e9galement \u00e0 la personne un air plus fatigu\u00e9.   <\/p>\t\t\t\t\t\t\t\t<\/div>\n\t\t\t\t<\/div>\n\t\t<div class=\"elementor-element elementor-element-a99157c e-con-full e-flex e-con e-child\" data-id=\"a99157c\" data-element_type=\"container\" data-e-type=\"container\" data-settings=\"{&quot;background_background&quot;:&quot;classic&quot;}\">\n\t\t\t\t<div class=\"elementor-element elementor-element-05276e8 at-image-animation at-animation-image-none elementor-widget elementor-widget-image\" data-id=\"05276e8\" data-element_type=\"widget\" data-e-type=\"widget\" data-settings=\"{&quot;ekit_we_effect_on&quot;:&quot;none&quot;}\" data-widget_type=\"image.default\">\n\t\t\t\t<div class=\"elementor-widget-container\">\n\t\t\t\t\t\t\t\t\t\t\t\t\t\t\t<img fetchpriority=\"high\" decoding=\"async\" width=\"364\" height=\"548\" src=\"https:\/\/www.guncelozturk.com\/wp-content\/uploads\/2025\/05\/geri-donusum-1.webp\" class=\"attachment-large size-large wp-image-22469\" alt=\"\" srcset=\"https:\/\/www.guncelozturk.com\/wp-content\/uploads\/2025\/05\/geri-donusum-1.webp 364w, https:\/\/www.guncelozturk.com\/wp-content\/uploads\/2025\/05\/geri-donusum-1-199x300.webp 199w\" sizes=\"(max-width: 364px) 100vw, 364px\" title=\"\">\t\t\t\t\t\t\t\t\t\t\t\t\t\t\t<\/div>\n\t\t\t\t<\/div>\n\t\t\t\t<\/div>\n\t\t\t\t<\/div>\n\t\t\t\t<\/div>\n\t\t<div class=\"elementor-element elementor-element-9305bf6 e-con-full bg-section v2 e-flex e-con e-child\" data-id=\"9305bf6\" data-element_type=\"container\" data-e-type=\"container\" data-settings=\"{&quot;background_background&quot;:&quot;classic&quot;}\">\n\t\t<div class=\"elementor-element elementor-element-da222db e-con-full e-flex e-con e-child\" data-id=\"da222db\" data-element_type=\"container\" data-e-type=\"container\">\n\t\t\t\t<div class=\"elementor-element elementor-element-ea145f4 elementor-invisible elementor-widget elementor-widget-text-editor\" data-id=\"ea145f4\" data-element_type=\"widget\" data-e-type=\"widget\" data-settings=\"{&quot;_animation&quot;:&quot;fadeInUp&quot;,&quot;ekit_we_effect_on&quot;:&quot;none&quot;}\" data-widget_type=\"text-editor.default\">\n\t\t\t\t<div class=\"elementor-widget-container\">\n\t\t\t\t\t\t\t\t\t<p>L&rsquo;importance consid\u00e9rable du contour des yeux dans le vieillissement a bien s\u00fbr incit\u00e9 les chirurgiens esth\u00e9tiques \u00e0 agir. Il existe d\u00e9sormais de nombreuses interventions esth\u00e9tiques possibles, que ce soit au niveau des paupi\u00e8res, des poches sous les yeux ou des pattes d&rsquo;oie. <\/p><p>La chirurgie esth\u00e9tique de rajeunissement a \u00e9t\u00e9 cr\u00e9\u00e9e pour les femmes qui souhaitent \u00e0 la fois \u00e9liminer les poches sous les<a title=\"Esth\u00e9tique du visage\" href=\"\/yuz-estetik-sanati\/\" target=\"_blank\" rel=\"noopener\"> yeu<strong>x et avoir de<\/strong>s pom<\/a>mettes plus prononc\u00e9es !<\/p>\t\t\t\t\t\t\t\t<\/div>\n\t\t\t\t<\/div>\n\t\t\t\t<\/div>\n\t\t\t\t<\/div>\n\t\t<div class=\"elementor-element elementor-element-ea36163 e-con-full bg-section v2 e-flex e-con e-child\" data-id=\"ea36163\" data-element_type=\"container\" data-e-type=\"container\" data-settings=\"{&quot;background_background&quot;:&quot;classic&quot;}\">\n\t\t<div class=\"elementor-element elementor-element-cd27448 e-con-full e-flex e-con e-child\" data-id=\"cd27448\" data-element_type=\"container\" data-e-type=\"container\">\n\t\t\t\t<div class=\"elementor-element elementor-element-1b0b9c7 at-heading-animation at-animation-heading-style-3 elementor-widget elementor-widget-heading\" data-id=\"1b0b9c7\" data-element_type=\"widget\" data-e-type=\"widget\" data-settings=\"{&quot;ekit_we_effect_on&quot;:&quot;none&quot;}\" data-widget_type=\"heading.default\">\n\t\t\t\t<div class=\"elementor-widget-container\">\n\t\t\t\t\t<h6 class=\"elementor-heading-title elementor-size-default\">Qu'est-ce que l'esth\u00e9tique du recyclage ?\n<\/h6>\t\t\t\t<\/div>\n\t\t\t\t<\/div>\n\t\t\t\t<div class=\"elementor-element elementor-element-3cdd8dd elementor-invisible elementor-widget elementor-widget-text-editor\" data-id=\"3cdd8dd\" data-element_type=\"widget\" data-e-type=\"widget\" data-settings=\"{&quot;_animation&quot;:&quot;fadeInUp&quot;,&quot;ekit_we_effect_on&quot;:&quot;none&quot;}\" data-widget_type=\"text-editor.default\">\n\t\t\t\t<div class=\"elementor-widget-container\">\n\t\t\t\t\t\t\t\t\t<p>L&rsquo;esth\u00e9tique du recyclage est une op\u00e9ration qui permet de r\u00e9aliser deux interventions \u00e0 la fois, facilitant ainsi le travail du patient et du m\u00e9decin. Cette op\u00e9ration consiste \u00e0 r\u00e9partir la graisse des poches sous les yeux vers les pommettes et les zones rid\u00e9es et creus\u00e9es. Ainsi, les pommettes sont plus prononc\u00e9es, les zones affaiss\u00e9es et rid\u00e9es autour des yeux sont corrig\u00e9es en fonction de la morphologie du patient et les poches sous les yeux sont \u00e9limin\u00e9es. La peau restante apr\u00e8s le pr\u00e9l\u00e8vement de graisse dans la zone des poches sous les yeux est retendue au cours de la m\u00eame intervention.   <\/p><p>Gr\u00e2ce \u00e0 cette intervention, la personne obtient un regard plus vif tout en \u00e9liminant une grande partie des rides autour des yeux, et acquiert en m\u00eame temps des pommettes saillantes, \u00e9l\u00e9ment cl\u00e9 d&rsquo;un visage attrayant.<\/p>\t\t\t\t\t\t\t\t<\/div>\n\t\t\t\t<\/div>\n\t\t\t\t<\/div>\n\t\t\t\t<\/div>\n\t\t<div class=\"elementor-element elementor-element-cc4d911 e-con-full bg-section v2 e-flex e-con e-child\" data-id=\"cc4d911\" data-element_type=\"container\" data-e-type=\"container\" data-settings=\"{&quot;background_background&quot;:&quot;classic&quot;}\">\n\t\t<div class=\"elementor-element elementor-element-4c60a64 e-con-full e-flex e-con e-child\" data-id=\"4c60a64\" data-element_type=\"container\" data-e-type=\"container\">\n\t\t\t\t<div class=\"elementor-element elementor-element-52c4a9a at-heading-animation at-animation-heading-style-3 elementor-widget elementor-widget-heading\" data-id=\"52c4a9a\" data-element_type=\"widget\" data-e-type=\"widget\" data-settings=\"{&quot;ekit_we_effect_on&quot;:&quot;none&quot;}\" data-widget_type=\"heading.default\">\n\t\t\t\t<div class=\"elementor-widget-container\">\n\t\t\t\t\t<h6 class=\"elementor-heading-title elementor-size-default\">Comment r\u00e9aliser une esth\u00e9tique du recyclage ?\n<\/h6>\t\t\t\t<\/div>\n\t\t\t\t<\/div>\n\t\t\t\t<div class=\"elementor-element elementor-element-f3c9cdd elementor-invisible elementor-widget elementor-widget-text-editor\" data-id=\"f3c9cdd\" data-element_type=\"widget\" data-e-type=\"widget\" data-settings=\"{&quot;_animation&quot;:&quot;fadeInUp&quot;,&quot;ekit_we_effect_on&quot;:&quot;none&quot;}\" data-widget_type=\"text-editor.default\">\n\t\t\t\t<div class=\"elementor-widget-container\">\n\t\t\t\t\t\t\t\t\t<section class=\"l-section height_auto\"><div class=\"l-section-h i-cf\"><p>Dans le cadre d&rsquo;une intervention esth\u00e9tique sans hospitalisation, une anesth\u00e9sie g\u00e9n\u00e9rale ou locale est pratiqu\u00e9e en fonction de l&rsquo;\u00e9tat du patient. Ensuite, on acc\u00e8de au tissu adipeux \u00e0 l&rsquo;aide d&rsquo;un laser, soit par la paupi\u00e8re inf\u00e9rieure, soit par la base des cils. Cette graisse, responsable des poches sous les yeux, est lib\u00e9r\u00e9e, ce qui permet \u00e0 la fois de faire ressortir les pommettes et d&rsquo;\u00e9liminer consid\u00e9rablement les rides.  <\/p><\/div><\/section><section class=\"l-section height_auto for_comments\"><div class=\"l-section-h i-cf\"><div class=\"wpdiscuz_top_clearing\"> <\/div><div id=\"comments\" class=\"comments-area\"><div id=\"respond\"> <\/div><div id=\"wpd-post-rating\" class=\"wpd-not-rated\"><div class=\"wpd-rating-wrap\"> <\/div><\/div><\/div><\/div><\/section>\t\t\t\t\t\t\t\t<\/div>\n\t\t\t\t<\/div>\n\t\t\t\t<\/div>\n\t\t\t\t<\/div>\n\t\t\t\t\t<\/div>\n\t\t\t\t<\/div>\n\t\t\t\t<\/div>\n\t\t","protected":false},"excerpt":{"rendered":"<p>Le contour des yeux est l&rsquo;un des endroits o\u00f9 les effets les [&hellip;]<\/p>\n","protected":false},"author":1,"featured_media":27903,"comment_status":"open","ping_status":"closed","sticky":false,"template":"","format":"standard","meta":{"footnotes":""},"categories":[74,78],"tags":[],"class_list":["post-22468","post","type-post","status-publish","format-standard","has-post-thumbnail","hentry","category-articles-fr","category-esthetique-du-visage"],"_links":{"self":[{"href":"https:\/\/www.guncelozturk.com\/fr\/wp-json\/wp\/v2\/posts\/22468","targetHints":{"allow":["GET"]}}],"collection":[{"href":"https:\/\/www.guncelozturk.com\/fr\/wp-json\/wp\/v2\/posts"}],"about":[{"href":"https:\/\/www.guncelozturk.com\/fr\/wp-json\/wp\/v2\/types\/post"}],"author":[{"embeddable":true,"href":"https:\/\/www.guncelozturk.com\/fr\/wp-json\/wp\/v2\/users\/1"}],"replies":[{"embeddable":true,"href":"https:\/\/www.guncelozturk.com\/fr\/wp-json\/wp\/v2\/comments?post=22468"}],"version-history":[{"count":1,"href":"https:\/\/www.guncelozturk.com\/fr\/wp-json\/wp\/v2\/posts\/22468\/revisions"}],"predecessor-version":[{"id":22470,"href":"https:\/\/www.guncelozturk.com\/fr\/wp-json\/wp\/v2\/posts\/22468\/revisions\/22470"}],"wp:featuredmedia":[{"embeddable":true,"href":"https:\/\/www.guncelozturk.com\/fr\/wp-json\/wp\/v2\/media\/27903"}],"wp:attachment":[{"href":"https:\/\/www.guncelozturk.com\/fr\/wp-json\/wp\/v2\/media?parent=22468"}],"wp:term":[{"taxonomy":"category","embeddable":true,"href":"https:\/\/www.guncelozturk.com\/fr\/wp-json\/wp\/v2\/categories?post=22468"},{"taxonomy":"post_tag","embeddable":true,"href":"https:\/\/www.guncelozturk.com\/fr\/wp-json\/wp\/v2\/tags?post=22468"}],"curies":[{"name":"wp","href":"https:\/\/api.w.org\/{rel}","templated":true}]}}