{"id":22614,"date":"2025-05-07T19:27:17","date_gmt":"2025-05-07T19:27:17","guid":{"rendered":"http:\/\/guncelozturk.prdioweb.com\/non-categorise\/remodelage-du-profil-du-visage-a-laide-dune-prothese\/"},"modified":"2025-09-29T11:41:11","modified_gmt":"2025-09-29T11:41:11","slug":"remodelage-du-profil-du-visage-a-laide-dune-prothese","status":"publish","type":"post","link":"https:\/\/www.guncelozturk.com\/fr\/remodelage-du-profil-du-visage-a-laide-dune-prothese\/","title":{"rendered":"Remodelage du profil du visage \u00e0 l&rsquo;aide d&rsquo;une proth\u00e8se"},"content":{"rendered":"\t\t<div data-elementor-type=\"wp-post\" data-elementor-id=\"22614\" class=\"elementor elementor-22614 elementor-15357\" data-elementor-post-type=\"post\">\n\t\t\t\t<div class=\"elementor-element elementor-element-62269e9 e-flex e-con-boxed e-con e-parent\" data-id=\"62269e9\" data-element_type=\"container\" data-e-type=\"container\">\n\t\t\t\t\t<div class=\"e-con-inner\">\n\t\t<div class=\"elementor-element elementor-element-e60f737 e-con-full bg-section v2 e-flex e-con e-child\" data-id=\"e60f737\" data-element_type=\"container\" data-e-type=\"container\" data-settings=\"{&quot;background_background&quot;:&quot;classic&quot;}\">\n\t\t<div class=\"elementor-element elementor-element-08296e3 e-con-full e-flex e-con e-child\" data-id=\"08296e3\" data-element_type=\"container\" data-e-type=\"container\">\n\t\t\t\t<div class=\"elementor-element elementor-element-2795599 elementor-invisible elementor-widget elementor-widget-text-editor\" data-id=\"2795599\" data-element_type=\"widget\" data-e-type=\"widget\" data-settings=\"{&quot;_animation&quot;:&quot;fadeInUp&quot;,&quot;ekit_we_effect_on&quot;:&quot;none&quot;}\" data-widget_type=\"text-editor.default\">\n\t\t\t\t<div class=\"elementor-widget-container\">\n\t\t\t\t\t\t\t\t\t<p>La facilit\u00e9 avec laquelle il est d\u00e9sormais possible de prendre des photos avec les smartphones, notamment les selfies, et le partage de ces images sur les r\u00e9seaux sociaux permettent aux personnes de prendre conscience des imperfections de leur profil et entra\u00eenent une augmentation de la demande en mati\u00e8re d&rsquo;esth\u00e9tique corrective du profil \u00e0 l&rsquo;aide de proth\u00e8ses faciales.<\/p><p>Beaucoup de personnes ne sont pas satisfaites de leur profil. Les probl\u00e8mes les plus fr\u00e9quemment signal\u00e9s concernent le nez, le menton, les joues et le front. Les d\u00e9formations du nez, l&rsquo;impr\u00e9cision du menton, l&rsquo;affaissement des joues et le front pro\u00e9minent sont les probl\u00e8mes esth\u00e9tiques les plus courants qui affectent l&rsquo;apparence du profil.  <\/p><p>La structure anatomique du visage est compos\u00e9e de la peau, des tissus et de la structure osseuse. La structure osseuse du visage peut \u00eatre alt\u00e9r\u00e9e de mani\u00e8re cong\u00e9nitale, c&rsquo;est-\u00e0-dire h\u00e9r\u00e9ditaire, ou \u00e0 la suite d&rsquo;un traumatisme ou de probl\u00e8mes dentaires. Dans le cas de tels probl\u00e8mes esth\u00e9tiques, l&rsquo;anomalie esth\u00e9tique existante peut \u00eatre corrig\u00e9e soit par une intervention chirurgicale sur la structure osseuse de la personne, soit par l&rsquo;utilisation d&rsquo;une proth\u00e8se.  <\/p>\t\t\t\t\t\t\t\t<\/div>\n\t\t\t\t<\/div>\n\t\t\t\t<\/div>\n\t\t\t\t<\/div>\n\t\t<div class=\"elementor-element elementor-element-1696d6a e-con-full bg-section v2 e-flex e-con e-child\" data-id=\"1696d6a\" data-element_type=\"container\" data-e-type=\"container\" data-settings=\"{&quot;background_background&quot;:&quot;classic&quot;}\">\n\t\t<div class=\"elementor-element elementor-element-1c800aa e-con-full e-flex e-con e-child\" data-id=\"1c800aa\" data-element_type=\"container\" data-e-type=\"container\">\n\t\t\t\t<div class=\"elementor-element elementor-element-d1b154f at-heading-animation at-animation-heading-style-3 elementor-widget elementor-widget-heading\" data-id=\"d1b154f\" data-element_type=\"widget\" data-e-type=\"widget\" data-settings=\"{&quot;ekit_we_effect_on&quot;:&quot;none&quot;}\" data-widget_type=\"heading.default\">\n\t\t\t\t<div class=\"elementor-widget-container\">\n\t\t\t\t\t<h6 class=\"elementor-heading-title elementor-size-default\">Sur quelles zones du visage peut-on appliquer une proth\u00e8se ?\n<\/h6>\t\t\t\t<\/div>\n\t\t\t\t<\/div>\n\t\t\t\t<div class=\"elementor-element elementor-element-503cb6b elementor-invisible elementor-widget elementor-widget-text-editor\" data-id=\"503cb6b\" data-element_type=\"widget\" data-e-type=\"widget\" data-settings=\"{&quot;_animation&quot;:&quot;fadeInUp&quot;,&quot;ekit_we_effect_on&quot;:&quot;none&quot;}\" data-widget_type=\"text-editor.default\">\n\t\t\t\t<div class=\"elementor-widget-container\">\n\t\t\t\t\t\t\t\t\t<p>Les proth\u00e8ses sont principalement utilis\u00e9es dans la r\u00e9gion de la m\u00e2choire et des joues. En cas de probl\u00e8mes au niveau de l&rsquo;os nasal, il est possible d&rsquo;utiliser les propres os et cartilages du patient. Les proth\u00e8ses peuvent \u00e9galement \u00eatre utilis\u00e9<a href=\"https:\/\/www.guncelozturk.com\/fr\/esthetique-de-la-pointe-du-menton\/cene-ucu-estetigi-2\/\">es dans l&rsquo;esth\u00e9tiqu<\/a>e des pommettes. Dans l&rsquo;esth\u00e9tique de la m\u00e2choire, des proth\u00e8ses peuvent \u00eatre ajout\u00e9es \u00e0 l&rsquo;extr\u00e9mit\u00e9 et aux c\u00f4t\u00e9s de la m\u00e2choire.  <\/p>\t\t\t\t\t\t\t\t<\/div>\n\t\t\t\t<\/div>\n\t\t\t\t<\/div>\n\t\t\t\t<\/div>\n\t\t<div class=\"elementor-element elementor-element-9305bf6 e-con-full bg-section v2 e-flex e-con e-child\" data-id=\"9305bf6\" data-element_type=\"container\" data-e-type=\"container\" data-settings=\"{&quot;background_background&quot;:&quot;classic&quot;}\">\n\t\t<div class=\"elementor-element elementor-element-da222db e-con-full e-flex e-con e-child\" data-id=\"da222db\" data-element_type=\"container\" data-e-type=\"container\">\n\t\t\t\t<div class=\"elementor-element elementor-element-2c66c78 at-heading-animation at-animation-heading-style-3 elementor-widget elementor-widget-heading\" data-id=\"2c66c78\" data-element_type=\"widget\" data-e-type=\"widget\" data-settings=\"{&quot;ekit_we_effect_on&quot;:&quot;none&quot;}\" data-widget_type=\"heading.default\">\n\t\t\t\t<div class=\"elementor-widget-container\">\n\t\t\t\t\t<h6 class=\"elementor-heading-title elementor-size-default\">Que sont les proth\u00e8ses faciales ?\n<\/h6>\t\t\t\t<\/div>\n\t\t\t\t<\/div>\n\t\t\t\t<div class=\"elementor-element elementor-element-ea145f4 elementor-invisible elementor-widget elementor-widget-text-editor\" data-id=\"ea145f4\" data-element_type=\"widget\" data-e-type=\"widget\" data-settings=\"{&quot;_animation&quot;:&quot;fadeInUp&quot;,&quot;ekit_we_effect_on&quot;:&quot;none&quot;}\" data-widget_type=\"text-editor.default\">\n\t\t\t\t<div class=\"elementor-widget-container\">\n\t\t\t\t\t\t\t\t\t<p>Les proth\u00e8ses faciales sont g\u00e9n\u00e9ralement fabriqu<a href=\"https:\/\/guncelozturk.ru\/contact-us\/\" target=\"_blank\" rel=\"noopener\">\u00e9es en silicone ou en p<\/a>oly\u00e9thyl\u00e8ne et utilis\u00e9es en chirurgie esth\u00e9tique. Elles sont compos\u00e9es de mat\u00e9riaux sans effet secondaire sur le corps. Les mat\u00e9riaux utilis\u00e9s pour les proth\u00e8ses sont sp\u00e9cialement con\u00e7us pour \u00eatre facilement ins\u00e9r\u00e9s \u00e0 travers de petites incisions. Les proth\u00e8ses en silicone sont plus faciles \u00e0 ins\u00e9rer, tandis que celles en poly\u00e9thyl\u00e8ne sont plus difficiles \u00e0 mettre en place.  <\/p><h6> <\/h6>\t\t\t\t\t\t\t\t<\/div>\n\t\t\t\t<\/div>\n\t\t<div class=\"elementor-element elementor-element-a99157c e-con-full e-flex e-con e-child\" data-id=\"a99157c\" data-element_type=\"container\" data-e-type=\"container\" data-settings=\"{&quot;background_background&quot;:&quot;classic&quot;}\">\n\t\t\t\t<div class=\"elementor-element elementor-element-05276e8 at-image-animation at-animation-image-none elementor-widget elementor-widget-image\" data-id=\"05276e8\" data-element_type=\"widget\" data-e-type=\"widget\" data-settings=\"{&quot;ekit_we_effect_on&quot;:&quot;none&quot;}\" data-widget_type=\"image.default\">\n\t\t\t\t<div class=\"elementor-widget-container\">\n\t\t\t\t\t\t\t\t\t\t\t\t\t\t\t<img fetchpriority=\"high\" decoding=\"async\" width=\"300\" height=\"200\" src=\"https:\/\/www.guncelozturk.com\/wp-content\/uploads\/2025\/05\/protezileyuzprofili-300x200-1.webp\" class=\"attachment-large size-large wp-image-22616\" alt=\"\" title=\"\">\t\t\t\t\t\t\t\t\t\t\t\t\t\t\t<\/div>\n\t\t\t\t<\/div>\n\t\t\t\t<\/div>\n\t\t\t\t<\/div>\n\t\t\t\t<\/div>\n\t\t<div class=\"elementor-element elementor-element-ea36163 e-con-full bg-section v2 e-flex e-con e-child\" data-id=\"ea36163\" data-element_type=\"container\" data-e-type=\"container\" data-settings=\"{&quot;background_background&quot;:&quot;classic&quot;}\">\n\t\t<div class=\"elementor-element elementor-element-cd27448 e-con-full e-flex e-con e-child\" data-id=\"cd27448\" data-element_type=\"container\" data-e-type=\"container\">\n\t\t\t\t<div class=\"elementor-element elementor-element-1b0b9c7 at-heading-animation at-animation-heading-style-3 elementor-widget elementor-widget-heading\" data-id=\"1b0b9c7\" data-element_type=\"widget\" data-e-type=\"widget\" data-settings=\"{&quot;ekit_we_effect_on&quot;:&quot;none&quot;}\" data-widget_type=\"heading.default\">\n\t\t\t\t<div class=\"elementor-widget-container\">\n\t\t\t\t\t<h6 class=\"elementor-heading-title elementor-size-default\">Les proth\u00e8ses faciales sont utilis\u00e9es pour traiter quels probl\u00e8mes esth\u00e9tiques ?\n<\/h6>\t\t\t\t<\/div>\n\t\t\t\t<\/div>\n\t\t\t\t<div class=\"elementor-element elementor-element-3cdd8dd elementor-invisible elementor-widget elementor-widget-text-editor\" data-id=\"3cdd8dd\" data-element_type=\"widget\" data-e-type=\"widget\" data-settings=\"{&quot;_animation&quot;:&quot;fadeInUp&quot;,&quot;ekit_we_effect_on&quot;:&quot;none&quot;}\" data-widget_type=\"text-editor.default\">\n\t\t\t\t<div class=\"elementor-widget-container\">\n\t\t\t\t\t\t\t\t\t<p>La structure osseuse du visage joue un r\u00f4le tout aussi important que l&rsquo;apparence de la peau dans la beaut\u00e9 du visage. En accentuant les pommettes et la m\u00e2choire, l&rsquo;apparence du visage peut \u00eatre rendue plus esth\u00e9tique. Dans le profil, une m\u00e2choire pro\u00e9minente et une m\u00e2choire anguleuse chez les hommes donnent \u00e0 la personne une apparence attrayante et belle, \u00e0 condition que cela soit en harmonie avec la forme g\u00e9n\u00e9rale du visage.  <\/p>\t\t\t\t\t\t\t\t<\/div>\n\t\t\t\t<\/div>\n\t\t\t\t<\/div>\n\t\t\t\t<\/div>\n\t\t<div class=\"elementor-element elementor-element-5c7fb55 e-con-full bg-section v2 e-flex e-con e-child\" data-id=\"5c7fb55\" data-element_type=\"container\" data-e-type=\"container\" data-settings=\"{&quot;background_background&quot;:&quot;classic&quot;}\">\n\t\t<div class=\"elementor-element elementor-element-0619301 e-con-full e-flex e-con e-child\" data-id=\"0619301\" data-element_type=\"container\" data-e-type=\"container\">\n\t\t\t\t<div class=\"elementor-element elementor-element-a1de9ff at-heading-animation at-animation-heading-style-3 elementor-widget elementor-widget-heading\" data-id=\"a1de9ff\" data-element_type=\"widget\" data-e-type=\"widget\" data-settings=\"{&quot;ekit_we_effect_on&quot;:&quot;none&quot;}\" data-widget_type=\"heading.default\">\n\t\t\t\t<div class=\"elementor-widget-container\">\n\t\t\t\t\t<h6 class=\"elementor-heading-title elementor-size-default\">Comment se d\u00e9roule la pose d'une proth\u00e8se faciale ?\n<\/h6>\t\t\t\t<\/div>\n\t\t\t\t<\/div>\n\t\t\t\t<div class=\"elementor-element elementor-element-45908dc elementor-invisible elementor-widget elementor-widget-text-editor\" data-id=\"45908dc\" data-element_type=\"widget\" data-e-type=\"widget\" data-settings=\"{&quot;_animation&quot;:&quot;fadeInUp&quot;,&quot;ekit_we_effect_on&quot;:&quot;none&quot;}\" data-widget_type=\"text-editor.default\">\n\t\t\t\t<div class=\"elementor-widget-container\">\n\t\t\t\t\t\t\t\t\t<p>La pose chirurgicale des proth\u00e8ses faciales varie selon la zone concern\u00e9e. Elles peuvent \u00eatre pos\u00e9es \u00e0 travers de petites incisions dans la bouche ou sous la m\u00e2choire. Les proth\u00e8ses en silicone sont plac\u00e9es directement, mais les proth\u00e8ses en poly\u00e9thyl\u00e8ne sont g\u00e9n\u00e9ralement fix\u00e9es \u00e0 l&rsquo;os \u00e0 l&rsquo;aide de vis. L&rsquo;op\u00e9ration peut \u00eatre r\u00e9alis\u00e9e sous anesth\u00e9sie locale ou g\u00e9n\u00e9rale, en fonction de l&rsquo;ampleur de l&rsquo;intervention, du choix du patient et du chirurgien. Ainsi, le patient ne ressent aucune douleur pendant l&rsquo;op\u00e9ration. L&rsquo;intervention dure en moyenne 1 heure.     <\/p>\t\t\t\t\t\t\t\t<\/div>\n\t\t\t\t<\/div>\n\t\t\t\t<\/div>\n\t\t\t\t<\/div>\n\t\t<div class=\"elementor-element elementor-element-fbf5803 e-con-full bg-section v2 e-flex e-con e-child\" data-id=\"fbf5803\" data-element_type=\"container\" data-e-type=\"container\" data-settings=\"{&quot;background_background&quot;:&quot;classic&quot;}\">\n\t\t<div class=\"elementor-element elementor-element-218de01 e-con-full e-flex e-con e-child\" data-id=\"218de01\" data-element_type=\"container\" data-e-type=\"container\">\n\t\t\t\t<div class=\"elementor-element elementor-element-8828d4a at-heading-animation at-animation-heading-style-3 elementor-widget elementor-widget-heading\" data-id=\"8828d4a\" data-element_type=\"widget\" data-e-type=\"widget\" data-settings=\"{&quot;ekit_we_effect_on&quot;:&quot;none&quot;}\" data-widget_type=\"heading.default\">\n\t\t\t\t<div class=\"elementor-widget-container\">\n\t\t\t\t\t<h6 class=\"elementor-heading-title elementor-size-default\">Comment se pr\u00e9parer \u00e0 une op\u00e9ration de proth\u00e8se faciale ?\n<\/h6>\t\t\t\t<\/div>\n\t\t\t\t<\/div>\n\t\t\t\t<div class=\"elementor-element elementor-element-a13b001 elementor-invisible elementor-widget elementor-widget-text-editor\" data-id=\"a13b001\" data-element_type=\"widget\" data-e-type=\"widget\" data-settings=\"{&quot;_animation&quot;:&quot;fadeInUp&quot;,&quot;ekit_we_effect_on&quot;:&quot;none&quot;}\" data-widget_type=\"text-editor.default\">\n\t\t\t\t<div class=\"elementor-widget-container\">\n\t\t\t\t\t\t\t\t\t<p><a href=\"http:\/\/guncelozturk.prdioweb.com\/fr\/lifting-du-visage\/\" target=\"_blank\" rel=\"noopener\">Il est recommand\u00e9 d&rsquo;arr\u00eater<\/a> de fumer trois semaines avant une op\u00e9ration esth\u00e9tique du visage. Les m\u00e9dicaments anticoagulants ne doivent pas \u00eatre pris au cours de la semaine pr\u00e9c\u00e9dant l&rsquo;op\u00e9ration. La veille de l&rsquo;op\u00e9ration, il est interdit de manger ou de boire apr\u00e8s minuit. Si vous prenez r\u00e9guli\u00e8rement des m\u00e9dicaments, vous devez en informer votre m\u00e9decin. De m\u00eame, si vous souffrez d&rsquo;autres probl\u00e8mes de sant\u00e9 tels que le diab\u00e8te, vous devez en informer votre m\u00e9decin.    <\/p>\t\t\t\t\t\t\t\t<\/div>\n\t\t\t\t<\/div>\n\t\t\t\t<\/div>\n\t\t\t\t<\/div>\n\t\t<div class=\"elementor-element elementor-element-4180f37 e-con-full bg-section v2 e-flex e-con e-child\" data-id=\"4180f37\" data-element_type=\"container\" data-e-type=\"container\" data-settings=\"{&quot;background_background&quot;:&quot;classic&quot;}\">\n\t\t<div class=\"elementor-element elementor-element-a1df82b e-con-full e-flex e-con e-child\" data-id=\"a1df82b\" data-element_type=\"container\" data-e-type=\"container\">\n\t\t\t\t<div class=\"elementor-element elementor-element-64e90f0 at-heading-animation at-animation-heading-style-3 elementor-widget elementor-widget-heading\" data-id=\"64e90f0\" data-element_type=\"widget\" data-e-type=\"widget\" data-settings=\"{&quot;ekit_we_effect_on&quot;:&quot;none&quot;}\" data-widget_type=\"heading.default\">\n\t\t\t\t<div class=\"elementor-widget-container\">\n\t\t\t\t\t<h6 class=\"elementor-heading-title elementor-size-default\">\u00c0 quoi faut-il faire attention apr\u00e8s une proth\u00e8se faciale ?\n<\/h6>\t\t\t\t<\/div>\n\t\t\t\t<\/div>\n\t\t\t\t<div class=\"elementor-element elementor-element-6884755 elementor-invisible elementor-widget elementor-widget-text-editor\" data-id=\"6884755\" data-element_type=\"widget\" data-e-type=\"widget\" data-settings=\"{&quot;_animation&quot;:&quot;fadeInUp&quot;,&quot;ekit_we_effect_on&quot;:&quot;none&quot;}\" data-widget_type=\"text-editor.default\">\n\t\t\t\t<div class=\"elementor-widget-container\">\n\t\t\t\t\t\t\t\t\t<section class=\"l-section height_auto\"><div class=\"l-section-h i-cf\"><p>Apr\u00e8s l&rsquo;op\u00e9ration, un l\u00e9ger \u0153d\u00e8me peut appara\u00eetre dans la zone o\u00f9 la proth\u00e8se a \u00e9t\u00e9 pos\u00e9e. Le lendemain, une l\u00e9g\u00e8re douleur peut \u00eatre ressentie. Ces douleurs peuvent \u00eatre soulag\u00e9es \u00e0 l&rsquo;aide d&rsquo;analg\u00e9siques l\u00e9gers. Le patient peut reprendre sa vie quotidienne apr\u00e8s quelques jours de repos. Une p\u00e9riode de convalescence d&rsquo;une \u00e0 deux semaines peut \u00eatre n\u00e9cessaire pour que la proth\u00e8se prenne sa forme d\u00e9finitive.    <\/p><\/div><\/section><section class=\"l-section height_auto for_comments\"><div class=\"l-section-h i-cf\"><div id=\"comments\" class=\"comments-area\"><div id=\"wpd-post-rating\" class=\"wpd-not-rated\"><div class=\"wpd-rating-wrap\"> <\/div><\/div><\/div><\/div><\/section>\t\t\t\t\t\t\t\t<\/div>\n\t\t\t\t<\/div>\n\t\t\t\t<\/div>\n\t\t\t\t<\/div>\n\t\t\t\t\t<\/div>\n\t\t\t\t<\/div>\n\t\t\t\t<\/div>\n\t\t","protected":false},"excerpt":{"rendered":"<p>La facilit\u00e9 avec laquelle il est d\u00e9sormais possible de prendre des photos [&hellip;]<\/p>\n","protected":false},"author":1,"featured_media":27917,"comment_status":"open","ping_status":"closed","sticky":false,"template":"","format":"standard","meta":{"footnotes":""},"categories":[74,78],"tags":[],"class_list":["post-22614","post","type-post","status-publish","format-standard","has-post-thumbnail","hentry","category-articles-fr","category-esthetique-du-visage"],"_links":{"self":[{"href":"https:\/\/www.guncelozturk.com\/fr\/wp-json\/wp\/v2\/posts\/22614","targetHints":{"allow":["GET"]}}],"collection":[{"href":"https:\/\/www.guncelozturk.com\/fr\/wp-json\/wp\/v2\/posts"}],"about":[{"href":"https:\/\/www.guncelozturk.com\/fr\/wp-json\/wp\/v2\/types\/post"}],"author":[{"embeddable":true,"href":"https:\/\/www.guncelozturk.com\/fr\/wp-json\/wp\/v2\/users\/1"}],"replies":[{"embeddable":true,"href":"https:\/\/www.guncelozturk.com\/fr\/wp-json\/wp\/v2\/comments?post=22614"}],"version-history":[{"count":2,"href":"https:\/\/www.guncelozturk.com\/fr\/wp-json\/wp\/v2\/posts\/22614\/revisions"}],"predecessor-version":[{"id":27995,"href":"https:\/\/www.guncelozturk.com\/fr\/wp-json\/wp\/v2\/posts\/22614\/revisions\/27995"}],"wp:featuredmedia":[{"embeddable":true,"href":"https:\/\/www.guncelozturk.com\/fr\/wp-json\/wp\/v2\/media\/27917"}],"wp:attachment":[{"href":"https:\/\/www.guncelozturk.com\/fr\/wp-json\/wp\/v2\/media?parent=22614"}],"wp:term":[{"taxonomy":"category","embeddable":true,"href":"https:\/\/www.guncelozturk.com\/fr\/wp-json\/wp\/v2\/categories?post=22614"},{"taxonomy":"post_tag","embeddable":true,"href":"https:\/\/www.guncelozturk.com\/fr\/wp-json\/wp\/v2\/tags?post=22614"}],"curies":[{"name":"wp","href":"https:\/\/api.w.org\/{rel}","templated":true}]}}