{"id":23650,"date":"2025-03-29T16:00:50","date_gmt":"2025-03-29T16:00:50","guid":{"rendered":"http:\/\/guncelozturk.prdioweb.com\/non-categorise\/criteres-de-conception-des-levres-adaptes-a-lage\/"},"modified":"2025-08-20T17:52:48","modified_gmt":"2025-08-20T17:52:48","slug":"criteres-de-conception-des-levres-adaptes-a-lage","status":"publish","type":"post","link":"https:\/\/www.guncelozturk.com\/fr\/criteres-de-conception-des-levres-adaptes-a-lage\/","title":{"rendered":"Crit\u00e8res de conception des l\u00e8vres adapt\u00e9s \u00e0 l&rsquo;\u00e2ge"},"content":{"rendered":"\t\t<div data-elementor-type=\"wp-post\" data-elementor-id=\"23650\" class=\"elementor elementor-23650 elementor-14522\" data-elementor-post-type=\"post\">\n\t\t\t\t<div class=\"elementor-element elementor-element-62269e9 e-flex e-con-boxed e-con e-parent\" data-id=\"62269e9\" data-element_type=\"container\" data-e-type=\"container\">\n\t\t\t\t\t<div class=\"e-con-inner\">\n\t\t<div class=\"elementor-element elementor-element-9305bf6 e-con-full bg-section v2 e-flex e-con e-child\" data-id=\"9305bf6\" data-element_type=\"container\" data-e-type=\"container\" data-settings=\"{&quot;background_background&quot;:&quot;classic&quot;}\">\n\t\t<div class=\"elementor-element elementor-element-da222db e-con-full e-flex e-con e-child\" data-id=\"da222db\" data-element_type=\"container\" data-e-type=\"container\">\n\t\t\t\t<div class=\"elementor-element elementor-element-ea145f4 elementor-invisible elementor-widget elementor-widget-text-editor\" data-id=\"ea145f4\" data-element_type=\"widget\" data-e-type=\"widget\" data-settings=\"{&quot;_animation&quot;:&quot;fadeInUp&quot;,&quot;ekit_we_effect_on&quot;:&quot;none&quot;}\" data-widget_type=\"text-editor.default\">\n\t\t\t\t<div class=\"elementor-widget-container\">\n\t\t\t\t\t\t\t\t\t<p class=\"\" data-start=\"97\" data-end=\"553\"><a href=\"https:\/\/www.guncelozturk.com\/yuz-estetik-sanati\/dolgu\/\">Les l\u00e8vres<\/a> sont l&rsquo;un des \u00e9l\u00e9ments les plus remarquables de l&rsquo;esth\u00e9tique du visage. Avec leur expression aussi forte qu&rsquo;un regard, les l\u00e8vres peuvent influencer consid\u00e9rablement l&rsquo;expression du visage et l&rsquo;apparence g\u00e9n\u00e9rale. Le comblement des l\u00e8vres est une m\u00e9thode efficace utilis\u00e9e pour compenser la perte de volume li\u00e9e \u00e0 l&rsquo;\u00e2ge, \u00e9quilibrer l&rsquo;asym\u00e9trie naturelle ou cr\u00e9er une structure labiale plus prononc\u00e9e et plus jeune. Cependant, les besoins varient selon les tranches d&rsquo;\u00e2ge et la technique de comblement doit \u00eatre adapt\u00e9e en cons\u00e9quence.   <\/p>\t\t\t\t\t\t\t\t<\/div>\n\t\t\t\t<\/div>\n\t\t<div class=\"elementor-element elementor-element-a99157c e-con-full e-flex e-con e-child\" data-id=\"a99157c\" data-element_type=\"container\" data-e-type=\"container\" data-settings=\"{&quot;background_background&quot;:&quot;classic&quot;}\">\n\t\t\t\t<div class=\"elementor-element elementor-element-05276e8 at-image-animation at-animation-image-none elementor-widget elementor-widget-image\" data-id=\"05276e8\" data-element_type=\"widget\" data-e-type=\"widget\" data-settings=\"{&quot;ekit_we_effect_on&quot;:&quot;none&quot;}\" data-widget_type=\"image.default\">\n\t\t\t\t<div class=\"elementor-widget-container\">\n\t\t\t\t\t\t\t\t\t\t\t\t\t\t\t<img fetchpriority=\"high\" decoding=\"async\" width=\"800\" height=\"192\" src=\"https:\/\/www.guncelozturk.com\/wp-content\/uploads\/2025\/03\/dudak-1024x246-1.webp\" class=\"attachment-large size-large wp-image-23651\" alt=\"\" srcset=\"https:\/\/www.guncelozturk.com\/wp-content\/uploads\/2025\/03\/dudak-1024x246-1.webp 1024w, https:\/\/www.guncelozturk.com\/wp-content\/uploads\/2025\/03\/dudak-1024x246-1-300x72.webp 300w, https:\/\/www.guncelozturk.com\/wp-content\/uploads\/2025\/03\/dudak-1024x246-1-768x185.webp 768w\" sizes=\"(max-width: 800px) 100vw, 800px\" title=\"\">\t\t\t\t\t\t\t\t\t\t\t\t\t\t\t<\/div>\n\t\t\t\t<\/div>\n\t\t\t\t<\/div>\n\t\t\t\t<\/div>\n\t\t\t\t<\/div>\n\t\t<div class=\"elementor-element elementor-element-ea36163 e-con-full bg-section v2 e-flex e-con e-child\" data-id=\"ea36163\" data-element_type=\"container\" data-e-type=\"container\" data-settings=\"{&quot;background_background&quot;:&quot;classic&quot;}\">\n\t\t<div class=\"elementor-element elementor-element-cd27448 e-con-full e-flex e-con e-child\" data-id=\"cd27448\" data-element_type=\"container\" data-e-type=\"container\">\n\t\t\t\t<div class=\"elementor-element elementor-element-1b0b9c7 at-heading-animation at-animation-heading-style-3 elementor-widget elementor-widget-heading\" data-id=\"1b0b9c7\" data-element_type=\"widget\" data-e-type=\"widget\" data-settings=\"{&quot;ekit_we_effect_on&quot;:&quot;none&quot;}\" data-widget_type=\"heading.default\">\n\t\t\t\t<div class=\"elementor-widget-container\">\n\t\t\t\t\t<h3 class=\"elementor-heading-title elementor-size-default\">Esth\u00e9tique des l\u00e8vres chez les jeunes adultes : un aspect naturel et harmonieux\n<\/h3>\t\t\t\t<\/div>\n\t\t\t\t<\/div>\n\t\t\t\t<div class=\"elementor-element elementor-element-3cdd8dd elementor-invisible elementor-widget elementor-widget-text-editor\" data-id=\"3cdd8dd\" data-element_type=\"widget\" data-e-type=\"widget\" data-settings=\"{&quot;_animation&quot;:&quot;fadeInUp&quot;,&quot;ekit_we_effect_on&quot;:&quot;none&quot;}\" data-widget_type=\"text-editor.default\">\n\t\t\t\t<div class=\"elementor-widget-container\">\n\t\t\t\t\t\t\t\t\t<p class=\"\" data-start=\"624\" data-end=\"991\">Chez les jeunes, le comblement des l\u00e8vres est g\u00e9n\u00e9ralement utilis\u00e9 pour corriger une asym\u00e9trie naturelle, rendre des l\u00e8vres tr\u00e8s fines plus pulpeuses ou leur donner une forme plus prononc\u00e9e. Les formes de l\u00e8vres les plus rec<strong data-start=\"849\" data-end=\"890\">herch\u00e9es dans cette tranche <\/strong>d&rsquo;\u00e2ge sont g\u00e9n\u00e9ralement les l\u00e8vres de type V\u00e9nus et Aphrodite. Un comblement l\u00e9ger et naturel permet d&rsquo;obtenir des l\u00e8vres sym\u00e9triques et s\u00e9duisantes.  <\/p>\t\t\t\t\t\t\t\t<\/div>\n\t\t\t\t<\/div>\n\t\t\t\t<\/div>\n\t\t\t\t<\/div>\n\t\t<div class=\"elementor-element elementor-element-c1d35b7 e-con-full bg-section v2 e-flex e-con e-child\" data-id=\"c1d35b7\" data-element_type=\"container\" data-e-type=\"container\" data-settings=\"{&quot;background_background&quot;:&quot;classic&quot;}\">\n\t\t<div class=\"elementor-element elementor-element-7049b32 e-con-full e-flex e-con e-child\" data-id=\"7049b32\" data-element_type=\"container\" data-e-type=\"container\">\n\t\t\t\t<div class=\"elementor-element elementor-element-1172b74 at-heading-animation at-animation-heading-style-3 elementor-widget elementor-widget-heading\" data-id=\"1172b74\" data-element_type=\"widget\" data-e-type=\"widget\" data-settings=\"{&quot;ekit_we_effect_on&quot;:&quot;none&quot;}\" data-widget_type=\"heading.default\">\n\t\t\t\t<div class=\"elementor-widget-container\">\n\t\t\t\t\t<h3 class=\"elementor-heading-title elementor-size-default\">Conception des l\u00e8vres chez les trentenaires : pr\u00e9server la jeunesse gr\u00e2ce \u00e0 des touches subtiles\n<\/h3>\t\t\t\t<\/div>\n\t\t\t\t<\/div>\n\t\t\t\t<div class=\"elementor-element elementor-element-d2cf5b6 elementor-invisible elementor-widget elementor-widget-text-editor\" data-id=\"d2cf5b6\" data-element_type=\"widget\" data-e-type=\"widget\" data-settings=\"{&quot;_animation&quot;:&quot;fadeInUp&quot;,&quot;ekit_we_effect_on&quot;:&quot;none&quot;}\" data-widget_type=\"text-editor.default\">\n\t\t\t\t<div class=\"elementor-widget-container\">\n\t\t\t\t\t\t\t\t\t<p class=\"\" data-start=\"1067\" data-end=\"1625\">Au cours de<strong data-start=\"1084\" data-end=\"1112\"> cette p\u00e9riode, la peau devient<\/strong> moins \u00e9lastique en raison de la perte de collag\u00e8ne et d&rsquo;\u00e9lastine. Les effets nocifs du soleil et les facteurs environnementaux peuvent \u00e9galement entra\u00eener l&rsquo;apparition de fines rides autour des l\u00e8vres. \u00c0 partir de la trentaine, le comblement des l\u00e8vres doit \u00eatre utilis\u00e9 non seulement pour redonner du volume, mais aussi pour att\u00e9nuer ces fines rides et soutenir la peau autour des l\u00e8vres. Il est possible d&rsquo;obtenir une apparence plus jeune et plus fra\u00eeche avec des retouches minimes tout en conservant un aspect naturel. \u00c0 ce stade, il est important que le sp\u00e9cialiste qui r\u00e9alise l&rsquo;intervention adopte une approche minimale et personnalis\u00e9e.    <\/p>\t\t\t\t\t\t\t\t<\/div>\n\t\t\t\t<\/div>\n\t\t\t\t<\/div>\n\t\t\t\t<\/div>\n\t\t<div class=\"elementor-element elementor-element-57f96f6 e-con-full bg-section v2 e-flex e-con e-child\" data-id=\"57f96f6\" data-element_type=\"container\" data-e-type=\"container\" data-settings=\"{&quot;background_background&quot;:&quot;classic&quot;}\">\n\t\t<div class=\"elementor-element elementor-element-d9798f7 e-con-full e-flex e-con e-child\" data-id=\"d9798f7\" data-element_type=\"container\" data-e-type=\"container\">\n\t\t\t\t<div class=\"elementor-element elementor-element-a97b584 at-heading-animation at-animation-heading-style-3 elementor-widget elementor-widget-heading\" data-id=\"a97b584\" data-element_type=\"widget\" data-e-type=\"widget\" data-settings=\"{&quot;ekit_we_effect_on&quot;:&quot;none&quot;}\" data-widget_type=\"heading.default\">\n\t\t\t\t<div class=\"elementor-widget-container\">\n\t\t\t\t\t<h3 class=\"elementor-heading-title elementor-size-default\">Esth\u00e9tique des l\u00e8vres chez les personnes dans la quarantaine : retrouver l'effet jeunesse\n<\/h3>\t\t\t\t<\/div>\n\t\t\t\t<\/div>\n\t\t\t\t<div class=\"elementor-element elementor-element-d81ad35 elementor-invisible elementor-widget elementor-widget-text-editor\" data-id=\"d81ad35\" data-element_type=\"widget\" data-e-type=\"widget\" data-settings=\"{&quot;_animation&quot;:&quot;fadeInUp&quot;,&quot;ekit_we_effect_on&quot;:&quot;none&quot;}\" data-widget_type=\"text-editor.default\">\n\t\t\t\t<div class=\"elementor-widget-container\">\n\t\t\t\t\t\t\t\t\t<p class=\"\" data-start=\"1698\" data-end=\"2238\"><strong data-start=\"1778\" data-end=\"1819\">Avec l&rsquo;\u00e2ge, la s\u00e9cheresse, l&rsquo;a<\/strong>mincissement et la perte de volume des l\u00e8vres deviennent plus visibles. Les rides nasolabiales (rides du sourire) peuvent s&rsquo;accentuer, cr\u00e9ant une inclinaison vers le bas au niveau des coins des l\u00e8vres, ce qui peut donner au visage un aspect plus fatigu\u00e9 et triste. Le comblement des l\u00e8vres effectu\u00e9 \u00e0 partir de la quarantaine permet de redonner aux l\u00e8vres leur forme d&rsquo;origine, tout en accentuant leur contour et en att\u00e9nuant les ridules qui les entourent. \u00c0 cet \u00e2ge, le remodelage des l\u00e8vres ne doit pas seulement viser \u00e0 leur redonner du volume, mais aussi \u00e0 rajeunir l&rsquo;apparence g\u00e9n\u00e9rale du visage.  <\/p>\t\t\t\t\t\t\t\t<\/div>\n\t\t\t\t<\/div>\n\t\t\t\t<\/div>\n\t\t\t\t<\/div>\n\t\t<div class=\"elementor-element elementor-element-ccf74e9 e-con-full bg-section v2 e-flex e-con e-child\" data-id=\"ccf74e9\" data-element_type=\"container\" data-e-type=\"container\" data-settings=\"{&quot;background_background&quot;:&quot;classic&quot;}\">\n\t\t<div class=\"elementor-element elementor-element-4e7a496 e-con-full e-flex e-con e-child\" data-id=\"4e7a496\" data-element_type=\"container\" data-e-type=\"container\">\n\t\t\t\t<div class=\"elementor-element elementor-element-002db10 at-heading-animation at-animation-heading-style-3 elementor-widget elementor-widget-heading\" data-id=\"002db10\" data-element_type=\"widget\" data-e-type=\"widget\" data-settings=\"{&quot;ekit_we_effect_on&quot;:&quot;none&quot;}\" data-widget_type=\"heading.default\">\n\t\t\t\t<div class=\"elementor-widget-container\">\n\t\t\t\t\t<h3 class=\"elementor-heading-title elementor-size-default\">Conception des l\u00e8vres chez les personnes \u00e2g\u00e9es de 50 ans : soutien structurel et gain de volume\n<\/h3>\t\t\t\t<\/div>\n\t\t\t\t<\/div>\n\t\t\t\t<div class=\"elementor-element elementor-element-5a95ae2 elementor-invisible elementor-widget elementor-widget-text-editor\" data-id=\"5a95ae2\" data-element_type=\"widget\" data-e-type=\"widget\" data-settings=\"{&quot;_animation&quot;:&quot;fadeInUp&quot;,&quot;ekit_we_effect_on&quot;:&quot;none&quot;}\" data-widget_type=\"text-editor.default\">\n\t\t\t\t<div class=\"elementor-widget-container\">\n\t\t\t\t\t\t\t\t\t<p class=\"\" data-start=\"2313\" data-end=\"2888\">\u00c0 partir de la cinquantaine, des changements importants se produisent au niveau des l\u00e8vres et de leur pourtour. La <strong data-start=\"2392\" data-end=\"2422\">diminution de l&rsquo;\u00e9lasticit\u00e9 de la peau<\/strong>, l&rsquo;apparition d&rsquo;un affaissement dans la zone m\u00e9diane du visage et l&rsquo;allongement de la distance entre le nez et les l\u00e8vres peuvent donner l&rsquo;impression que les l\u00e8vres sont plus minces et tombantes. Dans ce processus, l&rsquo;augmentation des l\u00e8vres n&rsquo;ajoute pas seulement du volume aux l\u00e8vres, mais contribue \u00e9galement \u00e0 maintenir l&rsquo;\u00e9quilibre esth\u00e9tique g\u00e9n\u00e9ral du visage. La courbe caract\u00e9ristique de la l\u00e8vre sup\u00e9rieure, connue sous le nom d&rsquo;<strong data-start=\"2721\" data-end=\"2735\">arc de Cupidon<\/strong>, peut \u00eatre soulign\u00e9e et les structures autour des l\u00e8vres peuvent \u00eatre soutenues pour donner une apparence plus jeune. <\/p>\t\t\t\t\t\t\t\t<\/div>\n\t\t\t\t<\/div>\n\t\t\t\t<\/div>\n\t\t\t\t<\/div>\n\t\t<div class=\"elementor-element elementor-element-8fd36c9 e-con-full bg-section v2 e-flex e-con e-child\" data-id=\"8fd36c9\" data-element_type=\"container\" data-e-type=\"container\" data-settings=\"{&quot;background_background&quot;:&quot;classic&quot;}\">\n\t\t<div class=\"elementor-element elementor-element-a17e506 e-con-full e-flex e-con e-child\" data-id=\"a17e506\" data-element_type=\"container\" data-e-type=\"container\">\n\t\t\t\t<div class=\"elementor-element elementor-element-10ec2a7 at-heading-animation at-animation-heading-style-3 elementor-widget elementor-widget-heading\" data-id=\"10ec2a7\" data-element_type=\"widget\" data-e-type=\"widget\" data-settings=\"{&quot;ekit_we_effect_on&quot;:&quot;none&quot;}\" data-widget_type=\"heading.default\">\n\t\t\t\t<div class=\"elementor-widget-container\">\n\t\t\t\t\t<h3 class=\"elementor-heading-title elementor-size-default\">60 ans et plus : rajeunir tout en conservant son naturel\n<\/h3>\t\t\t\t<\/div>\n\t\t\t\t<\/div>\n\t\t\t\t<div class=\"elementor-element elementor-element-eb046ab elementor-invisible elementor-widget elementor-widget-text-editor\" data-id=\"eb046ab\" data-element_type=\"widget\" data-e-type=\"widget\" data-settings=\"{&quot;_animation&quot;:&quot;fadeInUp&quot;,&quot;ekit_we_effect_on&quot;:&quot;none&quot;}\" data-widget_type=\"text-editor.default\">\n\t\t\t\t<div class=\"elementor-widget-container\">\n\t\t\t\t\t\t\t\t\t<p class=\"\" data-start=\"2953\" data-end=\"3496\">Dans cette tranche d&rsquo;\u00e2ge, les produits de comblement des l\u00e8vres doivent \u00eatre appliqu\u00e9s non seulement pour modeler les l\u00e8vres, mais aussi pour <strong data-start=\"3030\" data-end=\"3117\">soutenir les structures autour de la bouche et \u00e9liminer l&rsquo;aspect fatigu\u00e9 de l&rsquo;expression faciale<\/strong>. \u00c9tant donn\u00e9 que la perte de volume devient \u00e9vidente, les produits de comblement doivent \u00eatre soigneusement planifi\u00e9s et ne doivent pas \u00eatre exag\u00e9r\u00e9s. La <strong data-start=\"3250\" data-end=\"3276\">pr\u00e9servation de l&rsquo;aspect naturel<\/strong> est l&rsquo;un des crit\u00e8res les plus importants pour restaurer la forme jeune des l\u00e8vres. Par cons\u00e9quent, sous la direction d&rsquo;un chirurgien plasticien expert, il convient de privil\u00e9gier des applications minimales adapt\u00e9es \u00e0 l&rsquo;anatomie du visage.  <\/p>\t\t\t\t\t\t\t\t<\/div>\n\t\t\t\t<\/div>\n\t\t\t\t<\/div>\n\t\t\t\t<\/div>\n\t\t<div class=\"elementor-element elementor-element-05d4003 e-con-full bg-section v2 e-flex e-con e-child\" data-id=\"05d4003\" data-element_type=\"container\" data-e-type=\"container\" data-settings=\"{&quot;background_background&quot;:&quot;classic&quot;}\">\n\t\t<div class=\"elementor-element elementor-element-96e542c e-con-full e-flex e-con e-child\" data-id=\"96e542c\" data-element_type=\"container\" data-e-type=\"container\">\n\t\t\t\t<div class=\"elementor-element elementor-element-51a8ed8 at-heading-animation at-animation-heading-style-3 elementor-widget elementor-widget-heading\" data-id=\"51a8ed8\" data-element_type=\"widget\" data-e-type=\"widget\" data-settings=\"{&quot;ekit_we_effect_on&quot;:&quot;none&quot;}\" data-widget_type=\"heading.default\">\n\t\t\t\t<div class=\"elementor-widget-container\">\n\t\t\t\t\t<h3 class=\"elementor-heading-title elementor-size-default\">R\u00e9sultat : une esth\u00e9tique adapt\u00e9e \u00e0 l'\u00e2ge gr\u00e2ce \u00e0 des touches judicieuses\n<\/h3>\t\t\t\t<\/div>\n\t\t\t\t<\/div>\n\t\t\t\t<div class=\"elementor-element elementor-element-3e044bf elementor-invisible elementor-widget elementor-widget-text-editor\" data-id=\"3e044bf\" data-element_type=\"widget\" data-e-type=\"widget\" data-settings=\"{&quot;_animation&quot;:&quot;fadeInUp&quot;,&quot;ekit_we_effect_on&quot;:&quot;none&quot;}\" data-widget_type=\"text-editor.default\">\n\t\t\t\t<div class=\"elementor-widget-container\">\n\t\t\t\t\t\t\t\t\t<section class=\"l-section height_auto\"><div class=\"l-section-h i-cf\"><p class=\"\" data-start=\"3552\" data-end=\"4208\">Chaque \u00e2ge a ses propres caract\u00e9ristiques en mati\u00e8re de structure des l\u00e8vres et d&rsquo;exigences esth\u00e9tiques. Les interventions r\u00e9alis\u00e9es chez les jeunes se concentrent g\u00e9n\u00e9ralement sur le modelage, tandis que chez les personnes plus \u00e2g\u00e9es, la pr\u00e9servation et le rajeunissement de la forme des l\u00e8vres doivent \u00eatre prioritaires. Pour obtenir les meilleurs r\u00e9sultats, le sp\u00e9cialiste qui r\u00e9alise l&rsquo;intervention doit bien analyser l&rsquo;anatomie du visage et intervenir sans alt\u00e9rer la structure naturelle du patient. Il est important de garder \u00e0 l&rsquo;esprit que l&rsquo;utilisation excessiv<strong data-start=\"3964\" data-end=\"4070\">e de produits de comblement peut alt\u00e9rer l&rsquo;esth\u00e9tique du visage et cr\u00e9er un aspect peu naturel<\/strong>. C&rsquo;est pourquoi les interventions de comblement des l\u00e8vres r\u00e9alis\u00e9es avec des touches subtiles et adapt\u00e9es \u00e0 la structure du visage peuvent offrir une beaut\u00e9 et une \u00e9l\u00e9gance intemporelles.    <\/p><\/div><\/section><section class=\"l-section height_auto for_comments\"><div class=\"l-section-h i-cf\"><div class=\"wpdiscuz_top_clearing\"> <\/div><div id=\"comments\" class=\"comments-area\"><div id=\"respond\"> <\/div><div id=\"wpd-post-rating\" class=\"wpd-not-rated\"><div class=\"wpd-rating-wrap\"> <\/div><\/div><\/div><\/div><\/section>\t\t\t\t\t\t\t\t<\/div>\n\t\t\t\t<\/div>\n\t\t\t\t<\/div>\n\t\t\t\t<\/div>\n\t\t\t\t\t<\/div>\n\t\t\t\t<\/div>\n\t\t\t\t<\/div>\n\t\t","protected":false},"excerpt":{"rendered":"<p>Les l\u00e8vres sont l&rsquo;un des \u00e9l\u00e9ments les plus remarquables de l&rsquo;esth\u00e9tique du [&hellip;]<\/p>\n","protected":false},"author":1,"featured_media":27529,"comment_status":"open","ping_status":"closed","sticky":false,"template":"","format":"standard","meta":{"footnotes":""},"categories":[74,73],"tags":[],"class_list":["post-23650","post","type-post","status-publish","format-standard","has-post-thumbnail","hentry","category-articles-fr","category-procedures-sans-chirurgie"],"_links":{"self":[{"href":"https:\/\/www.guncelozturk.com\/fr\/wp-json\/wp\/v2\/posts\/23650","targetHints":{"allow":["GET"]}}],"collection":[{"href":"https:\/\/www.guncelozturk.com\/fr\/wp-json\/wp\/v2\/posts"}],"about":[{"href":"https:\/\/www.guncelozturk.com\/fr\/wp-json\/wp\/v2\/types\/post"}],"author":[{"embeddable":true,"href":"https:\/\/www.guncelozturk.com\/fr\/wp-json\/wp\/v2\/users\/1"}],"replies":[{"embeddable":true,"href":"https:\/\/www.guncelozturk.com\/fr\/wp-json\/wp\/v2\/comments?post=23650"}],"version-history":[{"count":1,"href":"https:\/\/www.guncelozturk.com\/fr\/wp-json\/wp\/v2\/posts\/23650\/revisions"}],"predecessor-version":[{"id":23652,"href":"https:\/\/www.guncelozturk.com\/fr\/wp-json\/wp\/v2\/posts\/23650\/revisions\/23652"}],"wp:featuredmedia":[{"embeddable":true,"href":"https:\/\/www.guncelozturk.com\/fr\/wp-json\/wp\/v2\/media\/27529"}],"wp:attachment":[{"href":"https:\/\/www.guncelozturk.com\/fr\/wp-json\/wp\/v2\/media?parent=23650"}],"wp:term":[{"taxonomy":"category","embeddable":true,"href":"https:\/\/www.guncelozturk.com\/fr\/wp-json\/wp\/v2\/categories?post=23650"},{"taxonomy":"post_tag","embeddable":true,"href":"https:\/\/www.guncelozturk.com\/fr\/wp-json\/wp\/v2\/tags?post=23650"}],"curies":[{"name":"wp","href":"https:\/\/api.w.org\/{rel}","templated":true}]}}