{"id":23761,"date":"2025-03-25T10:51:24","date_gmt":"2025-03-25T10:51:24","guid":{"rendered":"http:\/\/guncelozturk.prdioweb.com\/non-categorise\/la-chirurgie-esthetique-du-nez-augmente-t-elle-la-dependance-aux-reseaux-sociaux\/"},"modified":"2025-09-12T13:07:05","modified_gmt":"2025-09-12T13:07:05","slug":"la-chirurgie-esthetique-du-nez-augmente-t-elle-la-dependance-aux-reseaux-sociaux","status":"publish","type":"post","link":"https:\/\/www.guncelozturk.com\/fr\/la-chirurgie-esthetique-du-nez-augmente-t-elle-la-dependance-aux-reseaux-sociaux\/","title":{"rendered":"La chirurgie esth\u00e9tique du nez augmente-t-elle la d\u00e9pendance aux r\u00e9seaux sociaux ?"},"content":{"rendered":"\t\t<div data-elementor-type=\"wp-post\" data-elementor-id=\"23761\" class=\"elementor elementor-23761 elementor-14624\" data-elementor-post-type=\"post\">\n\t\t\t\t<div class=\"elementor-element elementor-element-62269e9 e-flex e-con-boxed e-con e-parent\" data-id=\"62269e9\" data-element_type=\"container\" data-e-type=\"container\">\n\t\t\t\t\t<div class=\"e-con-inner\">\n\t\t<div class=\"elementor-element elementor-element-e60f737 e-con-full bg-section v2 e-flex e-con e-child\" data-id=\"e60f737\" data-element_type=\"container\" data-e-type=\"container\" data-settings=\"{&quot;background_background&quot;:&quot;classic&quot;}\">\n\t\t<div class=\"elementor-element elementor-element-08296e3 e-con-full e-flex e-con e-child\" data-id=\"08296e3\" data-element_type=\"container\" data-e-type=\"container\">\n\t\t\t\t<div class=\"elementor-element elementor-element-2795599 elementor-invisible elementor-widget elementor-widget-text-editor\" data-id=\"2795599\" data-element_type=\"widget\" data-e-type=\"widget\" data-settings=\"{&quot;_animation&quot;:&quot;fadeInUp&quot;,&quot;ekit_we_effect_on&quot;:&quot;none&quot;}\" data-widget_type=\"text-editor.default\">\n\t\t\t\t<div class=\"elementor-widget-container\">\n\t\t\t\t\t\t\t\t\t<p>La <a href=\"https:\/\/www.guncelozturk.com\/fr\/esthetique-du-nez\/\">rhinoplastie<\/a> est l&rsquo;une des applications les plus appr\u00e9ci\u00e9es de la chirurgie plastique et joue un r\u00f4le important dans l&rsquo;am\u00e9lioration de la confiance en soi des individus. Cependant, il existe une croyance r\u00e9pandue selon laquelle la rhinoplastie augmente l&rsquo;addiction aux m\u00e9dias sociaux. Nous avons men\u00e9 une recherche pour asseoir cette croyance sur une base scientifique.  <\/p><p>La d\u00e9pendance aux r\u00e9seaux sociaux est aujourd&rsquo;hui un probl\u00e8me mondial. Afin d&rsquo;\u00e9valuer si les personnes ayant subi une rhinoplastie sont plus enclines \u00e0 la d\u00e9pendance aux r\u00e9seaux sociaux, nous avons men\u00e9 une \u00e9tude aupr\u00e8s de 100 personnes ayant subi une rhinoplastie et 102 personnes n&rsquo;envisageant pas d&rsquo;en subir une. Cette \u00e9tude a \u00e9t\u00e9 r\u00e9alis\u00e9e dans une clinique de chirurgie esth\u00e9tique et un h\u00f4pital universitaire.  <\/p>\t\t\t\t\t\t\t\t<\/div>\n\t\t\t\t<\/div>\n\t\t<div class=\"elementor-element elementor-element-a99157c e-con-full e-flex e-con e-child\" data-id=\"a99157c\" data-element_type=\"container\" data-e-type=\"container\" data-settings=\"{&quot;background_background&quot;:&quot;classic&quot;}\">\n\t\t\t\t<div class=\"elementor-element elementor-element-05276e8 at-image-animation at-animation-image-none elementor-widget elementor-widget-image\" data-id=\"05276e8\" data-element_type=\"widget\" data-e-type=\"widget\" data-settings=\"{&quot;ekit_we_effect_on&quot;:&quot;none&quot;}\" data-widget_type=\"image.default\">\n\t\t\t\t<div class=\"elementor-widget-container\">\n\t\t\t\t\t\t\t\t\t\t\t\t\t\t\t<img fetchpriority=\"high\" decoding=\"async\" width=\"457\" height=\"320\" src=\"https:\/\/www.guncelozturk.com\/wp-content\/uploads\/2025\/03\/burun-1.webp\" class=\"attachment-large size-large wp-image-23702\" alt=\"\" srcset=\"https:\/\/www.guncelozturk.com\/wp-content\/uploads\/2025\/03\/burun-1.webp 457w, https:\/\/www.guncelozturk.com\/wp-content\/uploads\/2025\/03\/burun-1-300x210.webp 300w\" sizes=\"(max-width: 457px) 100vw, 457px\" title=\"\">\t\t\t\t\t\t\t\t\t\t\t\t\t\t\t<\/div>\n\t\t\t\t<\/div>\n\t\t\t\t<\/div>\n\t\t\t\t<\/div>\n\t\t\t\t<\/div>\n\t\t<div class=\"elementor-element elementor-element-9305bf6 e-con-full bg-section v2 e-flex e-con e-child\" data-id=\"9305bf6\" data-element_type=\"container\" data-e-type=\"container\" data-settings=\"{&quot;background_background&quot;:&quot;classic&quot;}\">\n\t\t<div class=\"elementor-element elementor-element-da222db e-con-full e-flex e-con e-child\" data-id=\"da222db\" data-element_type=\"container\" data-e-type=\"container\">\n\t\t\t\t<div class=\"elementor-element elementor-element-2c66c78 at-heading-animation at-animation-heading-style-3 elementor-widget elementor-widget-heading\" data-id=\"2c66c78\" data-element_type=\"widget\" data-e-type=\"widget\" data-settings=\"{&quot;ekit_we_effect_on&quot;:&quot;none&quot;}\" data-widget_type=\"heading.default\">\n\t\t\t\t<div class=\"elementor-widget-container\">\n\t\t\t\t\t<h3 class=\"elementor-heading-title elementor-size-default\">Esth\u00e9tique du nez et objectif de la recherche\n<\/h3>\t\t\t\t<\/div>\n\t\t\t\t<\/div>\n\t\t\t\t<div class=\"elementor-element elementor-element-ea145f4 elementor-invisible elementor-widget elementor-widget-text-editor\" data-id=\"ea145f4\" data-element_type=\"widget\" data-e-type=\"widget\" data-settings=\"{&quot;_animation&quot;:&quot;fadeInUp&quot;,&quot;ekit_we_effect_on&quot;:&quot;none&quot;}\" data-widget_type=\"text-editor.default\">\n\t\t\t\t<div class=\"elementor-widget-container\">\n\t\t\t\t\t\t\t\t\tL&rsquo;objectif principal de cette \u00e9tude \u00e9tait d&rsquo;\u00e9valuer les relations entre la confiance en soi, la perception du corps et l&rsquo;utilisation des r\u00e9seaux sociaux chez les personnes ayant subi une chirurgie esth\u00e9tique du nez et celles n&rsquo;ayant pas subi cette intervention. Des donn\u00e9es ont \u00e9t\u00e9 recueillies aupr\u00e8s des participants concernant leur \u00e2ge, leur sexe, leur niveau d&rsquo;\u00e9ducation et leurs habitudes d&rsquo;utilisation des r\u00e9seaux sociaux. \n\n\t\t\t\t\t\t\t\t<\/div>\n\t\t\t\t<\/div>\n\t\t\t\t<\/div>\n\t\t\t\t<\/div>\n\t\t<div class=\"elementor-element elementor-element-ea36163 e-con-full bg-section v2 e-flex e-con e-child\" data-id=\"ea36163\" data-element_type=\"container\" data-e-type=\"container\" data-settings=\"{&quot;background_background&quot;:&quot;classic&quot;}\">\n\t\t<div class=\"elementor-element elementor-element-cd27448 e-con-full e-flex e-con e-child\" data-id=\"cd27448\" data-element_type=\"container\" data-e-type=\"container\">\n\t\t\t\t<div class=\"elementor-element elementor-element-1b0b9c7 at-heading-animation at-animation-heading-style-3 elementor-widget elementor-widget-heading\" data-id=\"1b0b9c7\" data-element_type=\"widget\" data-e-type=\"widget\" data-settings=\"{&quot;ekit_we_effect_on&quot;:&quot;none&quot;}\" data-widget_type=\"heading.default\">\n\t\t\t\t<div class=\"elementor-widget-container\">\n\t\t\t\t\t<h3 class=\"elementor-heading-title elementor-size-default\">R\u00e9sultats et conclusions\n<\/h3>\t\t\t\t<\/div>\n\t\t\t\t<\/div>\n\t\t\t\t<div class=\"elementor-element elementor-element-3cdd8dd elementor-invisible elementor-widget elementor-widget-text-editor\" data-id=\"3cdd8dd\" data-element_type=\"widget\" data-e-type=\"widget\" data-settings=\"{&quot;_animation&quot;:&quot;fadeInUp&quot;,&quot;ekit_we_effect_on&quot;:&quot;none&quot;}\" data-widget_type=\"text-editor.default\">\n\t\t\t\t<div class=\"elementor-widget-container\">\n\t\t\t\t\t\t\t\t\t<p>Selon les r\u00e9sultats de l&rsquo;\u00e9tude, aucune diff\u00e9rence significative n&rsquo;a \u00e9t\u00e9 observ\u00e9e entre les personnes ayant subi une rhinoplastie et celles n&rsquo;ayant pas subi cette intervention en termes de confiance en soi et de perception corporelle. De plus, aucune donn\u00e9e n&rsquo;indique que les personnes ayant subi une rhinoplastie sont plus enclines \u00e0 la d\u00e9pendance aux r\u00e9seaux sociaux. Les niveaux d&rsquo;utilisation des r\u00e9seaux sociaux des deux groupes se sont r\u00e9v\u00e9l\u00e9s tr\u00e8s similaires.  <\/p>\t\t\t\t\t\t\t\t<\/div>\n\t\t\t\t<\/div>\n\t\t\t\t<\/div>\n\t\t\t\t<\/div>\n\t\t<div class=\"elementor-element elementor-element-822960e e-con-full bg-section v2 e-flex e-con e-child\" data-id=\"822960e\" data-element_type=\"container\" data-e-type=\"container\" data-settings=\"{&quot;background_background&quot;:&quot;classic&quot;}\">\n\t\t<div class=\"elementor-element elementor-element-480b3fa e-con-full e-flex e-con e-child\" data-id=\"480b3fa\" data-element_type=\"container\" data-e-type=\"container\">\n\t\t\t\t<div class=\"elementor-element elementor-element-5383e13 at-heading-animation at-animation-heading-style-3 elementor-widget elementor-widget-heading\" data-id=\"5383e13\" data-element_type=\"widget\" data-e-type=\"widget\" data-settings=\"{&quot;ekit_we_effect_on&quot;:&quot;none&quot;}\" data-widget_type=\"heading.default\">\n\t\t\t\t<div class=\"elementor-widget-container\">\n\t\t\t\t\t<h3 class=\"elementor-heading-title elementor-size-default\">Publications scientifiques et \u00e9valuation\n<\/h3>\t\t\t\t<\/div>\n\t\t\t\t<\/div>\n\t\t\t\t<div class=\"elementor-element elementor-element-46a068b elementor-invisible elementor-widget elementor-widget-text-editor\" data-id=\"46a068b\" data-element_type=\"widget\" data-e-type=\"widget\" data-settings=\"{&quot;_animation&quot;:&quot;fadeInUp&quot;,&quot;ekit_we_effect_on&quot;:&quot;none&quot;}\" data-widget_type=\"text-editor.default\">\n\t\t\t\t<div class=\"elementor-widget-container\">\n\t\t\t\t\t\t\t\t\t<p>Cette recherche a \u00e9t\u00e9 publi\u00e9e dans <strong>JAMA Facial Plastic Surgery &amp; Aesthetic<\/strong>, l&rsquo;une des revues m\u00e9dicales les plus prestigieuses au monde, sous le titre<em>\u00ab\u00a0Social Media Addiction Among Individuals Who Underwent Rhinoplasty : Myth or Reality ?\u00a0\u00bb (L&rsquo;addiction aux m\u00e9dias sociaux chez les personnes ayant subi une rhinoplastie : mythe ou r\u00e9alit\u00e9 ?)<\/em>. Cette \u00e9tude scientifique examinant la relation entre la rhinoplastie et l&rsquo;addiction aux m\u00e9dias sociaux est une \u00e9tape importante pour corriger les fausses croyances dans ce domaine. <\/p>\t\t\t\t\t\t\t\t<\/div>\n\t\t\t\t<\/div>\n\t\t\t\t<\/div>\n\t\t\t\t<\/div>\n\t\t<div class=\"elementor-element elementor-element-56693a8 e-con-full bg-section v2 e-flex e-con e-child\" data-id=\"56693a8\" data-element_type=\"container\" data-e-type=\"container\" data-settings=\"{&quot;background_background&quot;:&quot;classic&quot;}\">\n\t\t<div class=\"elementor-element elementor-element-eb1896e e-con-full e-flex e-con e-child\" data-id=\"eb1896e\" data-element_type=\"container\" data-e-type=\"container\">\n\t\t\t\t<div class=\"elementor-element elementor-element-6f254ba at-heading-animation at-animation-heading-style-3 elementor-widget elementor-widget-heading\" data-id=\"6f254ba\" data-element_type=\"widget\" data-e-type=\"widget\" data-settings=\"{&quot;ekit_we_effect_on&quot;:&quot;none&quot;}\" data-widget_type=\"heading.default\">\n\t\t\t\t<div class=\"elementor-widget-container\">\n\t\t\t\t\t<h3 class=\"elementor-heading-title elementor-size-default\">La chirurgie esth\u00e9tique du nez et l'utilisation des r\u00e9seaux sociaux\n<\/h3>\t\t\t\t<\/div>\n\t\t\t\t<\/div>\n\t\t\t\t<div class=\"elementor-element elementor-element-e90726d elementor-invisible elementor-widget elementor-widget-text-editor\" data-id=\"e90726d\" data-element_type=\"widget\" data-e-type=\"widget\" data-settings=\"{&quot;_animation&quot;:&quot;fadeInUp&quot;,&quot;ekit_we_effect_on&quot;:&quot;none&quot;}\" data-widget_type=\"text-editor.default\">\n\t\t\t\t<div class=\"elementor-widget-container\">\n\t\t\t\t\t\t\t\t\t<p>La croyance selon laquelle les personnes ayant subi une rhinoplastie seraient plus enclines \u00e0 la d\u00e9pendance aux r\u00e9seaux sociaux n&rsquo;est pas corrobor\u00e9e par cette \u00e9tude. Les r\u00e9sultats de l&rsquo;\u00e9tude montrent que la rhinoplastie n&rsquo;a pas d&rsquo;effet significatif sur les habitudes d&rsquo;utilisation des r\u00e9seaux sociaux. <\/p>\t\t\t\t\t\t\t\t<\/div>\n\t\t\t\t<\/div>\n\t\t\t\t<\/div>\n\t\t\t\t<\/div>\n\t\t<div class=\"elementor-element elementor-element-0493c06 e-con-full bg-section v2 e-flex e-con e-child\" data-id=\"0493c06\" data-element_type=\"container\" data-e-type=\"container\" data-settings=\"{&quot;background_background&quot;:&quot;classic&quot;}\">\n\t\t<div class=\"elementor-element elementor-element-5dd9fe5 e-con-full e-flex e-con e-child\" data-id=\"5dd9fe5\" data-element_type=\"container\" data-e-type=\"container\">\n\t\t\t\t<div class=\"elementor-element elementor-element-9f717b8 at-heading-animation at-animation-heading-style-3 elementor-widget elementor-widget-heading\" data-id=\"9f717b8\" data-element_type=\"widget\" data-e-type=\"widget\" data-settings=\"{&quot;ekit_we_effect_on&quot;:&quot;none&quot;}\" data-widget_type=\"heading.default\">\n\t\t\t\t<div class=\"elementor-widget-container\">\n\t\t\t\t\t<h3 class=\"elementor-heading-title elementor-size-default\">La n\u00e9cessit\u00e9 de mener davantage de recherches\n<\/h3>\t\t\t\t<\/div>\n\t\t\t\t<\/div>\n\t\t\t\t<div class=\"elementor-element elementor-element-5b18e13 elementor-invisible elementor-widget elementor-widget-text-editor\" data-id=\"5b18e13\" data-element_type=\"widget\" data-e-type=\"widget\" data-settings=\"{&quot;_animation&quot;:&quot;fadeInUp&quot;,&quot;ekit_we_effect_on&quot;:&quot;none&quot;}\" data-widget_type=\"text-editor.default\">\n\t\t\t\t<div class=\"elementor-widget-container\">\n\t\t\t\t\t\t\t\t\t<p>Les r\u00e9seaux sociaux sont devenus un \u00e9l\u00e9ment incontournable de la vie moderne. Il est n\u00e9cessaire de mener davantage de recherches scientifiques afin d&rsquo;\u00e9valuer la contribution des interventions chirurgicales telles que la rhinoplastie \u00e0 la qualit\u00e9 de vie des individus et de mieux comprendre le r\u00f4le des r\u00e9seaux sociaux dans ces processus. <\/p><p>Les approches fond\u00e9es sur des informations correctes concernant la chirurgie esth\u00e9tique du nez jouent un r\u00f4le important dans la satisfaction des attentes des individus en mati\u00e8re de chirurgie esth\u00e9tique et dans l&rsquo;\u00e9limination des pr\u00e9jug\u00e9s sociaux.<\/p>\t\t\t\t\t\t\t\t<\/div>\n\t\t\t\t<\/div>\n\t\t\t\t<\/div>\n\t\t\t\t<\/div>\n\t\t\t\t\t<\/div>\n\t\t\t\t<\/div>\n\t\t\t\t<\/div>\n\t\t","protected":false},"excerpt":{"rendered":"<p>La rhinoplastie est l&rsquo;une des applications les plus appr\u00e9ci\u00e9es de la chirurgie [&hellip;]<\/p>\n","protected":false},"author":1,"featured_media":26523,"comment_status":"closed","ping_status":"closed","sticky":false,"template":"","format":"standard","meta":{"footnotes":""},"categories":[74,75,77],"tags":[],"class_list":["post-23761","post","type-post","status-publish","format-standard","has-post-thumbnail","hentry","category-articles-fr","category-chirurgie-esthetique-du-nez","category-esthetique-corporelle"],"_links":{"self":[{"href":"https:\/\/www.guncelozturk.com\/fr\/wp-json\/wp\/v2\/posts\/23761","targetHints":{"allow":["GET"]}}],"collection":[{"href":"https:\/\/www.guncelozturk.com\/fr\/wp-json\/wp\/v2\/posts"}],"about":[{"href":"https:\/\/www.guncelozturk.com\/fr\/wp-json\/wp\/v2\/types\/post"}],"author":[{"embeddable":true,"href":"https:\/\/www.guncelozturk.com\/fr\/wp-json\/wp\/v2\/users\/1"}],"replies":[{"embeddable":true,"href":"https:\/\/www.guncelozturk.com\/fr\/wp-json\/wp\/v2\/comments?post=23761"}],"version-history":[{"count":2,"href":"https:\/\/www.guncelozturk.com\/fr\/wp-json\/wp\/v2\/posts\/23761\/revisions"}],"predecessor-version":[{"id":26641,"href":"https:\/\/www.guncelozturk.com\/fr\/wp-json\/wp\/v2\/posts\/23761\/revisions\/26641"}],"wp:featuredmedia":[{"embeddable":true,"href":"https:\/\/www.guncelozturk.com\/fr\/wp-json\/wp\/v2\/media\/26523"}],"wp:attachment":[{"href":"https:\/\/www.guncelozturk.com\/fr\/wp-json\/wp\/v2\/media?parent=23761"}],"wp:term":[{"taxonomy":"category","embeddable":true,"href":"https:\/\/www.guncelozturk.com\/fr\/wp-json\/wp\/v2\/categories?post=23761"},{"taxonomy":"post_tag","embeddable":true,"href":"https:\/\/www.guncelozturk.com\/fr\/wp-json\/wp\/v2\/tags?post=23761"}],"curies":[{"name":"wp","href":"https:\/\/api.w.org\/{rel}","templated":true}]}}