{"id":23879,"date":"2025-03-22T11:03:29","date_gmt":"2025-03-22T11:03:29","guid":{"rendered":"http:\/\/guncelozturk.prdioweb.com\/non-categorise\/les-raisons-les-plus-courantes-de-la-chirurgie-esthetique-du-nez-raisons-esthetiques-et-medicales\/"},"modified":"2025-09-12T13:09:37","modified_gmt":"2025-09-12T13:09:37","slug":"les-raisons-les-plus-courantes-de-la-chirurgie-esthetique-du-nez-raisons-esthetiques-et-medicales","status":"publish","type":"post","link":"https:\/\/www.guncelozturk.com\/fr\/les-raisons-les-plus-courantes-de-la-chirurgie-esthetique-du-nez-raisons-esthetiques-et-medicales\/","title":{"rendered":"Les raisons les plus courantes de la chirurgie esth\u00e9tique du nez : raisons esth\u00e9tiques et m\u00e9dicales"},"content":{"rendered":"\t\t<div data-elementor-type=\"wp-post\" data-elementor-id=\"23879\" class=\"elementor elementor-23879 elementor-14646\" data-elementor-post-type=\"post\">\n\t\t\t\t<div class=\"elementor-element elementor-element-62269e9 e-flex e-con-boxed e-con e-parent\" data-id=\"62269e9\" data-element_type=\"container\" data-e-type=\"container\">\n\t\t\t\t\t<div class=\"e-con-inner\">\n\t\t<div class=\"elementor-element elementor-element-e60f737 e-con-full bg-section v2 e-flex e-con e-child\" data-id=\"e60f737\" data-element_type=\"container\" data-e-type=\"container\" data-settings=\"{&quot;background_background&quot;:&quot;classic&quot;}\">\n\t\t<div class=\"elementor-element elementor-element-08296e3 e-con-full e-flex e-con e-child\" data-id=\"08296e3\" data-element_type=\"container\" data-e-type=\"container\">\n\t\t\t\t<div class=\"elementor-element elementor-element-2795599 elementor-invisible elementor-widget elementor-widget-text-editor\" data-id=\"2795599\" data-element_type=\"widget\" data-e-type=\"widget\" data-settings=\"{&quot;_animation&quot;:&quot;fadeInUp&quot;,&quot;ekit_we_effect_on&quot;:&quot;none&quot;}\" data-widget_type=\"text-editor.default\">\n\t\t\t\t<div class=\"elementor-widget-container\">\n\t\t\t\t\t\t\t\t\t<p><a href=\"https:\/\/www.guncelozturk.com\/fr\/esthetique-du-nez\/\">La chirurgie esth\u00e9tique<\/a> du nez est l&rsquo;une des interventions chirurgicales esth\u00e9tiques les plus populaires ces derni\u00e8res ann\u00e9es. Le nez joue un r\u00f4le esth\u00e9tique important car il est situ\u00e9 au centre du visage et est directement visible. Cependant, la chirurgie esth\u00e9tique du nez n&rsquo;est pas seulement li\u00e9e \u00e0 l&rsquo;apparence ; la chirurgie esth\u00e9tique du nez pour des raisons m\u00e9dicales est \u00e9galement tr\u00e8s courante. Quelles sont les raisons les plus courantes pour subir une chirurgie esth\u00e9tique du nez ?   <\/p>\t\t\t\t\t\t\t\t<\/div>\n\t\t\t\t<\/div>\n\t\t\t\t<\/div>\n\t\t<div class=\"elementor-element elementor-element-a99157c e-con-full e-flex e-con e-child\" data-id=\"a99157c\" data-element_type=\"container\" data-e-type=\"container\" data-settings=\"{&quot;background_background&quot;:&quot;classic&quot;}\">\n\t\t\t\t<div class=\"elementor-element elementor-element-05276e8 at-image-animation at-animation-image-none elementor-widget elementor-widget-image\" data-id=\"05276e8\" data-element_type=\"widget\" data-e-type=\"widget\" data-settings=\"{&quot;ekit_we_effect_on&quot;:&quot;none&quot;}\" data-widget_type=\"image.default\">\n\t\t\t\t<div class=\"elementor-widget-container\">\n\t\t\t\t\t\t\t\t\t\t\t\t\t\t\t<img fetchpriority=\"high\" decoding=\"async\" width=\"225\" height=\"225\" src=\"https:\/\/www.guncelozturk.com\/wp-content\/uploads\/2025\/03\/images.webp\" class=\"attachment-full size-full wp-image-23880\" alt=\"\" srcset=\"https:\/\/www.guncelozturk.com\/wp-content\/uploads\/2025\/03\/images.webp 225w, https:\/\/www.guncelozturk.com\/wp-content\/uploads\/2025\/03\/images-150x150.webp 150w\" sizes=\"(max-width: 225px) 100vw, 225px\" title=\"\">\t\t\t\t\t\t\t\t\t\t\t\t\t\t\t<\/div>\n\t\t\t\t<\/div>\n\t\t\t\t<\/div>\n\t\t\t\t<\/div>\n\t\t<div class=\"elementor-element elementor-element-9305bf6 e-con-full bg-section v2 e-flex e-con e-child\" data-id=\"9305bf6\" data-element_type=\"container\" data-e-type=\"container\" data-settings=\"{&quot;background_background&quot;:&quot;classic&quot;}\">\n\t\t<div class=\"elementor-element elementor-element-da222db e-con-full e-flex e-con e-child\" data-id=\"da222db\" data-element_type=\"container\" data-e-type=\"container\">\n\t\t\t\t<div class=\"elementor-element elementor-element-2c66c78 at-heading-animation at-animation-heading-style-3 elementor-widget elementor-widget-heading\" data-id=\"2c66c78\" data-element_type=\"widget\" data-e-type=\"widget\" data-settings=\"{&quot;ekit_we_effect_on&quot;:&quot;none&quot;}\" data-widget_type=\"heading.default\">\n\t\t\t\t<div class=\"elementor-widget-container\">\n\t\t\t\t\t<h5 class=\"elementor-heading-title elementor-size-default\">1. Raisons m\u00e9dicales : M\u00e9decine nasale et sant\u00e9\n<\/h5>\t\t\t\t<\/div>\n\t\t\t\t<\/div>\n\t\t\t\t<div class=\"elementor-element elementor-element-ea145f4 elementor-invisible elementor-widget elementor-widget-text-editor\" data-id=\"ea145f4\" data-element_type=\"widget\" data-e-type=\"widget\" data-settings=\"{&quot;_animation&quot;:&quot;fadeInUp&quot;,&quot;ekit_we_effect_on&quot;:&quot;none&quot;}\" data-widget_type=\"text-editor.default\">\n\t\t\t\t<div class=\"elementor-widget-container\">\n\t\t\t\t\t\t\t\t\t<p>La chirurgie esth\u00e9tique du nez n&rsquo;est pas seulement pratiqu\u00e9e pour des raisons esth\u00e9tiques, mais aussi pour traiter des probl\u00e8mes m\u00e9dicaux. L&rsquo;une des causes m\u00e9dicales les plus courantes est la d\u00e9viation de la cloison nasale, qui se trouve \u00e0 l&rsquo;int\u00e9rieur du nez et r<strong>end la respirat<\/strong>ion difficile. La cloison nasale est une structure compos\u00e9e de cartilage et d&rsquo;os qui s\u00e9pare les parties droite et gauche de la cavit\u00e9 nasale. Si la cloison nasale est courb\u00e9e ou d\u00e9form\u00e9e, cela emp\u00eache de respirer confortablement par le nez. Cette situation touche une grande partie de la population mondiale.    <\/p><p>La chirurgie visant \u00e0 corriger la d\u00e9viation du septum nasal est <strong>appel\u00e9e septoplasti<\/strong>e. La septoplastie est g\u00e9n\u00e9ralement pratiqu\u00e9e apr\u00e8s l&rsquo;\u00e2ge de 18 ans et permet aux patients de respirer beaucoup plus facilement apr\u00e8s l&rsquo;op\u00e9ration. Outre la facilit\u00e9 de respiration, cette op\u00e9ration peut \u00e9galement r\u00e9duire le ronflement chez certains patients. Une fonction respiratoire saine peut am\u00e9liorer consid\u00e9rablement la qualit\u00e9 de vie d&rsquo;une personne.   <\/p>\t\t\t\t\t\t\t\t<\/div>\n\t\t\t\t<\/div>\n\t\t\t\t<\/div>\n\t\t\t\t<\/div>\n\t\t<div class=\"elementor-element elementor-element-ea36163 e-con-full bg-section v2 e-flex e-con e-child\" data-id=\"ea36163\" data-element_type=\"container\" data-e-type=\"container\" data-settings=\"{&quot;background_background&quot;:&quot;classic&quot;}\">\n\t\t<div class=\"elementor-element elementor-element-cd27448 e-con-full e-flex e-con e-child\" data-id=\"cd27448\" data-element_type=\"container\" data-e-type=\"container\">\n\t\t\t\t<div class=\"elementor-element elementor-element-1b0b9c7 at-heading-animation at-animation-heading-style-3 elementor-widget elementor-widget-heading\" data-id=\"1b0b9c7\" data-element_type=\"widget\" data-e-type=\"widget\" data-settings=\"{&quot;ekit_we_effect_on&quot;:&quot;none&quot;}\" data-widget_type=\"heading.default\">\n\t\t\t\t<div class=\"elementor-widget-container\">\n\t\t\t\t\t<h5 class=\"elementor-heading-title elementor-size-default\">2. R\u00e9paration du nez apr\u00e8s un accident : \u00e9limination des cicatrices sur le visage\n<\/h5>\t\t\t\t<\/div>\n\t\t\t\t<\/div>\n\t\t\t\t<div class=\"elementor-element elementor-element-3cdd8dd elementor-invisible elementor-widget elementor-widget-text-editor\" data-id=\"3cdd8dd\" data-element_type=\"widget\" data-e-type=\"widget\" data-settings=\"{&quot;_animation&quot;:&quot;fadeInUp&quot;,&quot;ekit_we_effect_on&quot;:&quot;none&quot;}\" data-widget_type=\"text-editor.default\">\n\t\t\t\t<div class=\"elementor-widget-container\">\n\t\t\t\t\t\t\t\t\t<p>Le nez, situ\u00e9 au centre du visage, est un organe qui peut souvent \u00eatre endommag\u00e9 \u00e0 la suite d&rsquo;accidents. Les accidents de la route, les chocs ou les chutes lors de la pratique d&rsquo;un sport peuvent entra\u00eener des fractures des os du nez. Les fractures du nez sont une autre cause fr\u00e9quente de chirurgie esth\u00e9tique. Les sportifs, les amateurs de sports extr\u00eames ou les personnes pratiquant une activit\u00e9 physique sont particuli\u00e8rement expos\u00e9s \u00e0 ce type d&rsquo;accidents.   <\/p><p>Les fractures du nez peuvent \u00eatre trait\u00e9es, mais la dur\u00e9e du traitement est importante. Si une fracture du nez est trait\u00e9e dans les deux semaines suivant l&rsquo;accident, les r\u00e9sultats sont g\u00e9n\u00e9ralement positifs. Le traitement et la correction esth\u00e9tique d&rsquo;une fracture du nez peuvent am\u00e9liorer \u00e0 la fois l&rsquo;apparence physique et la sant\u00e9 psychologique de la personne.  <\/p><p><a href=\"http:\/\/guncelozturk.prdioweb.com\/fr\/esthetique-du-nez\/\" target=\"_blank\" rel=\"noopener\">Apr\u00e8s une rhinoplastie, <\/a>les patients peuvent avoir l&rsquo;impression que leur nez est beaucoup plus solide qu&rsquo;auparavant. Cependant, il y a certains points \u00e0 prendre en compte pendant le processus de gu\u00e9rison. En particulier apr\u00e8s l&rsquo;op\u00e9ration, tout choc ou pression exerc\u00e9 sur le nez peut avoir un effet n\u00e9gatif sur le processus de gu\u00e9rison. Il est donc tr\u00e8s important d&rsquo;\u00eatre prudent apr\u00e8s l&rsquo;op\u00e9ration et d&rsquo;\u00e9viter tout mouvement inutile.   <\/p>\t\t\t\t\t\t\t\t<\/div>\n\t\t\t\t<\/div>\n\t\t\t\t<\/div>\n\t\t\t\t<\/div>\n\t\t<div class=\"elementor-element elementor-element-2eab959 e-con-full bg-section v2 e-flex e-con e-child\" data-id=\"2eab959\" data-element_type=\"container\" data-e-type=\"container\" data-settings=\"{&quot;background_background&quot;:&quot;classic&quot;}\">\n\t\t<div class=\"elementor-element elementor-element-bfd52a1 e-con-full e-flex e-con e-child\" data-id=\"bfd52a1\" data-element_type=\"container\" data-e-type=\"container\">\n\t\t\t\t<div class=\"elementor-element elementor-element-2cc5117 at-heading-animation at-animation-heading-style-3 elementor-widget elementor-widget-heading\" data-id=\"2cc5117\" data-element_type=\"widget\" data-e-type=\"widget\" data-settings=\"{&quot;ekit_we_effect_on&quot;:&quot;none&quot;}\" data-widget_type=\"heading.default\">\n\t\t\t\t<div class=\"elementor-widget-container\">\n\t\t\t\t\t<h5 class=\"elementor-heading-title elementor-size-default\">3. Rhinoplastie pour des raisons esth\u00e9tiques : la recherche du nez id\u00e9al\n<\/h5>\t\t\t\t<\/div>\n\t\t\t\t<\/div>\n\t\t\t\t<div class=\"elementor-element elementor-element-f83ba4d elementor-invisible elementor-widget elementor-widget-text-editor\" data-id=\"f83ba4d\" data-element_type=\"widget\" data-e-type=\"widget\" data-settings=\"{&quot;_animation&quot;:&quot;fadeInUp&quot;,&quot;ekit_we_effect_on&quot;:&quot;none&quot;}\" data-widget_type=\"text-editor.default\">\n\t\t\t\t<div class=\"elementor-widget-container\">\n\t\t\t\t\t\t\t\t\t<p>Le nez est l&rsquo;un des organes les plus remarquables du visage et certaines personnes peuvent parfois ne pas \u00eatre satisfaites de la forme ou de la taille de leur nez. La chirurgie esth\u00e9tique du nez vise \u00e0 harmoniser l&rsquo;ensemble du visage gr\u00e2ce \u00e0 des interventions chirurgicales \u00e0 vis\u00e9e purement esth\u00e9tique. Le nez peut parfois \u00eatre trop grand, parfois trop petit. De plus, les bosses sur le nez peuvent \u00eatre source de pr\u00e9occupations esth\u00e9tiques. D&rsquo;un point de vue esth\u00e9tique, le nez id\u00e9al doit \u00eatre harmonieux avec le visage, sym\u00e9trique et naturel.    <\/p><p>De nombreux patients peuvent obtenir une forme de nez plus esth\u00e9tique et naturelle gr\u00e2ce \u00e0 la chirurgie esth\u00e9tique du nez. Ce type d&rsquo;op\u00e9ration esth\u00e9tique ne se contente pas de modifier l&rsquo;apparence du nez, mais peut \u00e9galement renforcer la confiance en soi. Cependant, il est important d&rsquo;avoir des attentes r\u00e9alistes quant aux r\u00e9sultats qui seront obtenus apr\u00e8s une chirurgie esth\u00e9tique du nez. Il ne faut pas oublier que si la chirurgie esth\u00e9tique du nez apporte un b\u00e9n\u00e9fice esth\u00e9tique \u00e0 une personne, elle peut ne pas avoir le m\u00eame effet sur une autre.   <\/p><p>Avant l&rsquo;op\u00e9ration, vous devez discuter en d\u00e9tail avec votre m\u00e9decin afin de d\u00e9cider des interventions qui seront pratiqu\u00e9es. Dans le cadre d&rsquo;une chirurgie esth\u00e9tique du nez, les modifications apport\u00e9es doivent \u00eatre en harmonie avec les traits de votre visage. Le nez \u00e9tant l&rsquo;un des \u00e9l\u00e9ments les plus importants du visage, m\u00eame une petite modification peut faire une grande diff\u00e9rence.  <\/p><p><strong>En conclusion, la chirurgie<\/strong> esth\u00e9tique du nez est une intervention chirurgicale qui peut \u00eatre choisie pour des raisons esth\u00e9tiques et m\u00e9dicales. La chirurgie esth\u00e9tique du nez peut am\u00e9liorer non seulement votre apparence physique, mais aussi votre sant\u00e9. La r\u00e9alisation correcte de ce type d&rsquo;op\u00e9ration et le respect du processus de gu\u00e9rison par les patients permettent d&rsquo;obtenir des r\u00e9sultats plus sains et plus esth\u00e9tiques \u00e0 long terme. Il est utile de consulter un chirurgien esth\u00e9tique exp\u00e9riment\u00e9 pour obtenir plus d&rsquo;informations sur la chirurgie esth\u00e9tique du nez et b\u00e9n\u00e9ficier d&rsquo;une \u00e9valuation personnalis\u00e9e.   <\/p>\t\t\t\t\t\t\t\t<\/div>\n\t\t\t\t<\/div>\n\t\t\t\t<\/div>\n\t\t\t\t<\/div>\n\t\t\t\t\t<\/div>\n\t\t\t\t<\/div>\n\t\t\t\t<\/div>\n\t\t","protected":false},"excerpt":{"rendered":"<p>La chirurgie esth\u00e9tique du nez est l&rsquo;une des interventions chirurgicales esth\u00e9tiques les [&hellip;]<\/p>\n","protected":false},"author":1,"featured_media":26467,"comment_status":"closed","ping_status":"closed","sticky":false,"template":"","format":"standard","meta":{"footnotes":""},"categories":[74,75,77],"tags":[],"class_list":["post-23879","post","type-post","status-publish","format-standard","has-post-thumbnail","hentry","category-articles-fr","category-chirurgie-esthetique-du-nez","category-esthetique-corporelle"],"_links":{"self":[{"href":"https:\/\/www.guncelozturk.com\/fr\/wp-json\/wp\/v2\/posts\/23879","targetHints":{"allow":["GET"]}}],"collection":[{"href":"https:\/\/www.guncelozturk.com\/fr\/wp-json\/wp\/v2\/posts"}],"about":[{"href":"https:\/\/www.guncelozturk.com\/fr\/wp-json\/wp\/v2\/types\/post"}],"author":[{"embeddable":true,"href":"https:\/\/www.guncelozturk.com\/fr\/wp-json\/wp\/v2\/users\/1"}],"replies":[{"embeddable":true,"href":"https:\/\/www.guncelozturk.com\/fr\/wp-json\/wp\/v2\/comments?post=23879"}],"version-history":[{"count":2,"href":"https:\/\/www.guncelozturk.com\/fr\/wp-json\/wp\/v2\/posts\/23879\/revisions"}],"predecessor-version":[{"id":26648,"href":"https:\/\/www.guncelozturk.com\/fr\/wp-json\/wp\/v2\/posts\/23879\/revisions\/26648"}],"wp:featuredmedia":[{"embeddable":true,"href":"https:\/\/www.guncelozturk.com\/fr\/wp-json\/wp\/v2\/media\/26467"}],"wp:attachment":[{"href":"https:\/\/www.guncelozturk.com\/fr\/wp-json\/wp\/v2\/media?parent=23879"}],"wp:term":[{"taxonomy":"category","embeddable":true,"href":"https:\/\/www.guncelozturk.com\/fr\/wp-json\/wp\/v2\/categories?post=23879"},{"taxonomy":"post_tag","embeddable":true,"href":"https:\/\/www.guncelozturk.com\/fr\/wp-json\/wp\/v2\/tags?post=23879"}],"curies":[{"name":"wp","href":"https:\/\/api.w.org\/{rel}","templated":true}]}}