{"id":24038,"date":"2025-03-11T11:53:43","date_gmt":"2025-03-11T11:53:43","guid":{"rendered":"http:\/\/guncelozturk.prdioweb.com\/non-categorise\/4-points-importants-pour-une-bonne-esthetique-du-nez\/"},"modified":"2025-09-12T14:20:17","modified_gmt":"2025-09-12T14:20:17","slug":"4-points-importants-pour-une-bonne-esthetique-du-nez","status":"publish","type":"post","link":"https:\/\/www.guncelozturk.com\/fr\/4-points-importants-pour-une-bonne-esthetique-du-nez\/","title":{"rendered":"4 points importants pour une bonne esth\u00e9tique du nez"},"content":{"rendered":"\t\t<div data-elementor-type=\"wp-post\" data-elementor-id=\"24038\" class=\"elementor elementor-24038 elementor-14749\" data-elementor-post-type=\"post\">\n\t\t\t\t<div class=\"elementor-element elementor-element-62269e9 e-flex e-con-boxed e-con e-parent\" data-id=\"62269e9\" data-element_type=\"container\" data-e-type=\"container\">\n\t\t\t\t\t<div class=\"e-con-inner\">\n\t\t<div class=\"elementor-element elementor-element-e60f737 e-con-full bg-section v2 e-flex e-con e-child\" data-id=\"e60f737\" data-element_type=\"container\" data-e-type=\"container\" data-settings=\"{&quot;background_background&quot;:&quot;classic&quot;}\">\n\t\t<div class=\"elementor-element elementor-element-08296e3 e-con-full e-flex e-con e-child\" data-id=\"08296e3\" data-element_type=\"container\" data-e-type=\"container\">\n\t\t\t\t<div class=\"elementor-element elementor-element-2795599 elementor-invisible elementor-widget elementor-widget-text-editor\" data-id=\"2795599\" data-element_type=\"widget\" data-e-type=\"widget\" data-settings=\"{&quot;_animation&quot;:&quot;fadeInUp&quot;,&quot;ekit_we_effect_on&quot;:&quot;none&quot;}\" data-widget_type=\"text-editor.default\">\n\t\t\t\t<div class=\"elementor-widget-container\">\n\t\t\t\t\t\t\t\t\t<p class=\"p1\"><span class=\"s1\">La chirurgie esth\u00e9tique du nez est l&rsquo;une des interventions chirurgicales esth\u00e9tiques les plus demand\u00e9es, tant chez les femmes que chez les hommes. Cela s&rsquo;explique par le fait que le nez se trouve au centre du visage et qu&rsquo;il en est donc le point focal. C&rsquo;est pourquoi les nez trop grands, courb\u00e9s ou aquilins peuvent entra\u00eener des probl\u00e8mes de confiance en soi.  <\/span><\/p><p class=\"p1\"><span class=\"s1\">Au lieu de vous rendre chez votre m\u00e9decin avec la photo d&rsquo;une c\u00e9l\u00e9brit\u00e9 dont vous aimez beaucoup le nez, il y a quatre points importants \u00e0 prendre en compte pour que les op\u00e9rations esth\u00e9tiques du nez puissent \u00eatre qualifi\u00e9es de \u00ab bonnes \u00bb :<\/span><\/p>\t\t\t\t\t\t\t\t<\/div>\n\t\t\t\t<\/div>\n\t\t<div class=\"elementor-element elementor-element-a99157c e-con-full e-flex e-con e-child\" data-id=\"a99157c\" data-element_type=\"container\" data-e-type=\"container\" data-settings=\"{&quot;background_background&quot;:&quot;classic&quot;}\">\n\t\t\t\t<div class=\"elementor-element elementor-element-05276e8 at-image-animation at-animation-image-none elementor-widget elementor-widget-image\" data-id=\"05276e8\" data-element_type=\"widget\" data-e-type=\"widget\" data-settings=\"{&quot;ekit_we_effect_on&quot;:&quot;none&quot;}\" data-widget_type=\"image.default\">\n\t\t\t\t<div class=\"elementor-widget-container\">\n\t\t\t\t\t\t\t\t\t\t\t\t\t\t\t<img fetchpriority=\"high\" decoding=\"async\" width=\"305\" height=\"400\" src=\"https:\/\/www.guncelozturk.com\/wp-content\/uploads\/2025\/03\/burun-estetigi-1.webp\" class=\"attachment-full size-full wp-image-24040\" alt=\"\" srcset=\"https:\/\/www.guncelozturk.com\/wp-content\/uploads\/2025\/03\/burun-estetigi-1.webp 305w, https:\/\/www.guncelozturk.com\/wp-content\/uploads\/2025\/03\/burun-estetigi-1-229x300.webp 229w\" sizes=\"(max-width: 305px) 100vw, 305px\" title=\"\">\t\t\t\t\t\t\t\t\t\t\t\t\t\t\t<\/div>\n\t\t\t\t<\/div>\n\t\t\t\t<\/div>\n\t\t\t\t<\/div>\n\t\t\t\t<\/div>\n\t\t<div class=\"elementor-element elementor-element-9305bf6 e-con-full bg-section v2 e-flex e-con e-child\" data-id=\"9305bf6\" data-element_type=\"container\" data-e-type=\"container\" data-settings=\"{&quot;background_background&quot;:&quot;classic&quot;}\">\n\t\t<div class=\"elementor-element elementor-element-da222db e-con-full e-flex e-con e-child\" data-id=\"da222db\" data-element_type=\"container\" data-e-type=\"container\">\n\t\t\t\t<div class=\"elementor-element elementor-element-2c66c78 at-heading-animation at-animation-heading-style-3 elementor-widget elementor-widget-heading\" data-id=\"2c66c78\" data-element_type=\"widget\" data-e-type=\"widget\" data-settings=\"{&quot;ekit_we_effect_on&quot;:&quot;none&quot;}\" data-widget_type=\"heading.default\">\n\t\t\t\t<div class=\"elementor-widget-container\">\n\t\t\t\t\t<h2 class=\"elementor-heading-title elementor-size-default\">1. \u00c9tat psychologique\n<\/h2>\t\t\t\t<\/div>\n\t\t\t\t<\/div>\n\t\t\t\t<div class=\"elementor-element elementor-element-ea145f4 elementor-invisible elementor-widget elementor-widget-text-editor\" data-id=\"ea145f4\" data-element_type=\"widget\" data-e-type=\"widget\" data-settings=\"{&quot;_animation&quot;:&quot;fadeInUp&quot;,&quot;ekit_we_effect_on&quot;:&quot;none&quot;}\" data-widget_type=\"text-editor.default\">\n\t\t\t\t<div class=\"elementor-widget-container\">\n\t\t\t\t\t\t\t\t\t<p class=\"p1\"><span class=\"s1\">Vous devez expliquer clairement \u00e0 votre m\u00e9decin vos sympt\u00f4mes et ce que vous souhaitez. Cette op\u00e9ration comprend \u00e9galement un processus pr\u00e9op\u00e9ratoire au cours duquel tout ce que vous devez savoir est discut\u00e9 et vous devez vous pr\u00e9parer psychologiquement. <\/span><\/p>\t\t\t\t\t\t\t\t<\/div>\n\t\t\t\t<\/div>\n\t\t\t\t<\/div>\n\t\t\t\t<\/div>\n\t\t<div class=\"elementor-element elementor-element-77a5565 e-con-full bg-section v2 e-flex e-con e-child\" data-id=\"77a5565\" data-element_type=\"container\" data-e-type=\"container\" data-settings=\"{&quot;background_background&quot;:&quot;classic&quot;}\">\n\t\t<div class=\"elementor-element elementor-element-9ba3dd3 e-con-full e-flex e-con e-child\" data-id=\"9ba3dd3\" data-element_type=\"container\" data-e-type=\"container\">\n\t\t\t\t<div class=\"elementor-element elementor-element-816738c at-heading-animation at-animation-heading-style-3 elementor-widget elementor-widget-heading\" data-id=\"816738c\" data-element_type=\"widget\" data-e-type=\"widget\" data-settings=\"{&quot;ekit_we_effect_on&quot;:&quot;none&quot;}\" data-widget_type=\"heading.default\">\n\t\t\t\t<div class=\"elementor-widget-container\">\n\t\t\t\t\t<h2 class=\"elementor-heading-title elementor-size-default\">2. Un nez qui vous va bien\n<\/h2>\t\t\t\t<\/div>\n\t\t\t\t<\/div>\n\t\t\t\t<div class=\"elementor-element elementor-element-d9b96e1 elementor-invisible elementor-widget elementor-widget-text-editor\" data-id=\"d9b96e1\" data-element_type=\"widget\" data-e-type=\"widget\" data-settings=\"{&quot;_animation&quot;:&quot;fadeInUp&quot;,&quot;ekit_we_effect_on&quot;:&quot;none&quot;}\" data-widget_type=\"text-editor.default\">\n\t\t\t\t<div class=\"elementor-widget-container\">\n\t\t\t\t\t\t\t\t\t<p class=\"p1\"><span class=\"s1\">Vous pouvez beaucoup aimer le nez d&rsquo;une personne. Mais \u00eates-vous s\u00fbr que ce nez vous ira bien ? En mati\u00e8re d&rsquo;esth\u00e9tique du nez, l&rsquo;objectif de votre m\u00e9decin est de concevoir la forme de nez qui vous ira le mieux et qui vous permettra de respirer correctement. Il est recommand\u00e9 de visualiser sur ordinateur le nez que votre m\u00e9decin a con\u00e7u pour vous \u00e0 l&rsquo;aide d&rsquo;appareils de conception 3D.   <\/span><\/p>\t\t\t\t\t\t\t\t<\/div>\n\t\t\t\t<\/div>\n\t\t\t\t<\/div>\n\t\t\t\t<\/div>\n\t\t<div class=\"elementor-element elementor-element-0580b2e e-con-full bg-section v2 e-flex e-con e-child\" data-id=\"0580b2e\" data-element_type=\"container\" data-e-type=\"container\" data-settings=\"{&quot;background_background&quot;:&quot;classic&quot;}\">\n\t\t<div class=\"elementor-element elementor-element-54b7bc7 e-con-full e-flex e-con e-child\" data-id=\"54b7bc7\" data-element_type=\"container\" data-e-type=\"container\">\n\t\t\t\t<div class=\"elementor-element elementor-element-62209a6 at-heading-animation at-animation-heading-style-3 elementor-widget elementor-widget-heading\" data-id=\"62209a6\" data-element_type=\"widget\" data-e-type=\"widget\" data-settings=\"{&quot;ekit_we_effect_on&quot;:&quot;none&quot;}\" data-widget_type=\"heading.default\">\n\t\t\t\t<div class=\"elementor-widget-container\">\n\t\t\t\t\t<h2 class=\"elementor-heading-title elementor-size-default\">3. Une bonne respiration\n<\/h2>\t\t\t\t<\/div>\n\t\t\t\t<\/div>\n\t\t\t\t<div class=\"elementor-element elementor-element-2885063 elementor-invisible elementor-widget elementor-widget-text-editor\" data-id=\"2885063\" data-element_type=\"widget\" data-e-type=\"widget\" data-settings=\"{&quot;_animation&quot;:&quot;fadeInUp&quot;,&quot;ekit_we_effect_on&quot;:&quot;none&quot;}\" data-widget_type=\"text-editor.default\">\n\t\t\t\t<div class=\"elementor-widget-container\">\n\t\t\t\t\t\t\t\t\t<p class=\"p1\"><span class=\"s1\">L&rsquo;une des cons\u00e9quences de la d\u00e9viation de votre nez peut \u00eatre une difficult\u00e9 \u00e0 respirer correctement. M\u00eame si vous n&rsquo;en \u00eates pas conscient, vous pouvez avoir des difficult\u00e9s \u00e0 respirer. Votre m\u00e9decin corrigera la forme de votre nez tout en effectuant les interventions n\u00e9cessaires pour vous permettre de respirer plus facilement. Apr\u00e8s une op\u00e9ration du nez r\u00e9ussie, vous pourrez mieux sentir les odeurs et respirer beaucoup plus sainement.   <\/span><\/p>\t\t\t\t\t\t\t\t<\/div>\n\t\t\t\t<\/div>\n\t\t\t\t<\/div>\n\t\t\t\t<\/div>\n\t\t<div class=\"elementor-element elementor-element-9168ce5 e-con-full bg-section v2 e-flex e-con e-child\" data-id=\"9168ce5\" data-element_type=\"container\" data-e-type=\"container\" data-settings=\"{&quot;background_background&quot;:&quot;classic&quot;}\">\n\t\t<div class=\"elementor-element elementor-element-db307f3 e-con-full e-flex e-con e-child\" data-id=\"db307f3\" data-element_type=\"container\" data-e-type=\"container\">\n\t\t\t\t<div class=\"elementor-element elementor-element-91114bb at-heading-animation at-animation-heading-style-3 elementor-widget elementor-widget-heading\" data-id=\"91114bb\" data-element_type=\"widget\" data-e-type=\"widget\" data-settings=\"{&quot;ekit_we_effect_on&quot;:&quot;none&quot;}\" data-widget_type=\"heading.default\">\n\t\t\t\t<div class=\"elementor-widget-container\">\n\t\t\t\t\t<h2 class=\"elementor-heading-title elementor-size-default\">4. \u00catre remarqu\u00e9\n<\/h2>\t\t\t\t<\/div>\n\t\t\t\t<\/div>\n\t\t\t\t<div class=\"elementor-element elementor-element-1ce23ca elementor-invisible elementor-widget elementor-widget-text-editor\" data-id=\"1ce23ca\" data-element_type=\"widget\" data-e-type=\"widget\" data-settings=\"{&quot;_animation&quot;:&quot;fadeInUp&quot;,&quot;ekit_we_effect_on&quot;:&quot;none&quot;}\" data-widget_type=\"text-editor.default\">\n\t\t\t\t<div class=\"elementor-widget-container\">\n\t\t\t\t\t\t\t\t\t<section class=\"l-section height_auto\"><div class=\"l-section-h i-cf\"><p class=\"p1\"><span class=\"s1\">L&rsquo;une des caract\u00e9ristiques d&rsquo;une bonne op\u00e9ration du nez est qu&rsquo;une personne qui vous voit pour la premi\u00e8re fois ne remarque pas que votre nez a subi une intervention esth\u00e9tique. Si les personnes que vous rencontrez pour la premi\u00e8re fois ne remarquent pas que votre nez a subi une intervention chirurgicale, cela signifie que votre m\u00e9decin a fait un excellent travail. <\/span><\/p><\/div><\/section><section class=\"l-section height_auto for_comments\"><div class=\"l-section-h i-cf\"><div class=\"wpdiscuz_top_clearing\"> <\/div><div id=\"comments\" class=\"comments-area\"><div id=\"respond\"> <\/div><div id=\"wpd-post-rating\" class=\"wpd-not-rated\"><div class=\"wpd-rating-wrap\"> <\/div><\/div><\/div><\/div><\/section>\t\t\t\t\t\t\t\t<\/div>\n\t\t\t\t<\/div>\n\t\t\t\t<\/div>\n\t\t\t\t<\/div>\n\t\t\t\t\t<\/div>\n\t\t\t\t<\/div>\n\t\t\t\t<\/div>\n\t\t","protected":false},"excerpt":{"rendered":"<p>La chirurgie esth\u00e9tique du nez est l&rsquo;une des interventions chirurgicales esth\u00e9tiques les [&hellip;]<\/p>\n","protected":false},"author":1,"featured_media":26706,"comment_status":"closed","ping_status":"closed","sticky":false,"template":"","format":"standard","meta":{"footnotes":""},"categories":[74,75],"tags":[],"class_list":["post-24038","post","type-post","status-publish","format-standard","has-post-thumbnail","hentry","category-articles-fr","category-chirurgie-esthetique-du-nez"],"_links":{"self":[{"href":"https:\/\/www.guncelozturk.com\/fr\/wp-json\/wp\/v2\/posts\/24038","targetHints":{"allow":["GET"]}}],"collection":[{"href":"https:\/\/www.guncelozturk.com\/fr\/wp-json\/wp\/v2\/posts"}],"about":[{"href":"https:\/\/www.guncelozturk.com\/fr\/wp-json\/wp\/v2\/types\/post"}],"author":[{"embeddable":true,"href":"https:\/\/www.guncelozturk.com\/fr\/wp-json\/wp\/v2\/users\/1"}],"replies":[{"embeddable":true,"href":"https:\/\/www.guncelozturk.com\/fr\/wp-json\/wp\/v2\/comments?post=24038"}],"version-history":[{"count":1,"href":"https:\/\/www.guncelozturk.com\/fr\/wp-json\/wp\/v2\/posts\/24038\/revisions"}],"predecessor-version":[{"id":24041,"href":"https:\/\/www.guncelozturk.com\/fr\/wp-json\/wp\/v2\/posts\/24038\/revisions\/24041"}],"wp:featuredmedia":[{"embeddable":true,"href":"https:\/\/www.guncelozturk.com\/fr\/wp-json\/wp\/v2\/media\/26706"}],"wp:attachment":[{"href":"https:\/\/www.guncelozturk.com\/fr\/wp-json\/wp\/v2\/media?parent=24038"}],"wp:term":[{"taxonomy":"category","embeddable":true,"href":"https:\/\/www.guncelozturk.com\/fr\/wp-json\/wp\/v2\/categories?post=24038"},{"taxonomy":"post_tag","embeddable":true,"href":"https:\/\/www.guncelozturk.com\/fr\/wp-json\/wp\/v2\/tags?post=24038"}],"curies":[{"name":"wp","href":"https:\/\/api.w.org\/{rel}","templated":true}]}}